{"id":24669,"date":"2024-11-13T16:12:54","date_gmt":"2024-11-13T19:12:54","guid":{"rendered":"https:\/\/pc.sc.gov.br\/?p=24669"},"modified":"2024-11-13T16:13:50","modified_gmt":"2024-11-13T19:13:50","slug":"policia-civil-prende-em-flagrante-autor-de-homicidio-em-canasvieiras-na-capital","status":"publish","type":"post","link":"https:\/\/pc.sc.gov.br\/?p=24669","title":{"rendered":"Pol\u00edcia Civil prende em flagrante autor de homic\u00eddio em Canasvieiras, na Capital"},"content":{"rendered":"\t\t<div data-elementor-type=\"wp-post\" data-elementor-id=\"24669\" class=\"elementor elementor-24669\" data-elementor-post-type=\"post\">\n\t\t\t\t\t\t<section class=\"elementor-section elementor-top-section elementor-element elementor-element-fa7781a elementor-section-boxed elementor-section-height-default elementor-section-height-default\" data-id=\"fa7781a\" data-element_type=\"section\">\n\t\t\t\t\t\t<div class=\"elementor-container elementor-column-gap-default\">\n\t\t\t\t\t<div class=\"elementor-column elementor-col-100 elementor-top-column elementor-element elementor-element-e46d860\" data-id=\"e46d860\" data-element_type=\"column\">\n\t\t\t<div class=\"elementor-widget-wrap elementor-element-populated\">\n\t\t\t\t\t\t<div class=\"elementor-element elementor-element-17c734e elementor-widget elementor-widget-heading\" data-id=\"17c734e\" data-element_type=\"widget\" data-widget_type=\"heading.default\">\n\t\t\t\t<div class=\"elementor-widget-container\">\n\t\t\t\t\t<h2 class=\"elementor-heading-title elementor-size-default\">Pol\u00edcia Civil prende em flagrante autor de homic\u00eddio em Canasvieiras, na Capital \n<\/h2>\t\t\t\t<\/div>\n\t\t\t\t<\/div>\n\t\t\t\t\t<\/div>\n\t\t<\/div>\n\t\t\t\t\t<\/div>\n\t\t<\/section>\n\t\t\t\t<section class=\"elementor-section elementor-top-section elementor-element elementor-element-032c808 elementor-section-boxed elementor-section-height-default elementor-section-height-default\" data-id=\"032c808\" data-element_type=\"section\">\n\t\t\t\t\t\t<div class=\"elementor-container elementor-column-gap-default\">\n\t\t\t\t\t<div class=\"elementor-column elementor-col-100 elementor-top-column elementor-element elementor-element-f8f59f5\" data-id=\"f8f59f5\" data-element_type=\"column\">\n\t\t\t<div class=\"elementor-widget-wrap elementor-element-populated\">\n\t\t\t\t\t\t<div class=\"elementor-element elementor-element-e23fa0c elementor-widget elementor-widget-image\" data-id=\"e23fa0c\" data-element_type=\"widget\" data-widget_type=\"image.default\">\n\t\t\t\t<div class=\"elementor-widget-container\">\n\t\t\t\t\t\t\t\t\t\t\t\t\t\t\t<img fetchpriority=\"high\" decoding=\"async\" width=\"696\" height=\"353\" src=\"https:\/\/pc.sc.gov.br\/\/wp-content\/uploads\/2023\/12\/VIATURA_HOMICIDIOS_CAPITAL.jpg\" class=\"attachment-large size-large wp-image-15721\" alt=\"\" srcset=\"https:\/\/pc.sc.gov.br\/\/wp-content\/uploads\/2023\/12\/VIATURA_HOMICIDIOS_CAPITAL.jpg 704w, https:\/\/pc.sc.gov.br\/\/wp-content\/uploads\/2023\/12\/VIATURA_HOMICIDIOS_CAPITAL-300x152.jpg 300w\" sizes=\"(max-width: 696px) 100vw, 696px\" \/>\t\t\t\t\t\t\t\t\t\t\t\t\t\t\t<\/div>\n\t\t\t\t<\/div>\n\t\t\t\t\t<\/div>\n\t\t<\/div>\n\t\t\t\t\t<\/div>\n\t\t<\/section>\n\t\t\t\t<section class=\"elementor-section elementor-top-section elementor-element elementor-element-50bf632 elementor-section-boxed elementor-section-height-default elementor-section-height-default\" data-id=\"50bf632\" data-element_type=\"section\">\n\t\t\t\t\t\t<div class=\"elementor-container elementor-column-gap-default\">\n\t\t\t\t\t<div class=\"elementor-column elementor-col-100 elementor-top-column elementor-element elementor-element-ce37fb8\" data-id=\"ce37fb8\" data-element_type=\"column\">\n\t\t\t<div class=\"elementor-widget-wrap elementor-element-populated\">\n\t\t\t\t\t\t<div class=\"elementor-element elementor-element-6b0654a elementor-widget elementor-widget-text-editor\" data-id=\"6b0654a\" data-element_type=\"widget\" data-widget_type=\"text-editor.default\">\n\t\t\t\t<div class=\"elementor-widget-container\">\n\t\t\t\t\t\t\t\t\t<p>Nesta quarta-feira (13\/11), a Pol\u00edcia Civil de Santa Catarina, por meio da Delegacia de Homic\u00eddios da Capital, foi acionada pela Equipe de Local de Crime para atendimento de local de homic\u00eddio em Canasvieiras, no Norte da Ilha. Tanto a v\u00edtima como o autor eram pessoas em situa\u00e7\u00e3o de rua e o homic\u00eddio, a princ\u00edpio, teria ocorrido por desaven\u00e7as entre eles.<\/p><p>No local dos fatos, ap\u00f3s realiza\u00e7\u00e3o de per\u00edcia e obten\u00e7\u00e3o de informa\u00e7\u00f5es com comerciantes e testemunhas, foram realizadas buscas pela regi\u00e3o para identificar e prender o suspeito. Ap\u00f3s dilig\u00eancias, obtendo sucesso na identifica\u00e7\u00e3o, foi dada voz de pris\u00e3o ao autor e o homem foi conduzido a CPP da capital para realiza\u00e7\u00e3o do flagrante pela autoridade policial de plant\u00e3o.<\/p><p>\u00c9 importante destacar a atua\u00e7\u00e3o da Delegacia de Homic\u00eddios da Capital, que conduziu as investiga\u00e7\u00f5es com profissionalismo e agilidade, demonstrando seu compromisso em garantir justi\u00e7a e seguran\u00e7a \u00e0 popula\u00e7\u00e3o. A colabora\u00e7\u00e3o entre as diferentes equipes policiais e a comunidade foi fundamental para o sucesso da opera\u00e7\u00e3o.<\/p>\t\t\t\t\t\t\t\t<\/div>\n\t\t\t\t<\/div>\n\t\t\t\t\t<\/div>\n\t\t<\/div>\n\t\t\t\t\t<\/div>\n\t\t<\/section>\n\t\t\t\t<\/div>\n\t\t","protected":false},"excerpt":{"rendered":"<p>Pol\u00edcia Civil prende em flagrante autor de homic\u00eddio em Canasvieiras, na Capital Nesta quarta-feira (13\/11), a Pol\u00edcia Civil de Santa Catarina, por meio da Delegacia de Homic\u00eddios da Capital, foi acionada pela Equipe de Local de Crime para atendimento de local de homic\u00eddio em Canasvieiras, no Norte da Ilha. Tanto a v\u00edtima como o autor [&hellip;]<\/p>\n","protected":false},"author":5,"featured_media":15721,"comment_status":"closed","ping_status":"open","sticky":false,"template":"","format":"standard","meta":{"_monsterinsights_skip_tracking":false,"_monsterinsights_sitenote_active":false,"_monsterinsights_sitenote_note":"","_monsterinsights_sitenote_category":0,"footnotes":""},"categories":[1],"tags":[],"class_list":["post-24669","post","type-post","status-publish","format-standard","has-post-thumbnail","hentry","category-sem-categoria"],"_links":{"self":[{"href":"https:\/\/pc.sc.gov.br\/index.php?rest_route=\/wp\/v2\/posts\/24669","targetHints":{"allow":["GET"]}}],"collection":[{"href":"https:\/\/pc.sc.gov.br\/index.php?rest_route=\/wp\/v2\/posts"}],"about":[{"href":"https:\/\/pc.sc.gov.br\/index.php?rest_route=\/wp\/v2\/types\/post"}],"author":[{"embeddable":true,"href":"https:\/\/pc.sc.gov.br\/index.php?rest_route=\/wp\/v2\/users\/5"}],"replies":[{"embeddable":true,"href":"https:\/\/pc.sc.gov.br\/index.php?rest_route=%2Fwp%2Fv2%2Fcomments&post=24669"}],"version-history":[{"count":4,"href":"https:\/\/pc.sc.gov.br\/index.php?rest_route=\/wp\/v2\/posts\/24669\/revisions"}],"predecessor-version":[{"id":24673,"href":"https:\/\/pc.sc.gov.br\/index.php?rest_route=\/wp\/v2\/posts\/24669\/revisions\/24673"}],"wp:featuredmedia":[{"embeddable":true,"href":"https:\/\/pc.sc.gov.br\/index.php?rest_route=\/wp\/v2\/media\/15721"}],"wp:attachment":[{"href":"https:\/\/pc.sc.gov.br\/index.php?rest_route=%2Fwp%2Fv2%2Fmedia&parent=24669"}],"wp:term":[{"taxonomy":"category","embeddable":true,"href":"https:\/\/pc.sc.gov.br\/index.php?rest_route=%2Fwp%2Fv2%2Fcategories&post=24669"},{"taxonomy":"post_tag","embeddable":true,"href":"https:\/\/pc.sc.gov.br\/index.php?rest_route=%2Fwp%2Fv2%2Ftags&post=24669"}],"curies":[{"name":"wp","href":"https:\/\/api.w.org\/{rel}","templated":true}]}}