{"id":24679,"date":"2024-11-13T16:57:03","date_gmt":"2024-11-13T19:57:03","guid":{"rendered":"https:\/\/pc.sc.gov.br\/?p=24679"},"modified":"2024-11-13T16:59:41","modified_gmt":"2024-11-13T19:59:41","slug":"operacao-munck-pcsc-prf-e-pcrs-unem-forcas-para-desarticular-rede-de-crime-organizado","status":"publish","type":"post","link":"https:\/\/pc.sc.gov.br\/?p=24679","title":{"rendered":"Opera\u00e7\u00e3o Munck: PCSC, PRF e PCRS unem for\u00e7as para desarticular rede de crime organizado"},"content":{"rendered":"\t\t<div data-elementor-type=\"wp-post\" data-elementor-id=\"24679\" class=\"elementor elementor-24679\" data-elementor-post-type=\"post\">\n\t\t\t\t\t\t<section class=\"elementor-section elementor-top-section elementor-element elementor-element-2d6240b elementor-section-boxed elementor-section-height-default elementor-section-height-default\" data-id=\"2d6240b\" data-element_type=\"section\">\n\t\t\t\t\t\t<div class=\"elementor-container elementor-column-gap-default\">\n\t\t\t\t\t<div class=\"elementor-column elementor-col-100 elementor-top-column elementor-element elementor-element-81e7e64\" data-id=\"81e7e64\" data-element_type=\"column\">\n\t\t\t<div class=\"elementor-widget-wrap elementor-element-populated\">\n\t\t\t\t\t\t<div class=\"elementor-element elementor-element-4d7596f elementor-widget elementor-widget-heading\" data-id=\"4d7596f\" data-element_type=\"widget\" data-widget_type=\"heading.default\">\n\t\t\t\t<div class=\"elementor-widget-container\">\n\t\t\t\t\t<h2 class=\"elementor-heading-title elementor-size-default\">Opera\u00e7\u00e3o Munck: PCSC, PRF e PCRS unem for\u00e7as para desarticular rede de crime organizado<\/h2>\t\t\t\t<\/div>\n\t\t\t\t<\/div>\n\t\t\t\t\t<\/div>\n\t\t<\/div>\n\t\t\t\t\t<\/div>\n\t\t<\/section>\n\t\t\t\t<section class=\"elementor-section elementor-top-section elementor-element elementor-element-49eaa2e elementor-section-boxed elementor-section-height-default elementor-section-height-default\" data-id=\"49eaa2e\" data-element_type=\"section\">\n\t\t\t\t\t\t<div class=\"elementor-container elementor-column-gap-default\">\n\t\t\t\t\t<div class=\"elementor-column elementor-col-100 elementor-top-column elementor-element elementor-element-7f5e888\" data-id=\"7f5e888\" data-element_type=\"column\">\n\t\t\t<div class=\"elementor-widget-wrap elementor-element-populated\">\n\t\t\t\t\t\t<div class=\"elementor-element elementor-element-2ab2a4a elementor-widget elementor-widget-image\" data-id=\"2ab2a4a\" data-element_type=\"widget\" data-widget_type=\"image.default\">\n\t\t\t\t<div class=\"elementor-widget-container\">\n\t\t\t\t\t\t\t\t\t\t\t\t\t\t\t<img fetchpriority=\"high\" decoding=\"async\" width=\"696\" height=\"496\" src=\"https:\/\/pc.sc.gov.br\/\/wp-content\/uploads\/2024\/11\/WhatsApp-Image-2024-11-13-at-09.19.44-fotor-2024111316570.jpg\" class=\"attachment-large size-large wp-image-24680\" alt=\"\" srcset=\"https:\/\/pc.sc.gov.br\/\/wp-content\/uploads\/2024\/11\/WhatsApp-Image-2024-11-13-at-09.19.44-fotor-2024111316570.jpg 998w, https:\/\/pc.sc.gov.br\/\/wp-content\/uploads\/2024\/11\/WhatsApp-Image-2024-11-13-at-09.19.44-fotor-2024111316570-300x214.jpg 300w, https:\/\/pc.sc.gov.br\/\/wp-content\/uploads\/2024\/11\/WhatsApp-Image-2024-11-13-at-09.19.44-fotor-2024111316570-768x547.jpg 768w\" sizes=\"(max-width: 696px) 100vw, 696px\" \/>\t\t\t\t\t\t\t\t\t\t\t\t\t\t\t<\/div>\n\t\t\t\t<\/div>\n\t\t\t\t\t<\/div>\n\t\t<\/div>\n\t\t\t\t\t<\/div>\n\t\t<\/section>\n\t\t\t\t<section class=\"elementor-section elementor-top-section elementor-element elementor-element-fd6c2d3 elementor-section-boxed elementor-section-height-default elementor-section-height-default\" data-id=\"fd6c2d3\" data-element_type=\"section\">\n\t\t\t\t\t\t<div class=\"elementor-container elementor-column-gap-default\">\n\t\t\t\t\t<div class=\"elementor-column elementor-col-100 elementor-top-column elementor-element elementor-element-d131e04\" data-id=\"d131e04\" data-element_type=\"column\">\n\t\t\t<div class=\"elementor-widget-wrap elementor-element-populated\">\n\t\t\t\t\t\t<div class=\"elementor-element elementor-element-d9a7f9e elementor-widget elementor-widget-text-editor\" data-id=\"d9a7f9e\" data-element_type=\"widget\" data-widget_type=\"text-editor.default\">\n\t\t\t\t<div class=\"elementor-widget-container\">\n\t\t\t\t\t\t\t\t\t<p>A Pol\u00edcia Civil de Santa Catarina, por meio da Delegacia de Furtos e Roubos de Ve\u00edculos (DFRV\/DEIC) deflagrou na manh\u00e3 desta quarta-feira, 13, a Opera\u00e7\u00e3o Munck, com o objetivo de desarticular uma organiza\u00e7\u00e3o criminosa especializada no furto e adultera\u00e7\u00e3o de caminh\u00f5es Munck. A opera\u00e7\u00e3o \u00e9 fruto de um trabalho conjunto entre a DFRV\/DEIC, a Pol\u00edcia Civil do Rio Grande do Sul, a Pol\u00edcia Rodovi\u00e1ria Federal e as delegacias de Pescaria Brava, Jaguaruna, Sang\u00e3o, Sombrio e Os\u00f3rio (RS). A opera\u00e7\u00e3o foi coordenada pelo delegado Diego Azevedo, titular da DFRV\/DEIC.<\/p>\n<p>Foram cumpridos 17 mandados de busca e apreens\u00e3o em cidades de Santa Catarina e Rio Grande do Sul, incluindo Sombrio (SC), Porto Alegre, Alvorada, Viam\u00e3o, Sapucaia do Sul, Os\u00f3rio, Santo Ant\u00f4nio da Patrulha e Gravata\u00ed (RS).<\/p>\n<p>As investiga\u00e7\u00f5es indicaram que os caminh\u00f5es eram furtados em Santa Catarina e transportados para o Rio Grande do Sul, onde passavam por processos de adultera\u00e7\u00e3o. O trabalho integrado entre as for\u00e7as de seguran\u00e7a de ambos os estados foi essencial para o cumprimento dos mandados e para o avan\u00e7o da apura\u00e7\u00e3o, destacando a import\u00e2ncia da coopera\u00e7\u00e3o interestadual no combate a organiza\u00e7\u00f5es criminosas com atua\u00e7\u00e3o em diversas regi\u00f5es.<\/p>\n<p>Durante a opera\u00e7\u00e3o foram apreendidos diversos equipamentos, que agora ser\u00e3o analisados pela equipe da DFRV\/DEIC. O material apreendido deve fornecer provas adicionais e novas informa\u00e7\u00f5es que ajudar\u00e3o a desmantelar a organiza\u00e7\u00e3o criminosa e identificar outros envolvidos nos crimes.<\/p>\n<p>A a\u00e7\u00e3o tamb\u00e9m sublinha a necessidade de investiga\u00e7\u00f5es aprofundadas contra organiza\u00e7\u00f5es criminosas que atuam em mais de um estado. A coopera\u00e7\u00e3o entre as pol\u00edcias de SC e RS se mostrou fundamental para o sucesso da opera\u00e7\u00e3o, demonstrando a efic\u00e1cia do trabalho conjunto no combate ao crime organizado.<\/p>\n<p><b>A Pol\u00edcia Civil de Santa Catarina tamb\u00e9m fez um apelo \u00e0 popula\u00e7\u00e3o, destacando a import\u00e2ncia das den\u00fancias an\u00f4nimas para o sucesso de<\/b> <b>investiga\u00e7\u00f5es. Os cidad\u00e3os podem colaborar por meio do canal 181 ou pelo WhatsApp (48) 98844-0011, garantindo anonimato e seguran\u00e7a na comunica\u00e7\u00e3o com as autoridades.<\/b><\/p>\t\t\t\t\t\t\t\t<\/div>\n\t\t\t\t<\/div>\n\t\t\t\t\t<\/div>\n\t\t<\/div>\n\t\t\t\t\t<\/div>\n\t\t<\/section>\n\t\t\t\t<\/div>\n\t\t","protected":false},"excerpt":{"rendered":"<p>Opera\u00e7\u00e3o Munck: PCSC, PRF e PCRS unem for\u00e7as para desarticular rede de crime organizado A Pol\u00edcia Civil de Santa Catarina, por meio da Delegacia de Furtos e Roubos de Ve\u00edculos (DFRV\/DEIC) deflagrou na manh\u00e3 desta quarta-feira, 13, a Opera\u00e7\u00e3o Munck, com o objetivo de desarticular uma organiza\u00e7\u00e3o criminosa especializada no furto e adultera\u00e7\u00e3o de caminh\u00f5es [&hellip;]<\/p>\n","protected":false},"author":5,"featured_media":24680,"comment_status":"closed","ping_status":"open","sticky":false,"template":"","format":"standard","meta":{"_monsterinsights_skip_tracking":false,"_monsterinsights_sitenote_active":false,"_monsterinsights_sitenote_note":"","_monsterinsights_sitenote_category":0,"footnotes":""},"categories":[1],"tags":[],"class_list":["post-24679","post","type-post","status-publish","format-standard","has-post-thumbnail","hentry","category-sem-categoria"],"_links":{"self":[{"href":"https:\/\/pc.sc.gov.br\/index.php?rest_route=\/wp\/v2\/posts\/24679","targetHints":{"allow":["GET"]}}],"collection":[{"href":"https:\/\/pc.sc.gov.br\/index.php?rest_route=\/wp\/v2\/posts"}],"about":[{"href":"https:\/\/pc.sc.gov.br\/index.php?rest_route=\/wp\/v2\/types\/post"}],"author":[{"embeddable":true,"href":"https:\/\/pc.sc.gov.br\/index.php?rest_route=\/wp\/v2\/users\/5"}],"replies":[{"embeddable":true,"href":"https:\/\/pc.sc.gov.br\/index.php?rest_route=%2Fwp%2Fv2%2Fcomments&post=24679"}],"version-history":[{"count":3,"href":"https:\/\/pc.sc.gov.br\/index.php?rest_route=\/wp\/v2\/posts\/24679\/revisions"}],"predecessor-version":[{"id":24683,"href":"https:\/\/pc.sc.gov.br\/index.php?rest_route=\/wp\/v2\/posts\/24679\/revisions\/24683"}],"wp:featuredmedia":[{"embeddable":true,"href":"https:\/\/pc.sc.gov.br\/index.php?rest_route=\/wp\/v2\/media\/24680"}],"wp:attachment":[{"href":"https:\/\/pc.sc.gov.br\/index.php?rest_route=%2Fwp%2Fv2%2Fmedia&parent=24679"}],"wp:term":[{"taxonomy":"category","embeddable":true,"href":"https:\/\/pc.sc.gov.br\/index.php?rest_route=%2Fwp%2Fv2%2Fcategories&post=24679"},{"taxonomy":"post_tag","embeddable":true,"href":"https:\/\/pc.sc.gov.br\/index.php?rest_route=%2Fwp%2Fv2%2Ftags&post=24679"}],"curies":[{"name":"wp","href":"https:\/\/api.w.org\/{rel}","templated":true}]}}