{"id":24705,"date":"2024-11-14T14:17:39","date_gmt":"2024-11-14T17:17:39","guid":{"rendered":"https:\/\/pc.sc.gov.br\/?p=24705"},"modified":"2024-11-14T14:20:41","modified_gmt":"2024-11-14T17:20:41","slug":"em-joinville-homem-e-preso-em-flagrante-por-porte-ilegal-de-arma-de-fogo-durante-investigacao-sobre-envenenamento-de-animais","status":"publish","type":"post","link":"https:\/\/pc.sc.gov.br\/?p=24705","title":{"rendered":"Em Joinville, homem \u00e9 preso em flagrante por porte ilegal de arma de fogo durante investiga\u00e7\u00e3o sobre envenenamento de animais"},"content":{"rendered":"\t\t<div data-elementor-type=\"wp-post\" data-elementor-id=\"24705\" class=\"elementor elementor-24705\" data-elementor-post-type=\"post\">\n\t\t\t\t\t\t<section class=\"elementor-section elementor-top-section elementor-element elementor-element-88bd73c elementor-section-boxed elementor-section-height-default elementor-section-height-default\" data-id=\"88bd73c\" data-element_type=\"section\">\n\t\t\t\t\t\t<div class=\"elementor-container elementor-column-gap-default\">\n\t\t\t\t\t<div class=\"elementor-column elementor-col-100 elementor-top-column elementor-element elementor-element-eb8a063\" data-id=\"eb8a063\" data-element_type=\"column\">\n\t\t\t<div class=\"elementor-widget-wrap elementor-element-populated\">\n\t\t\t\t\t\t<div class=\"elementor-element elementor-element-6eb83ed elementor-widget elementor-widget-heading\" data-id=\"6eb83ed\" data-element_type=\"widget\" data-widget_type=\"heading.default\">\n\t\t\t\t<div class=\"elementor-widget-container\">\n\t\t\t\t\t<h2 class=\"elementor-heading-title elementor-size-default\">Em Joinville, homem \u00e9 preso em flagrante por porte ilegal de arma de fogo durante investiga\u00e7\u00e3o sobre envenenamento de animais<\/h2>\t\t\t\t<\/div>\n\t\t\t\t<\/div>\n\t\t\t\t\t<\/div>\n\t\t<\/div>\n\t\t\t\t\t<\/div>\n\t\t<\/section>\n\t\t\t\t<section class=\"elementor-section elementor-top-section elementor-element elementor-element-7bef536 elementor-section-boxed elementor-section-height-default elementor-section-height-default\" data-id=\"7bef536\" data-element_type=\"section\">\n\t\t\t\t\t\t<div class=\"elementor-container elementor-column-gap-default\">\n\t\t\t\t\t<div class=\"elementor-column elementor-col-100 elementor-top-column elementor-element elementor-element-ce1a642\" data-id=\"ce1a642\" data-element_type=\"column\">\n\t\t\t<div class=\"elementor-widget-wrap elementor-element-populated\">\n\t\t\t\t\t\t<div class=\"elementor-element elementor-element-315af3e elementor-widget elementor-widget-image\" data-id=\"315af3e\" data-element_type=\"widget\" data-widget_type=\"image.default\">\n\t\t\t\t<div class=\"elementor-widget-container\">\n\t\t\t\t\t\t\t\t\t\t\t\t\t\t\t<img fetchpriority=\"high\" decoding=\"async\" width=\"588\" height=\"804\" src=\"https:\/\/pc.sc.gov.br\/\/wp-content\/uploads\/2024\/11\/WhatsApp-Image-2024-11-14-at-08.08.20.jpeg\" class=\"attachment-large size-large wp-image-24706\" alt=\"\" srcset=\"https:\/\/pc.sc.gov.br\/\/wp-content\/uploads\/2024\/11\/WhatsApp-Image-2024-11-14-at-08.08.20.jpeg 588w, https:\/\/pc.sc.gov.br\/\/wp-content\/uploads\/2024\/11\/WhatsApp-Image-2024-11-14-at-08.08.20-219x300.jpeg 219w\" sizes=\"(max-width: 588px) 100vw, 588px\" \/>\t\t\t\t\t\t\t\t\t\t\t\t\t\t\t<\/div>\n\t\t\t\t<\/div>\n\t\t\t\t\t<\/div>\n\t\t<\/div>\n\t\t\t\t\t<\/div>\n\t\t<\/section>\n\t\t\t\t<section class=\"elementor-section elementor-top-section elementor-element elementor-element-e929db7 elementor-section-boxed elementor-section-height-default elementor-section-height-default\" data-id=\"e929db7\" data-element_type=\"section\">\n\t\t\t\t\t\t<div class=\"elementor-container elementor-column-gap-default\">\n\t\t\t\t\t<div class=\"elementor-column elementor-col-100 elementor-top-column elementor-element elementor-element-6934fb5\" data-id=\"6934fb5\" data-element_type=\"column\">\n\t\t\t<div class=\"elementor-widget-wrap elementor-element-populated\">\n\t\t\t\t\t\t<div class=\"elementor-element elementor-element-e32c3d3 elementor-widget elementor-widget-text-editor\" data-id=\"e32c3d3\" data-element_type=\"widget\" data-widget_type=\"text-editor.default\">\n\t\t\t\t<div class=\"elementor-widget-container\">\n\t\t\t\t\t\t\t\t\t<p>Na manh\u00e3 desta quinta-feira, 14, o Departamento de Investiga\u00e7\u00f5es Criminais de Joinville deu cumprimento a mandado de busca e apreens\u00e3o em uma resid\u00eancia, situada no bairro Bom Retiro, em Joinville, em raz\u00e3o de investiga\u00e7\u00e3o relacionada ao envenenamento de uma cachorra da ra\u00e7a rottweiller, a qual lamentavelmente faleceu ap\u00f3s ingerir lingui\u00e7as contaminadas com o composto popularmente conhecido como chumbinho.&nbsp;<\/p>\n<p>No decorrer da investiga\u00e7\u00e3o, a Pol\u00edcia Cient\u00edfica (PCI) conseguiu indicar a \u00e1rea prov\u00e1vel de lan\u00e7amento do alimento envenenado, em raz\u00e3o do que foi solicitada expedi\u00e7\u00e3o de mandado de busca ao ju\u00edzo criminal. Durante a busca foi localizada na resid\u00eancia do suspeito uma arma de fogo calibre .32, em raz\u00e3o do que o homem foi preso em flagrante.&nbsp;<\/p>\n<p>\u00c9 importante destacar que a investiga\u00e7\u00e3o apontou ao menos tr\u00eas epis\u00f3dios de envenenamentos de animais com resultado morte em resid\u00eancias situadas no entorno da casa do investigado, o que refor\u00e7a a suspeita de sua participa\u00e7\u00e3o no \u00f3bito da canina vinculada \u00e0 referida investiga\u00e7\u00e3o.<\/p>\t\t\t\t\t\t\t\t<\/div>\n\t\t\t\t<\/div>\n\t\t\t\t\t<\/div>\n\t\t<\/div>\n\t\t\t\t\t<\/div>\n\t\t<\/section>\n\t\t\t\t<\/div>\n\t\t","protected":false},"excerpt":{"rendered":"<p>Em Joinville, homem \u00e9 preso em flagrante por porte ilegal de arma de fogo durante investiga\u00e7\u00e3o sobre envenenamento de animais Na manh\u00e3 desta quinta-feira, 14, o Departamento de Investiga\u00e7\u00f5es Criminais de Joinville deu cumprimento a mandado de busca e apreens\u00e3o em uma resid\u00eancia, situada no bairro Bom Retiro, em Joinville, em raz\u00e3o de investiga\u00e7\u00e3o relacionada [&hellip;]<\/p>\n","protected":false},"author":5,"featured_media":24706,"comment_status":"closed","ping_status":"open","sticky":false,"template":"","format":"standard","meta":{"_monsterinsights_skip_tracking":false,"_monsterinsights_sitenote_active":false,"_monsterinsights_sitenote_note":"","_monsterinsights_sitenote_category":0,"footnotes":""},"categories":[1],"tags":[],"class_list":["post-24705","post","type-post","status-publish","format-standard","has-post-thumbnail","hentry","category-sem-categoria"],"_links":{"self":[{"href":"https:\/\/pc.sc.gov.br\/index.php?rest_route=\/wp\/v2\/posts\/24705","targetHints":{"allow":["GET"]}}],"collection":[{"href":"https:\/\/pc.sc.gov.br\/index.php?rest_route=\/wp\/v2\/posts"}],"about":[{"href":"https:\/\/pc.sc.gov.br\/index.php?rest_route=\/wp\/v2\/types\/post"}],"author":[{"embeddable":true,"href":"https:\/\/pc.sc.gov.br\/index.php?rest_route=\/wp\/v2\/users\/5"}],"replies":[{"embeddable":true,"href":"https:\/\/pc.sc.gov.br\/index.php?rest_route=%2Fwp%2Fv2%2Fcomments&post=24705"}],"version-history":[{"count":7,"href":"https:\/\/pc.sc.gov.br\/index.php?rest_route=\/wp\/v2\/posts\/24705\/revisions"}],"predecessor-version":[{"id":24713,"href":"https:\/\/pc.sc.gov.br\/index.php?rest_route=\/wp\/v2\/posts\/24705\/revisions\/24713"}],"wp:featuredmedia":[{"embeddable":true,"href":"https:\/\/pc.sc.gov.br\/index.php?rest_route=\/wp\/v2\/media\/24706"}],"wp:attachment":[{"href":"https:\/\/pc.sc.gov.br\/index.php?rest_route=%2Fwp%2Fv2%2Fmedia&parent=24705"}],"wp:term":[{"taxonomy":"category","embeddable":true,"href":"https:\/\/pc.sc.gov.br\/index.php?rest_route=%2Fwp%2Fv2%2Fcategories&post=24705"},{"taxonomy":"post_tag","embeddable":true,"href":"https:\/\/pc.sc.gov.br\/index.php?rest_route=%2Fwp%2Fv2%2Ftags&post=24705"}],"curies":[{"name":"wp","href":"https:\/\/api.w.org\/{rel}","templated":true}]}}