{"id":24898,"date":"2024-11-27T15:15:30","date_gmt":"2024-11-27T18:15:30","guid":{"rendered":"https:\/\/pc.sc.gov.br\/?p=24898"},"modified":"2024-11-27T15:19:07","modified_gmt":"2024-11-27T18:19:07","slug":"operacao-santa-forte-autores-de-grande-roubo-a-banco-em-criciuma-sao-condenados-a-penas-que-variam-entre-36-e-50-anos-de-reclusao","status":"publish","type":"post","link":"https:\/\/pc.sc.gov.br\/?p=24898","title":{"rendered":"Opera\u00e7\u00e3o Santa Forte: autores de grande roubo a banco em Crici\u00fama s\u00e3o condenados a penas que variam entre 36 e 50 anos de reclus\u00e3o"},"content":{"rendered":"\t\t<div data-elementor-type=\"wp-post\" data-elementor-id=\"24898\" class=\"elementor elementor-24898\" data-elementor-post-type=\"post\">\n\t\t\t\t\t\t<section class=\"elementor-section elementor-top-section elementor-element elementor-element-ea73933 elementor-section-boxed elementor-section-height-default elementor-section-height-default\" data-id=\"ea73933\" data-element_type=\"section\">\n\t\t\t\t\t\t<div class=\"elementor-container elementor-column-gap-default\">\n\t\t\t\t\t<div class=\"elementor-column elementor-col-100 elementor-top-column elementor-element elementor-element-7666148\" data-id=\"7666148\" data-element_type=\"column\">\n\t\t\t<div class=\"elementor-widget-wrap elementor-element-populated\">\n\t\t\t\t\t\t<div class=\"elementor-element elementor-element-e67fdaa elementor-widget elementor-widget-heading\" data-id=\"e67fdaa\" data-element_type=\"widget\" data-widget_type=\"heading.default\">\n\t\t\t\t<div class=\"elementor-widget-container\">\n\t\t\t\t\t<h2 class=\"elementor-heading-title elementor-size-default\">Opera\u00e7\u00e3o Santa Forte: autores de grande roubo a banco em Crici\u00fama s\u00e3o condenados a penas que variam entre 36 e 50 anos de reclus\u00e3o<\/h2>\t\t\t\t<\/div>\n\t\t\t\t<\/div>\n\t\t\t\t\t<\/div>\n\t\t<\/div>\n\t\t\t\t\t<\/div>\n\t\t<\/section>\n\t\t\t\t<section class=\"elementor-section elementor-top-section elementor-element elementor-element-f253178 elementor-section-boxed elementor-section-height-default elementor-section-height-default\" data-id=\"f253178\" data-element_type=\"section\">\n\t\t\t\t\t\t<div class=\"elementor-container elementor-column-gap-default\">\n\t\t\t\t\t<div class=\"elementor-column elementor-col-100 elementor-top-column elementor-element elementor-element-c2f0d7c\" data-id=\"c2f0d7c\" data-element_type=\"column\">\n\t\t\t<div class=\"elementor-widget-wrap elementor-element-populated\">\n\t\t\t\t\t\t<div class=\"elementor-element elementor-element-0cfab44 elementor-widget elementor-widget-image\" data-id=\"0cfab44\" data-element_type=\"widget\" data-widget_type=\"image.default\">\n\t\t\t\t<div class=\"elementor-widget-container\">\n\t\t\t\t\t\t\t\t\t\t\t\t\t\t\t<img fetchpriority=\"high\" decoding=\"async\" width=\"696\" height=\"392\" src=\"https:\/\/pc.sc.gov.br\/\/wp-content\/uploads\/2024\/11\/WhatsApp-Image-2024-11-27-at-14.57.17.jpeg\" class=\"attachment-large size-large wp-image-24899\" alt=\"\" srcset=\"https:\/\/pc.sc.gov.br\/\/wp-content\/uploads\/2024\/11\/WhatsApp-Image-2024-11-27-at-14.57.17.jpeg 960w, https:\/\/pc.sc.gov.br\/\/wp-content\/uploads\/2024\/11\/WhatsApp-Image-2024-11-27-at-14.57.17-300x169.jpeg 300w, https:\/\/pc.sc.gov.br\/\/wp-content\/uploads\/2024\/11\/WhatsApp-Image-2024-11-27-at-14.57.17-768x432.jpeg 768w\" sizes=\"(max-width: 696px) 100vw, 696px\" \/>\t\t\t\t\t\t\t\t\t\t\t\t\t\t\t<\/div>\n\t\t\t\t<\/div>\n\t\t\t\t\t<\/div>\n\t\t<\/div>\n\t\t\t\t\t<\/div>\n\t\t<\/section>\n\t\t\t\t<section class=\"elementor-section elementor-top-section elementor-element elementor-element-c1ce326 elementor-section-boxed elementor-section-height-default elementor-section-height-default\" data-id=\"c1ce326\" data-element_type=\"section\">\n\t\t\t\t\t\t<div class=\"elementor-container elementor-column-gap-default\">\n\t\t\t\t\t<div class=\"elementor-column elementor-col-100 elementor-top-column elementor-element elementor-element-83cef82\" data-id=\"83cef82\" data-element_type=\"column\">\n\t\t\t<div class=\"elementor-widget-wrap elementor-element-populated\">\n\t\t\t\t\t\t<div class=\"elementor-element elementor-element-cff617a elementor-widget elementor-widget-text-editor\" data-id=\"cff617a\" data-element_type=\"widget\" data-widget_type=\"text-editor.default\">\n\t\t\t\t<div class=\"elementor-widget-container\">\n\t\t\t\t\t\t\t\t\t<p>As investiga\u00e7\u00f5es da Opera\u00e7\u00e3o Santa Forte, da Pol\u00edcia Civil de Santa Catarina, resultaram nas condena\u00e7\u00f5es de 17 pessoas pelo grave roubo na cidade de Crici\u00fama, na madrugada de 1\u00ba de dezembro de 2020.&nbsp;<span style=\"font-family: var( --e-global-typography-primary-font-family ), Sans-serif; font-size: var( --e-global-typography-primary-font-size ); font-weight: var( --e-global-typography-primary-font-weight ); letter-spacing: var( --e-global-typography-primary-letter-spacing );\">Nas primeiras fases das investiga\u00e7\u00f5es, foram identificados dez homens que participaram diretamente do roubo naquela noite, utilizando fuzis, ve\u00edculos blindados e diversos explosivos, para atacar a tesouraria regional de um banco, no centro da cidade. Esses indiv\u00edduos foram condenados a penas entre 36 anos e 50 de reclus\u00e3o, estando todos presos desde aquela \u00e9poca.&nbsp;<\/span><\/p>\n<p>Outras sete pessoas, dentre elas quatro mulheres, que auxiliaram antes e depois na execu\u00e7\u00e3o do roubo, foram condenadas a penas de 9 anos de reclus\u00e3o cada uma.&nbsp;<span style=\"font-family: var( --e-global-typography-primary-font-family ), Sans-serif; font-size: var( --e-global-typography-primary-font-size ); font-weight: var( --e-global-typography-primary-font-weight ); letter-spacing: var( --e-global-typography-primary-letter-spacing );\">Os crimes atribu\u00eddos a esses autores envolveram latroc\u00ednio, pois na a\u00e7\u00e3o um policial militar foi gravemente ferido, participa\u00e7\u00e3o em organiza\u00e7\u00e3o criminosa e dano.&nbsp;<\/span><\/p>\n<p>De acordo com o delegado Anselmo Cruz, a investiga\u00e7\u00e3o foi conduzida pela Delegacia de Roubos e Antissequestro (DRAS\/ DEIC), juntamente com as unidades da Pol\u00edcia Civil de Crici\u00fama, e contou com o apoio das diversas for\u00e7as de seguran\u00e7a: Pol\u00edcia Cient\u00edfica, Pol\u00edcia Militar, Pol\u00edcia Rodovi\u00e1ria Federal, Pol\u00edcia Federal, Pol\u00edcia Civil do Rio Grande do Sul, Brigada Militar e tamb\u00e9m do Minist\u00e9rio P\u00fablico de Santa Catarina.&nbsp;<\/p>\n<p><b>Relembre o caso:&nbsp;<\/b><\/p>\n<p>Entre a noite de 30 de novembro e madrugada de 1\u00ba de dezembro de 2020, cerca trinta assaltantes \u201csitiaram\u201d a cidade Crici\u00fama, e roubaram aproximadamente R$ 125.000.000,00, arrombando com explosivos uma tesouraria banc\u00e1ria no centro da cidade.&nbsp;&nbsp;<span style=\"font-family: var( --e-global-typography-primary-font-family ), Sans-serif; font-size: var( --e-global-typography-primary-font-size ); font-weight: var( --e-global-typography-primary-font-weight ); letter-spacing: var( --e-global-typography-primary-letter-spacing );\">Na a\u00e7\u00e3o, os criminosos utilizaram dez ve\u00edculos, nove deles blindados, usavam todos eles coletes bal\u00edsticos e portavam fuzis, al\u00e9m de duas metralhadoras calibre .50, capazes de perfurar blindagens e atingirem aeronaves.&nbsp;&nbsp;<\/span><span style=\"color: var( --e-global-color-text ); font-family: var( --e-global-typography-primary-font-family ), Sans-serif; font-size: var( --e-global-typography-primary-font-size ); font-weight: var( --e-global-typography-primary-font-weight ); letter-spacing: var( --e-global-typography-primary-letter-spacing );\">&nbsp;<\/span><\/p>\t\t\t\t\t\t\t\t<\/div>\n\t\t\t\t<\/div>\n\t\t\t\t\t<\/div>\n\t\t<\/div>\n\t\t\t\t\t<\/div>\n\t\t<\/section>\n\t\t\t\t<\/div>\n\t\t","protected":false},"excerpt":{"rendered":"<p>Opera\u00e7\u00e3o Santa Forte: autores de grande roubo a banco em Crici\u00fama s\u00e3o condenados a penas que variam entre 36 e 50 anos de reclus\u00e3o As investiga\u00e7\u00f5es da Opera\u00e7\u00e3o Santa Forte, da Pol\u00edcia Civil de Santa Catarina, resultaram nas condena\u00e7\u00f5es de 17 pessoas pelo grave roubo na cidade de Crici\u00fama, na madrugada de 1\u00ba de dezembro [&hellip;]<\/p>\n","protected":false},"author":5,"featured_media":24899,"comment_status":"closed","ping_status":"open","sticky":false,"template":"","format":"standard","meta":{"_monsterinsights_skip_tracking":false,"_monsterinsights_sitenote_active":false,"_monsterinsights_sitenote_note":"","_monsterinsights_sitenote_category":0,"footnotes":""},"categories":[1],"tags":[],"class_list":["post-24898","post","type-post","status-publish","format-standard","has-post-thumbnail","hentry","category-sem-categoria"],"_links":{"self":[{"href":"https:\/\/pc.sc.gov.br\/index.php?rest_route=\/wp\/v2\/posts\/24898","targetHints":{"allow":["GET"]}}],"collection":[{"href":"https:\/\/pc.sc.gov.br\/index.php?rest_route=\/wp\/v2\/posts"}],"about":[{"href":"https:\/\/pc.sc.gov.br\/index.php?rest_route=\/wp\/v2\/types\/post"}],"author":[{"embeddable":true,"href":"https:\/\/pc.sc.gov.br\/index.php?rest_route=\/wp\/v2\/users\/5"}],"replies":[{"embeddable":true,"href":"https:\/\/pc.sc.gov.br\/index.php?rest_route=%2Fwp%2Fv2%2Fcomments&post=24898"}],"version-history":[{"count":3,"href":"https:\/\/pc.sc.gov.br\/index.php?rest_route=\/wp\/v2\/posts\/24898\/revisions"}],"predecessor-version":[{"id":24902,"href":"https:\/\/pc.sc.gov.br\/index.php?rest_route=\/wp\/v2\/posts\/24898\/revisions\/24902"}],"wp:featuredmedia":[{"embeddable":true,"href":"https:\/\/pc.sc.gov.br\/index.php?rest_route=\/wp\/v2\/media\/24899"}],"wp:attachment":[{"href":"https:\/\/pc.sc.gov.br\/index.php?rest_route=%2Fwp%2Fv2%2Fmedia&parent=24898"}],"wp:term":[{"taxonomy":"category","embeddable":true,"href":"https:\/\/pc.sc.gov.br\/index.php?rest_route=%2Fwp%2Fv2%2Fcategories&post=24898"},{"taxonomy":"post_tag","embeddable":true,"href":"https:\/\/pc.sc.gov.br\/index.php?rest_route=%2Fwp%2Fv2%2Ftags&post=24898"}],"curies":[{"name":"wp","href":"https:\/\/api.w.org\/{rel}","templated":true}]}}