{"id":24983,"date":"2024-12-02T16:20:06","date_gmt":"2024-12-02T19:20:06","guid":{"rendered":"https:\/\/pc.sc.gov.br\/?p=24983"},"modified":"2024-12-02T16:25:40","modified_gmt":"2024-12-02T19:25:40","slug":"operacao-saisine-dh-de-itajai-cumpre-mandado-de-busca-e-de-prisao-temporaria-de-investigado-por-duplo-homicidio","status":"publish","type":"post","link":"https:\/\/pc.sc.gov.br\/?p=24983","title":{"rendered":"Opera\u00e7\u00e3o \u201cSaisine\u201d: DH de Itaja\u00ed cumpre mandado de busca e de pris\u00e3o tempor\u00e1ria de investigado por duplo homic\u00eddio"},"content":{"rendered":"\t\t<div data-elementor-type=\"wp-post\" data-elementor-id=\"24983\" class=\"elementor elementor-24983\" data-elementor-post-type=\"post\">\n\t\t\t\t\t\t<section class=\"elementor-section elementor-top-section elementor-element elementor-element-1fbc760 elementor-section-boxed elementor-section-height-default elementor-section-height-default\" data-id=\"1fbc760\" data-element_type=\"section\">\n\t\t\t\t\t\t<div class=\"elementor-container elementor-column-gap-default\">\n\t\t\t\t\t<div class=\"elementor-column elementor-col-100 elementor-top-column elementor-element elementor-element-d940aaa\" data-id=\"d940aaa\" data-element_type=\"column\">\n\t\t\t<div class=\"elementor-widget-wrap elementor-element-populated\">\n\t\t\t\t\t\t<div class=\"elementor-element elementor-element-a7df579 elementor-widget elementor-widget-heading\" data-id=\"a7df579\" data-element_type=\"widget\" data-widget_type=\"heading.default\">\n\t\t\t\t<div class=\"elementor-widget-container\">\n\t\t\t\t\t<h2 class=\"elementor-heading-title elementor-size-default\">Opera\u00e7\u00e3o \u201cSaisine\u201d: DH de Itaja\u00ed cumpre mandado de busca e de pris\u00e3o tempor\u00e1ria de investigado por duplo homic\u00eddio<\/h2>\t\t\t\t<\/div>\n\t\t\t\t<\/div>\n\t\t\t\t\t<\/div>\n\t\t<\/div>\n\t\t\t\t\t<\/div>\n\t\t<\/section>\n\t\t\t\t<section class=\"elementor-section elementor-top-section elementor-element elementor-element-104b996 elementor-section-boxed elementor-section-height-default elementor-section-height-default\" data-id=\"104b996\" data-element_type=\"section\">\n\t\t\t\t\t\t<div class=\"elementor-container elementor-column-gap-default\">\n\t\t\t\t\t<div class=\"elementor-column elementor-col-100 elementor-top-column elementor-element elementor-element-0233562\" data-id=\"0233562\" data-element_type=\"column\">\n\t\t\t<div class=\"elementor-widget-wrap elementor-element-populated\">\n\t\t\t\t\t\t<div class=\"elementor-element elementor-element-7462cdc elementor-widget elementor-widget-image\" data-id=\"7462cdc\" data-element_type=\"widget\" data-widget_type=\"image.default\">\n\t\t\t\t<div class=\"elementor-widget-container\">\n\t\t\t\t\t\t\t\t\t\t\t\t\t\t\t<img fetchpriority=\"high\" decoding=\"async\" width=\"696\" height=\"606\" src=\"https:\/\/pc.sc.gov.br\/\/wp-content\/uploads\/2024\/12\/22044ddb-93aa-47b8-9a92-817f2c48041b-fotor-20241202162023.jpg\" class=\"attachment-large size-large wp-image-24984\" alt=\"\" srcset=\"https:\/\/pc.sc.gov.br\/\/wp-content\/uploads\/2024\/12\/22044ddb-93aa-47b8-9a92-817f2c48041b-fotor-20241202162023.jpg 777w, https:\/\/pc.sc.gov.br\/\/wp-content\/uploads\/2024\/12\/22044ddb-93aa-47b8-9a92-817f2c48041b-fotor-20241202162023-300x261.jpg 300w, https:\/\/pc.sc.gov.br\/\/wp-content\/uploads\/2024\/12\/22044ddb-93aa-47b8-9a92-817f2c48041b-fotor-20241202162023-768x669.jpg 768w\" sizes=\"(max-width: 696px) 100vw, 696px\" \/>\t\t\t\t\t\t\t\t\t\t\t\t\t\t\t<\/div>\n\t\t\t\t<\/div>\n\t\t\t\t\t<\/div>\n\t\t<\/div>\n\t\t\t\t\t<\/div>\n\t\t<\/section>\n\t\t\t\t<section class=\"elementor-section elementor-top-section elementor-element elementor-element-f808525 elementor-section-boxed elementor-section-height-default elementor-section-height-default\" data-id=\"f808525\" data-element_type=\"section\">\n\t\t\t\t\t\t<div class=\"elementor-container elementor-column-gap-default\">\n\t\t\t\t\t<div class=\"elementor-column elementor-col-100 elementor-top-column elementor-element elementor-element-ee234b7\" data-id=\"ee234b7\" data-element_type=\"column\">\n\t\t\t<div class=\"elementor-widget-wrap elementor-element-populated\">\n\t\t\t\t\t\t<div class=\"elementor-element elementor-element-3a85e74 elementor-widget elementor-widget-text-editor\" data-id=\"3a85e74\" data-element_type=\"widget\" data-widget_type=\"text-editor.default\">\n\t\t\t\t<div class=\"elementor-widget-container\">\n\t\t\t\t\t\t\t\t\t<p>No domingo (01\/12), policiais civis da Delegacia de Homic\u00eddios (DIC\/Itaja\u00ed), com o apoio de agentes da DECOD, deram cumprimento a um mandado de pris\u00e3o tempor\u00e1ria em desfavor de um suspeito, de 24 anos, o qual responde por um duplo homic\u00eddio, ocorrido no bairro Espinheiros, em Itaja\u00ed\/SC, no dia 23 de novembro de 2024, vitimando um casal, em tese, por meio de asfixia.<\/p>\n<p>O crime ocorreu no interior da resid\u00eancia das v\u00edtimas, ap\u00f3s regressarem de um jantar. A motiva\u00e7\u00e3o, supostamente, estaria atrelada ao interesse na heran\u00e7a, tendo em vista que o suspeito iria se beneficiar do patrim\u00f4nio do casal. Os elementos informativos iniciais indicam que houve um planejamento, a fim de ceifar a vida das v\u00edtimas.<\/p>\n<p>Ainda na tarde de domingo, foram cumpridos dois mandados de busca em endere\u00e7os vinculados ao investigado, restando apreendidos dois aparelhos telef\u00f4nicos, computadores e vestimentas.&nbsp;<span style=\"font-family: var( --e-global-typography-primary-font-family ), Sans-serif; font-size: var( --e-global-typography-primary-font-size ); font-weight: var( --e-global-typography-primary-font-weight ); letter-spacing: var( --e-global-typography-primary-letter-spacing );\">As demais circunst\u00e2ncias e a identifica\u00e7\u00e3o dos demais envolvidos ser\u00e3o esclarecidas com a an\u00e1lise dos aparelhos telef\u00f4nicos apreendidos na referida a\u00e7\u00e3o.<\/span><\/p>\n<p>O inqu\u00e9rito segue em tramita\u00e7\u00e3o na DH e, ap\u00f3s a conclu\u00eddo ser\u00e1 remetido para aprecia\u00e7\u00e3o judicial. J\u00e1 o investigado, ap\u00f3s os procedimentos de praxe, foi encaminhado ao pres\u00eddio de Itaja\u00ed, onde permanecer\u00e1 a disposi\u00e7\u00e3o da justi\u00e7a.<\/p>\t\t\t\t\t\t\t\t<\/div>\n\t\t\t\t<\/div>\n\t\t\t\t\t<\/div>\n\t\t<\/div>\n\t\t\t\t\t<\/div>\n\t\t<\/section>\n\t\t\t\t<\/div>\n\t\t","protected":false},"excerpt":{"rendered":"<p>Opera\u00e7\u00e3o \u201cSaisine\u201d: DH de Itaja\u00ed cumpre mandado de busca e de pris\u00e3o tempor\u00e1ria de investigado por duplo homic\u00eddio No domingo (01\/12), policiais civis da Delegacia de Homic\u00eddios (DIC\/Itaja\u00ed), com o apoio de agentes da DECOD, deram cumprimento a um mandado de pris\u00e3o tempor\u00e1ria em desfavor de um suspeito, de 24 anos, o qual responde por [&hellip;]<\/p>\n","protected":false},"author":5,"featured_media":24984,"comment_status":"closed","ping_status":"open","sticky":false,"template":"","format":"standard","meta":{"_monsterinsights_skip_tracking":false,"_monsterinsights_sitenote_active":false,"_monsterinsights_sitenote_note":"","_monsterinsights_sitenote_category":0,"footnotes":""},"categories":[1],"tags":[],"class_list":["post-24983","post","type-post","status-publish","format-standard","has-post-thumbnail","hentry","category-sem-categoria"],"_links":{"self":[{"href":"https:\/\/pc.sc.gov.br\/index.php?rest_route=\/wp\/v2\/posts\/24983","targetHints":{"allow":["GET"]}}],"collection":[{"href":"https:\/\/pc.sc.gov.br\/index.php?rest_route=\/wp\/v2\/posts"}],"about":[{"href":"https:\/\/pc.sc.gov.br\/index.php?rest_route=\/wp\/v2\/types\/post"}],"author":[{"embeddable":true,"href":"https:\/\/pc.sc.gov.br\/index.php?rest_route=\/wp\/v2\/users\/5"}],"replies":[{"embeddable":true,"href":"https:\/\/pc.sc.gov.br\/index.php?rest_route=%2Fwp%2Fv2%2Fcomments&post=24983"}],"version-history":[{"count":3,"href":"https:\/\/pc.sc.gov.br\/index.php?rest_route=\/wp\/v2\/posts\/24983\/revisions"}],"predecessor-version":[{"id":24987,"href":"https:\/\/pc.sc.gov.br\/index.php?rest_route=\/wp\/v2\/posts\/24983\/revisions\/24987"}],"wp:featuredmedia":[{"embeddable":true,"href":"https:\/\/pc.sc.gov.br\/index.php?rest_route=\/wp\/v2\/media\/24984"}],"wp:attachment":[{"href":"https:\/\/pc.sc.gov.br\/index.php?rest_route=%2Fwp%2Fv2%2Fmedia&parent=24983"}],"wp:term":[{"taxonomy":"category","embeddable":true,"href":"https:\/\/pc.sc.gov.br\/index.php?rest_route=%2Fwp%2Fv2%2Fcategories&post=24983"},{"taxonomy":"post_tag","embeddable":true,"href":"https:\/\/pc.sc.gov.br\/index.php?rest_route=%2Fwp%2Fv2%2Ftags&post=24983"}],"curies":[{"name":"wp","href":"https:\/\/api.w.org\/{rel}","templated":true}]}}