{"id":25146,"date":"2024-12-05T13:55:26","date_gmt":"2024-12-05T16:55:26","guid":{"rendered":"https:\/\/pc.sc.gov.br\/?p=25146"},"modified":"2024-12-05T14:00:59","modified_gmt":"2024-12-05T17:00:59","slug":"em-florianopolis-autor-de-roubo-a-pedestre-no-parque-da-luz-e-identificado-e-preso-pela-1a-dp-da-capital","status":"publish","type":"post","link":"https:\/\/pc.sc.gov.br\/?p=25146","title":{"rendered":"Em Florian\u00f3polis, autor de roubo a pedestre no Parque da Luz \u00e9 identificado e preso pela 1\u00aa DP da Capital"},"content":{"rendered":"\t\t<div data-elementor-type=\"wp-post\" data-elementor-id=\"25146\" class=\"elementor elementor-25146\" data-elementor-post-type=\"post\">\n\t\t\t\t\t\t<section class=\"elementor-section elementor-top-section elementor-element elementor-element-58c2b56 elementor-section-boxed elementor-section-height-default elementor-section-height-default\" data-id=\"58c2b56\" data-element_type=\"section\">\n\t\t\t\t\t\t<div class=\"elementor-container elementor-column-gap-default\">\n\t\t\t\t\t<div class=\"elementor-column elementor-col-100 elementor-top-column elementor-element elementor-element-8deafb8\" data-id=\"8deafb8\" data-element_type=\"column\">\n\t\t\t<div class=\"elementor-widget-wrap elementor-element-populated\">\n\t\t\t\t\t\t<div class=\"elementor-element elementor-element-62b0705 elementor-widget elementor-widget-heading\" data-id=\"62b0705\" data-element_type=\"widget\" data-widget_type=\"heading.default\">\n\t\t\t\t<div class=\"elementor-widget-container\">\n\t\t\t\t\t<h2 class=\"elementor-heading-title elementor-size-default\">Em Florian\u00f3polis, autor de roubo a pedestre no Parque da Luz \u00e9 identificado e preso pela 1\u00aa DP da Capital<\/h2>\t\t\t\t<\/div>\n\t\t\t\t<\/div>\n\t\t\t\t\t<\/div>\n\t\t<\/div>\n\t\t\t\t\t<\/div>\n\t\t<\/section>\n\t\t\t\t<section class=\"elementor-section elementor-top-section elementor-element elementor-element-784b702 elementor-section-boxed elementor-section-height-default elementor-section-height-default\" data-id=\"784b702\" data-element_type=\"section\">\n\t\t\t\t\t\t<div class=\"elementor-container elementor-column-gap-default\">\n\t\t\t\t\t<div class=\"elementor-column elementor-col-100 elementor-top-column elementor-element elementor-element-5849f85\" data-id=\"5849f85\" data-element_type=\"column\">\n\t\t\t<div class=\"elementor-widget-wrap elementor-element-populated\">\n\t\t\t\t\t\t<div class=\"elementor-element elementor-element-2d26b00 elementor-widget elementor-widget-image\" data-id=\"2d26b00\" data-element_type=\"widget\" data-widget_type=\"image.default\">\n\t\t\t\t<div class=\"elementor-widget-container\">\n\t\t\t\t\t\t\t\t\t\t\t\t\t\t\t<img fetchpriority=\"high\" decoding=\"async\" width=\"696\" height=\"522\" src=\"https:\/\/pc.sc.gov.br\/\/wp-content\/uploads\/2024\/12\/WhatsApp-Image-2024-08-02-at-16.53.34.jpeg\" class=\"attachment-large size-large wp-image-25011\" alt=\"\" srcset=\"https:\/\/pc.sc.gov.br\/\/wp-content\/uploads\/2024\/12\/WhatsApp-Image-2024-08-02-at-16.53.34.jpeg 768w, https:\/\/pc.sc.gov.br\/\/wp-content\/uploads\/2024\/12\/WhatsApp-Image-2024-08-02-at-16.53.34-300x225.jpeg 300w\" sizes=\"(max-width: 696px) 100vw, 696px\" \/>\t\t\t\t\t\t\t\t\t\t\t\t\t\t\t<\/div>\n\t\t\t\t<\/div>\n\t\t\t\t\t<\/div>\n\t\t<\/div>\n\t\t\t\t\t<\/div>\n\t\t<\/section>\n\t\t\t\t<section class=\"elementor-section elementor-top-section elementor-element elementor-element-cfc881f elementor-section-boxed elementor-section-height-default elementor-section-height-default\" data-id=\"cfc881f\" data-element_type=\"section\">\n\t\t\t\t\t\t<div class=\"elementor-container elementor-column-gap-default\">\n\t\t\t\t\t<div class=\"elementor-column elementor-col-100 elementor-top-column elementor-element elementor-element-e955e22\" data-id=\"e955e22\" data-element_type=\"column\">\n\t\t\t<div class=\"elementor-widget-wrap elementor-element-populated\">\n\t\t\t\t\t\t<div class=\"elementor-element elementor-element-227c4c1 elementor-widget elementor-widget-text-editor\" data-id=\"227c4c1\" data-element_type=\"widget\" data-widget_type=\"text-editor.default\">\n\t\t\t\t<div class=\"elementor-widget-container\">\n\t\t\t\t\t\t\t\t\t<p>A Pol\u00edcia Civil de Santa Catarina, por meio Setor de Investiga\u00e7\u00e3o Criminal (SIC), da 1\u00aa Delegacia de Pol\u00edcia da Capital identificou e prendeu o autor de um roubo \u00e0 m\u00e3o armada ocorrido no dia 18 de julho, no Parque da Luz, localizado no Centro de Florian\u00f3polis.&nbsp;<span style=\"font-family: var( --e-global-typography-primary-font-family ), Sans-serif; font-size: var( --e-global-typography-primary-font-size ); font-weight: var( --e-global-typography-primary-font-weight ); letter-spacing: var( --e-global-typography-primary-letter-spacing );\">De acordo com a investiga\u00e7\u00e3o, a v\u00edtima foi abordada por um homem armado, que roubou seu celular e dados banc\u00e1rios. Poucos minutos depois, o autor tentou realizar uma compra em um estabelecimento comercial.<\/span><\/p>\n<p>O Inqu\u00e9rito Policial foi conclu\u00eddo com o indiciamento do investigado, e a autoridade policial representou pela decreta\u00e7\u00e3o de sua pris\u00e3o preventiva, considerando sua extensa ficha criminal por crimes patrimoniais.&nbsp;<span style=\"font-family: var( --e-global-typography-primary-font-family ), Sans-serif; font-size: var( --e-global-typography-primary-font-size ); font-weight: var( --e-global-typography-primary-font-weight ); letter-spacing: var( --e-global-typography-primary-letter-spacing );\">No dia 03\/12, a ordem judicial foi cumprida, e o preso permanece \u00e0 disposi\u00e7\u00e3o da justi\u00e7a. A 1\u00aa DP da Capital refor\u00e7a seu compromisso em proteger a comunidade e garantir a responsabiliza\u00e7\u00e3o dos criminosos.<\/span><\/p>\t\t\t\t\t\t\t\t<\/div>\n\t\t\t\t<\/div>\n\t\t\t\t\t<\/div>\n\t\t<\/div>\n\t\t\t\t\t<\/div>\n\t\t<\/section>\n\t\t\t\t<\/div>\n\t\t","protected":false},"excerpt":{"rendered":"<p>Em Florian\u00f3polis, autor de roubo a pedestre no Parque da Luz \u00e9 identificado e preso pela 1\u00aa DP da Capital A Pol\u00edcia Civil de Santa Catarina, por meio Setor de Investiga\u00e7\u00e3o Criminal (SIC), da 1\u00aa Delegacia de Pol\u00edcia da Capital identificou e prendeu o autor de um roubo \u00e0 m\u00e3o armada ocorrido no dia 18 [&hellip;]<\/p>\n","protected":false},"author":5,"featured_media":25150,"comment_status":"closed","ping_status":"open","sticky":false,"template":"","format":"standard","meta":{"_monsterinsights_skip_tracking":false,"_monsterinsights_sitenote_active":false,"_monsterinsights_sitenote_note":"","_monsterinsights_sitenote_category":0,"footnotes":""},"categories":[1],"tags":[],"class_list":["post-25146","post","type-post","status-publish","format-standard","has-post-thumbnail","hentry","category-sem-categoria"],"_links":{"self":[{"href":"https:\/\/pc.sc.gov.br\/index.php?rest_route=\/wp\/v2\/posts\/25146","targetHints":{"allow":["GET"]}}],"collection":[{"href":"https:\/\/pc.sc.gov.br\/index.php?rest_route=\/wp\/v2\/posts"}],"about":[{"href":"https:\/\/pc.sc.gov.br\/index.php?rest_route=\/wp\/v2\/types\/post"}],"author":[{"embeddable":true,"href":"https:\/\/pc.sc.gov.br\/index.php?rest_route=\/wp\/v2\/users\/5"}],"replies":[{"embeddable":true,"href":"https:\/\/pc.sc.gov.br\/index.php?rest_route=%2Fwp%2Fv2%2Fcomments&post=25146"}],"version-history":[{"count":3,"href":"https:\/\/pc.sc.gov.br\/index.php?rest_route=\/wp\/v2\/posts\/25146\/revisions"}],"predecessor-version":[{"id":25149,"href":"https:\/\/pc.sc.gov.br\/index.php?rest_route=\/wp\/v2\/posts\/25146\/revisions\/25149"}],"wp:featuredmedia":[{"embeddable":true,"href":"https:\/\/pc.sc.gov.br\/index.php?rest_route=\/wp\/v2\/media\/25150"}],"wp:attachment":[{"href":"https:\/\/pc.sc.gov.br\/index.php?rest_route=%2Fwp%2Fv2%2Fmedia&parent=25146"}],"wp:term":[{"taxonomy":"category","embeddable":true,"href":"https:\/\/pc.sc.gov.br\/index.php?rest_route=%2Fwp%2Fv2%2Fcategories&post=25146"},{"taxonomy":"post_tag","embeddable":true,"href":"https:\/\/pc.sc.gov.br\/index.php?rest_route=%2Fwp%2Fv2%2Ftags&post=25146"}],"curies":[{"name":"wp","href":"https:\/\/api.w.org\/{rel}","templated":true}]}}