{"id":25151,"date":"2024-12-05T15:13:12","date_gmt":"2024-12-05T18:13:12","guid":{"rendered":"https:\/\/pc.sc.gov.br\/?p=25151"},"modified":"2024-12-05T15:16:45","modified_gmt":"2024-12-05T18:16:45","slug":"operacao-sociedade-secreta-delegacia-de-combate-a-corrupcao-investiga-crimes-contra-a-administracao-publica-em-chapeco","status":"publish","type":"post","link":"https:\/\/pc.sc.gov.br\/?p=25151","title":{"rendered":"Opera\u00e7\u00e3o \u201cSociedade Secreta\u201d: Delegacia de Combate \u00e0 Corrup\u00e7\u00e3o investiga crimes contra a administra\u00e7\u00e3o p\u00fablica em Chapec\u00f3"},"content":{"rendered":"\t\t<div data-elementor-type=\"wp-post\" data-elementor-id=\"25151\" class=\"elementor elementor-25151\" data-elementor-post-type=\"post\">\n\t\t\t\t\t\t<section class=\"elementor-section elementor-top-section elementor-element elementor-element-a2f72d7 elementor-section-boxed elementor-section-height-default elementor-section-height-default\" data-id=\"a2f72d7\" data-element_type=\"section\">\n\t\t\t\t\t\t<div class=\"elementor-container elementor-column-gap-default\">\n\t\t\t\t\t<div class=\"elementor-column elementor-col-100 elementor-top-column elementor-element elementor-element-3503371\" data-id=\"3503371\" data-element_type=\"column\">\n\t\t\t<div class=\"elementor-widget-wrap elementor-element-populated\">\n\t\t\t\t\t\t<div class=\"elementor-element elementor-element-cb4adee elementor-widget elementor-widget-heading\" data-id=\"cb4adee\" data-element_type=\"widget\" data-widget_type=\"heading.default\">\n\t\t\t\t<div class=\"elementor-widget-container\">\n\t\t\t\t\t<h2 class=\"elementor-heading-title elementor-size-default\">Opera\u00e7\u00e3o \u201cSociedade Secreta\u201d: Delegacia de Combate \u00e0 Corrup\u00e7\u00e3o investiga crimes contra a administra\u00e7\u00e3o p\u00fablica em Chapec\u00f3<\/h2>\t\t\t\t<\/div>\n\t\t\t\t<\/div>\n\t\t\t\t\t<\/div>\n\t\t<\/div>\n\t\t\t\t\t<\/div>\n\t\t<\/section>\n\t\t\t\t<section class=\"elementor-section elementor-top-section elementor-element elementor-element-50ca4b5 elementor-section-boxed elementor-section-height-default elementor-section-height-default\" data-id=\"50ca4b5\" data-element_type=\"section\">\n\t\t\t\t\t\t<div class=\"elementor-container elementor-column-gap-default\">\n\t\t\t\t\t<div class=\"elementor-column elementor-col-100 elementor-top-column elementor-element elementor-element-2343688\" data-id=\"2343688\" data-element_type=\"column\">\n\t\t\t<div class=\"elementor-widget-wrap elementor-element-populated\">\n\t\t\t\t\t\t<div class=\"elementor-element elementor-element-02f0770 elementor-widget elementor-widget-image\" data-id=\"02f0770\" data-element_type=\"widget\" data-widget_type=\"image.default\">\n\t\t\t\t<div class=\"elementor-widget-container\">\n\t\t\t\t\t\t\t\t\t\t\t\t\t\t\t<img fetchpriority=\"high\" decoding=\"async\" width=\"696\" height=\"666\" src=\"https:\/\/pc.sc.gov.br\/\/wp-content\/uploads\/2024\/12\/e147060b-9c36-4874-92c7-2b43c6b164b8-fotor-20241205151151.jpg\" class=\"attachment-large size-large wp-image-25152\" alt=\"\" srcset=\"https:\/\/pc.sc.gov.br\/\/wp-content\/uploads\/2024\/12\/e147060b-9c36-4874-92c7-2b43c6b164b8-fotor-20241205151151.jpg 941w, https:\/\/pc.sc.gov.br\/\/wp-content\/uploads\/2024\/12\/e147060b-9c36-4874-92c7-2b43c6b164b8-fotor-20241205151151-300x287.jpg 300w, https:\/\/pc.sc.gov.br\/\/wp-content\/uploads\/2024\/12\/e147060b-9c36-4874-92c7-2b43c6b164b8-fotor-20241205151151-768x735.jpg 768w\" sizes=\"(max-width: 696px) 100vw, 696px\" \/>\t\t\t\t\t\t\t\t\t\t\t\t\t\t\t<\/div>\n\t\t\t\t<\/div>\n\t\t\t\t\t<\/div>\n\t\t<\/div>\n\t\t\t\t\t<\/div>\n\t\t<\/section>\n\t\t\t\t<section class=\"elementor-section elementor-top-section elementor-element elementor-element-ed0ddfc elementor-section-boxed elementor-section-height-default elementor-section-height-default\" data-id=\"ed0ddfc\" data-element_type=\"section\">\n\t\t\t\t\t\t<div class=\"elementor-container elementor-column-gap-default\">\n\t\t\t\t\t<div class=\"elementor-column elementor-col-100 elementor-top-column elementor-element elementor-element-0c57a03\" data-id=\"0c57a03\" data-element_type=\"column\">\n\t\t\t<div class=\"elementor-widget-wrap elementor-element-populated\">\n\t\t\t\t\t\t<div class=\"elementor-element elementor-element-b08d6f3 elementor-widget elementor-widget-text-editor\" data-id=\"b08d6f3\" data-element_type=\"widget\" data-widget_type=\"text-editor.default\">\n\t\t\t\t<div class=\"elementor-widget-container\">\n\t\t\t\t\t\t\t\t\t<p>A Pol\u00edcia Civil de Santa Catarina, pela 5\u00aa Delegacia de Combate \u00e0 Corrup\u00e7\u00e3o &#8211; 5\u00aa DECOR\/Chapec\u00f3 -, deflagrou na manh\u00e3 desta quinta-feira (05), opera\u00e7\u00e3o policial voltada para a investiga\u00e7\u00e3o de crimes contra a administra\u00e7\u00e3o p\u00fablica (e outras poss\u00edveis infra\u00e7\u00f5es penais) vinculados ao setor de regulariza\u00e7\u00e3o fundi\u00e1ria do munic\u00edpio de Chapec\u00f3.<\/p>\n<p>Na oportunidade foram cumpridos, em Chapec\u00f3, nove mandados de busca e apreens\u00e3o expedidos pelo Ju\u00edzo da Vara Regional de Garantias da Comarca, com o objetivo de colher elementos de interesse \u00e0s investiga\u00e7\u00f5es criminais desenvolvidas pela delegacia especializada.<\/p>\n<p>O caso apura uma den\u00fancia de poss\u00edveis ilegalidades no setor, consistentes em favorecimentos e ajustes que podem revelar crimes como corrup\u00e7\u00e3o passiva e advocacia administrativa, cogitando-se contar com o suposto envolvimento de servidores da pasta e outros desdobramentos.&nbsp;<\/p>\n<p>As investiga\u00e7\u00f5es ainda est\u00e3o em andamento e, dado o est\u00e1gio em que se encontram, demais detalhes sobre o caso ser\u00e3o mantidos em sigilo. A Pol\u00edcia Civil agradece o apoio e colabora\u00e7\u00e3o do Poder Judici\u00e1rio, Minist\u00e9rio P\u00fablico e OAB\/SC no desenvolvimento das dilig\u00eancias.<\/p>\n<p>Auxiliaram na opera\u00e7\u00e3o as Divis\u00f5es de Investiga\u00e7\u00f5es Criminais de S\u00e3o Louren\u00e7o do Oeste, de Conc\u00f3rdia, S\u00e3o Miguel do Oeste e Maravilha, al\u00e9m das delegacias de Monda\u00ed, Paial e Planalto Alegre.<\/p>\t\t\t\t\t\t\t\t<\/div>\n\t\t\t\t<\/div>\n\t\t\t\t\t<\/div>\n\t\t<\/div>\n\t\t\t\t\t<\/div>\n\t\t<\/section>\n\t\t\t\t<\/div>\n\t\t","protected":false},"excerpt":{"rendered":"<p>Opera\u00e7\u00e3o \u201cSociedade Secreta\u201d: Delegacia de Combate \u00e0 Corrup\u00e7\u00e3o investiga crimes contra a administra\u00e7\u00e3o p\u00fablica em Chapec\u00f3 A Pol\u00edcia Civil de Santa Catarina, pela 5\u00aa Delegacia de Combate \u00e0 Corrup\u00e7\u00e3o &#8211; 5\u00aa DECOR\/Chapec\u00f3 -, deflagrou na manh\u00e3 desta quinta-feira (05), opera\u00e7\u00e3o policial voltada para a investiga\u00e7\u00e3o de crimes contra a administra\u00e7\u00e3o p\u00fablica (e outras poss\u00edveis infra\u00e7\u00f5es [&hellip;]<\/p>\n","protected":false},"author":5,"featured_media":25152,"comment_status":"closed","ping_status":"open","sticky":false,"template":"","format":"standard","meta":{"_monsterinsights_skip_tracking":false,"_monsterinsights_sitenote_active":false,"_monsterinsights_sitenote_note":"","_monsterinsights_sitenote_category":0,"footnotes":""},"categories":[1],"tags":[],"class_list":["post-25151","post","type-post","status-publish","format-standard","has-post-thumbnail","hentry","category-sem-categoria"],"_links":{"self":[{"href":"https:\/\/pc.sc.gov.br\/index.php?rest_route=\/wp\/v2\/posts\/25151","targetHints":{"allow":["GET"]}}],"collection":[{"href":"https:\/\/pc.sc.gov.br\/index.php?rest_route=\/wp\/v2\/posts"}],"about":[{"href":"https:\/\/pc.sc.gov.br\/index.php?rest_route=\/wp\/v2\/types\/post"}],"author":[{"embeddable":true,"href":"https:\/\/pc.sc.gov.br\/index.php?rest_route=\/wp\/v2\/users\/5"}],"replies":[{"embeddable":true,"href":"https:\/\/pc.sc.gov.br\/index.php?rest_route=%2Fwp%2Fv2%2Fcomments&post=25151"}],"version-history":[{"count":7,"href":"https:\/\/pc.sc.gov.br\/index.php?rest_route=\/wp\/v2\/posts\/25151\/revisions"}],"predecessor-version":[{"id":25159,"href":"https:\/\/pc.sc.gov.br\/index.php?rest_route=\/wp\/v2\/posts\/25151\/revisions\/25159"}],"wp:featuredmedia":[{"embeddable":true,"href":"https:\/\/pc.sc.gov.br\/index.php?rest_route=\/wp\/v2\/media\/25152"}],"wp:attachment":[{"href":"https:\/\/pc.sc.gov.br\/index.php?rest_route=%2Fwp%2Fv2%2Fmedia&parent=25151"}],"wp:term":[{"taxonomy":"category","embeddable":true,"href":"https:\/\/pc.sc.gov.br\/index.php?rest_route=%2Fwp%2Fv2%2Fcategories&post=25151"},{"taxonomy":"post_tag","embeddable":true,"href":"https:\/\/pc.sc.gov.br\/index.php?rest_route=%2Fwp%2Fv2%2Ftags&post=25151"}],"curies":[{"name":"wp","href":"https:\/\/api.w.org\/{rel}","templated":true}]}}