{"id":25169,"date":"2024-12-05T19:01:24","date_gmt":"2024-12-05T22:01:24","guid":{"rendered":"https:\/\/pc.sc.gov.br\/?p=25169"},"modified":"2024-12-05T19:02:16","modified_gmt":"2024-12-05T22:02:16","slug":"policia-civil-prende-homem-por-tentativa-de-homicidio-contra-professor-de-karate-em-navegantes","status":"publish","type":"post","link":"https:\/\/pc.sc.gov.br\/?p=25169","title":{"rendered":"Pol\u00edcia Civil prende homem por tentativa de homic\u00eddio contra professor de Karat\u00ea em Navegantes"},"content":{"rendered":"\t\t<div data-elementor-type=\"wp-post\" data-elementor-id=\"25169\" class=\"elementor elementor-25169\" data-elementor-post-type=\"post\">\n\t\t\t\t\t\t<section class=\"elementor-section elementor-top-section elementor-element elementor-element-a815e71 elementor-section-boxed elementor-section-height-default elementor-section-height-default\" data-id=\"a815e71\" data-element_type=\"section\">\n\t\t\t\t\t\t<div class=\"elementor-container elementor-column-gap-default\">\n\t\t\t\t\t<div class=\"elementor-column elementor-col-100 elementor-top-column elementor-element elementor-element-a931756\" data-id=\"a931756\" data-element_type=\"column\">\n\t\t\t<div class=\"elementor-widget-wrap elementor-element-populated\">\n\t\t\t\t\t\t<div class=\"elementor-element elementor-element-1ee1b2a elementor-widget elementor-widget-heading\" data-id=\"1ee1b2a\" data-element_type=\"widget\" data-widget_type=\"heading.default\">\n\t\t\t\t<div class=\"elementor-widget-container\">\n\t\t\t\t\t<h2 class=\"elementor-heading-title elementor-size-default\">Pol\u00edcia Civil prende homem por tentativa de homic\u00eddio contra professor de Karat\u00ea em Navegantes<\/h2>\t\t\t\t<\/div>\n\t\t\t\t<\/div>\n\t\t\t\t\t<\/div>\n\t\t<\/div>\n\t\t\t\t\t<\/div>\n\t\t<\/section>\n\t\t\t\t<section class=\"elementor-section elementor-top-section elementor-element elementor-element-5c91f6a elementor-section-boxed elementor-section-height-default elementor-section-height-default\" data-id=\"5c91f6a\" data-element_type=\"section\">\n\t\t\t\t\t\t<div class=\"elementor-container elementor-column-gap-default\">\n\t\t\t\t\t<div class=\"elementor-column elementor-col-100 elementor-top-column elementor-element elementor-element-daeb872\" data-id=\"daeb872\" data-element_type=\"column\">\n\t\t\t<div class=\"elementor-widget-wrap elementor-element-populated\">\n\t\t\t\t\t\t<div class=\"elementor-element elementor-element-e090595 elementor-widget elementor-widget-image\" data-id=\"e090595\" data-element_type=\"widget\" data-widget_type=\"image.default\">\n\t\t\t\t<div class=\"elementor-widget-container\">\n\t\t\t\t\t\t\t\t\t\t\t\t\t\t\t<img fetchpriority=\"high\" decoding=\"async\" width=\"696\" height=\"522\" src=\"https:\/\/pc.sc.gov.br\/\/wp-content\/uploads\/2024\/07\/PCSC-PADRAO-1.jpg\" class=\"attachment-large size-large wp-image-22161\" alt=\"\" srcset=\"https:\/\/pc.sc.gov.br\/\/wp-content\/uploads\/2024\/07\/PCSC-PADRAO-1.jpg 768w, https:\/\/pc.sc.gov.br\/\/wp-content\/uploads\/2024\/07\/PCSC-PADRAO-1-300x225.jpg 300w\" sizes=\"(max-width: 696px) 100vw, 696px\" \/>\t\t\t\t\t\t\t\t\t\t\t\t\t\t\t<\/div>\n\t\t\t\t<\/div>\n\t\t\t\t\t<\/div>\n\t\t<\/div>\n\t\t\t\t\t<\/div>\n\t\t<\/section>\n\t\t\t\t<section class=\"elementor-section elementor-top-section elementor-element elementor-element-2c55280 elementor-section-boxed elementor-section-height-default elementor-section-height-default\" data-id=\"2c55280\" data-element_type=\"section\">\n\t\t\t\t\t\t<div class=\"elementor-container elementor-column-gap-default\">\n\t\t\t\t\t<div class=\"elementor-column elementor-col-100 elementor-top-column elementor-element elementor-element-f71802e\" data-id=\"f71802e\" data-element_type=\"column\">\n\t\t\t<div class=\"elementor-widget-wrap elementor-element-populated\">\n\t\t\t\t\t\t<div class=\"elementor-element elementor-element-ffe33ce elementor-widget elementor-widget-text-editor\" data-id=\"ffe33ce\" data-element_type=\"widget\" data-widget_type=\"text-editor.default\">\n\t\t\t\t<div class=\"elementor-widget-container\">\n\t\t\t\t\t\t\t\t\t<p>Nesta quinta-feira (05\/12), a Pol\u00edcia Civil de Santa Catarina, por meio da Delegacia de Pol\u00edcia da Comarca de Navegantes, prendeu um homem por tentativa de homic\u00eddio contra um professor de karat\u00ea.<\/p><p>O crime ocorreu no dia 26\/11\/2024 em Navegantes. Ap\u00f3s tomar conhecimento do fato, imediatamente, a Pol\u00edcia Civil deu in\u00edcio \u00e0s investiga\u00e7\u00f5es, adotando todas as medidas investigativas cab\u00edveis.<\/p><p>Ap\u00f3s representa\u00e7\u00e3o da Autoridade Policial, foi decretada a pris\u00e3o preventiva do autor. Ap\u00f3s o cometimento do crime, o homem empreendeu fuga para a cidade de Araquari, permanecendo na resid\u00eancia da sua genitora, onde foi localizado e preso.<\/p><p>Na abordagem, o alvo do mandado n\u00e3o resistiu, sendo encaminhado para a Unidade Prisional Avan\u00e7ada de S\u00e3o Francisco do Sul, onde permanece \u00e0 disposi\u00e7\u00e3o da Justi\u00e7a. O Inqu\u00e9rito Policial ser\u00e1 finalizado nos pr\u00f3ximos dias.<\/p>\t\t\t\t\t\t\t\t<\/div>\n\t\t\t\t<\/div>\n\t\t\t\t\t<\/div>\n\t\t<\/div>\n\t\t\t\t\t<\/div>\n\t\t<\/section>\n\t\t\t\t<\/div>\n\t\t","protected":false},"excerpt":{"rendered":"<p>Pol\u00edcia Civil prende homem por tentativa de homic\u00eddio contra professor de Karat\u00ea em Navegantes Nesta quinta-feira (05\/12), a Pol\u00edcia Civil de Santa Catarina, por meio da Delegacia de Pol\u00edcia da Comarca de Navegantes, prendeu um homem por tentativa de homic\u00eddio contra um professor de karat\u00ea. O crime ocorreu no dia 26\/11\/2024 em Navegantes. Ap\u00f3s tomar [&hellip;]<\/p>\n","protected":false},"author":5,"featured_media":22161,"comment_status":"closed","ping_status":"open","sticky":false,"template":"","format":"standard","meta":{"_monsterinsights_skip_tracking":false,"_monsterinsights_sitenote_active":false,"_monsterinsights_sitenote_note":"","_monsterinsights_sitenote_category":0,"footnotes":""},"categories":[1],"tags":[],"class_list":["post-25169","post","type-post","status-publish","format-standard","has-post-thumbnail","hentry","category-sem-categoria"],"_links":{"self":[{"href":"https:\/\/pc.sc.gov.br\/index.php?rest_route=\/wp\/v2\/posts\/25169","targetHints":{"allow":["GET"]}}],"collection":[{"href":"https:\/\/pc.sc.gov.br\/index.php?rest_route=\/wp\/v2\/posts"}],"about":[{"href":"https:\/\/pc.sc.gov.br\/index.php?rest_route=\/wp\/v2\/types\/post"}],"author":[{"embeddable":true,"href":"https:\/\/pc.sc.gov.br\/index.php?rest_route=\/wp\/v2\/users\/5"}],"replies":[{"embeddable":true,"href":"https:\/\/pc.sc.gov.br\/index.php?rest_route=%2Fwp%2Fv2%2Fcomments&post=25169"}],"version-history":[{"count":4,"href":"https:\/\/pc.sc.gov.br\/index.php?rest_route=\/wp\/v2\/posts\/25169\/revisions"}],"predecessor-version":[{"id":25173,"href":"https:\/\/pc.sc.gov.br\/index.php?rest_route=\/wp\/v2\/posts\/25169\/revisions\/25173"}],"wp:featuredmedia":[{"embeddable":true,"href":"https:\/\/pc.sc.gov.br\/index.php?rest_route=\/wp\/v2\/media\/22161"}],"wp:attachment":[{"href":"https:\/\/pc.sc.gov.br\/index.php?rest_route=%2Fwp%2Fv2%2Fmedia&parent=25169"}],"wp:term":[{"taxonomy":"category","embeddable":true,"href":"https:\/\/pc.sc.gov.br\/index.php?rest_route=%2Fwp%2Fv2%2Fcategories&post=25169"},{"taxonomy":"post_tag","embeddable":true,"href":"https:\/\/pc.sc.gov.br\/index.php?rest_route=%2Fwp%2Fv2%2Ftags&post=25169"}],"curies":[{"name":"wp","href":"https:\/\/api.w.org\/{rel}","templated":true}]}}