{"id":25181,"date":"2024-12-06T15:00:30","date_gmt":"2024-12-06T18:00:30","guid":{"rendered":"https:\/\/pc.sc.gov.br\/?p=25181"},"modified":"2024-12-06T15:01:25","modified_gmt":"2024-12-06T18:01:25","slug":"policia-civil-prende-dois-investigados-por-estelionatos-envolvendo-a-venda-de-imoveis-no-norte-da-ilha","status":"publish","type":"post","link":"https:\/\/pc.sc.gov.br\/?p=25181","title":{"rendered":"Pol\u00edcia Civil prende dois investigados por estelionatos envolvendo a venda de im\u00f3veis no Norte da Ilha"},"content":{"rendered":"\t\t<div data-elementor-type=\"wp-post\" data-elementor-id=\"25181\" class=\"elementor elementor-25181\" data-elementor-post-type=\"post\">\n\t\t\t\t\t\t<section class=\"elementor-section elementor-top-section elementor-element elementor-element-3c1be20 elementor-section-boxed elementor-section-height-default elementor-section-height-default\" data-id=\"3c1be20\" data-element_type=\"section\">\n\t\t\t\t\t\t<div class=\"elementor-container elementor-column-gap-default\">\n\t\t\t\t\t<div class=\"elementor-column elementor-col-100 elementor-top-column elementor-element elementor-element-4233ff5\" data-id=\"4233ff5\" data-element_type=\"column\">\n\t\t\t<div class=\"elementor-widget-wrap elementor-element-populated\">\n\t\t\t\t\t\t<div class=\"elementor-element elementor-element-0882771 elementor-widget elementor-widget-heading\" data-id=\"0882771\" data-element_type=\"widget\" data-widget_type=\"heading.default\">\n\t\t\t\t<div class=\"elementor-widget-container\">\n\t\t\t\t\t<h2 class=\"elementor-heading-title elementor-size-default\">Pol\u00edcia Civil prende dois investigados por estelionatos envolvendo a venda de im\u00f3veis no Norte da Ilha <\/h2>\t\t\t\t<\/div>\n\t\t\t\t<\/div>\n\t\t\t\t\t<\/div>\n\t\t<\/div>\n\t\t\t\t\t<\/div>\n\t\t<\/section>\n\t\t\t\t<section class=\"elementor-section elementor-top-section elementor-element elementor-element-e8249b5 elementor-section-boxed elementor-section-height-default elementor-section-height-default\" data-id=\"e8249b5\" data-element_type=\"section\">\n\t\t\t\t\t\t<div class=\"elementor-container elementor-column-gap-default\">\n\t\t\t\t\t<div class=\"elementor-column elementor-col-100 elementor-top-column elementor-element elementor-element-bb7cdc3\" data-id=\"bb7cdc3\" data-element_type=\"column\">\n\t\t\t<div class=\"elementor-widget-wrap elementor-element-populated\">\n\t\t\t\t\t\t<div class=\"elementor-element elementor-element-464d582 elementor-widget elementor-widget-image\" data-id=\"464d582\" data-element_type=\"widget\" data-widget_type=\"image.default\">\n\t\t\t\t<div class=\"elementor-widget-container\">\n\t\t\t\t\t\t\t\t\t\t\t\t\t\t\t<img fetchpriority=\"high\" decoding=\"async\" width=\"696\" height=\"392\" src=\"https:\/\/pc.sc.gov.br\/\/wp-content\/uploads\/2024\/12\/videira2_51467587006_o-1024x576.jpg\" class=\"attachment-large size-large wp-image-25107\" alt=\"\" srcset=\"https:\/\/pc.sc.gov.br\/\/wp-content\/uploads\/2024\/12\/videira2_51467587006_o-1024x576.jpg 1024w, https:\/\/pc.sc.gov.br\/\/wp-content\/uploads\/2024\/12\/videira2_51467587006_o-300x169.jpg 300w, https:\/\/pc.sc.gov.br\/\/wp-content\/uploads\/2024\/12\/videira2_51467587006_o-768x432.jpg 768w, https:\/\/pc.sc.gov.br\/\/wp-content\/uploads\/2024\/12\/videira2_51467587006_o.jpg 1280w\" sizes=\"(max-width: 696px) 100vw, 696px\" \/>\t\t\t\t\t\t\t\t\t\t\t\t\t\t\t<\/div>\n\t\t\t\t<\/div>\n\t\t\t\t\t<\/div>\n\t\t<\/div>\n\t\t\t\t\t<\/div>\n\t\t<\/section>\n\t\t\t\t<section class=\"elementor-section elementor-top-section elementor-element elementor-element-9f7a911 elementor-section-boxed elementor-section-height-default elementor-section-height-default\" data-id=\"9f7a911\" data-element_type=\"section\">\n\t\t\t\t\t\t<div class=\"elementor-container elementor-column-gap-default\">\n\t\t\t\t\t<div class=\"elementor-column elementor-col-100 elementor-top-column elementor-element elementor-element-2e7b8d1\" data-id=\"2e7b8d1\" data-element_type=\"column\">\n\t\t\t<div class=\"elementor-widget-wrap elementor-element-populated\">\n\t\t\t\t\t\t<div class=\"elementor-element elementor-element-a910b36 elementor-widget elementor-widget-text-editor\" data-id=\"a910b36\" data-element_type=\"widget\" data-widget_type=\"text-editor.default\">\n\t\t\t\t<div class=\"elementor-widget-container\">\n\t\t\t\t\t\t\t\t\t<p>Nesta sexta-feira (06\/12), a Pol\u00edcia Civil de Santa Catarina, por meio da 8\u00aa Delegacia de Pol\u00edcia da Capital, com o apoio da Delegacia de Combate a Estelionato da Capital, cumpriu um mandado de busca e apreens\u00e3o e dois mandados de pris\u00e3o preventiva em desfavor de dois investigados pelo crime de estelionato qualificado, cometidos na regi\u00e3o norte da ilha de Florian\u00f3polis.<\/p>\n<p>As investiga\u00e7\u00f5es come\u00e7aram ap\u00f3s diversas den\u00fancias contra o suspeito. O preso possui vasta ficha policial na pr\u00e1tica de crimes de estelionato, alguns praticados no estado do Rio de Janeiro, inclusive contra o pr\u00f3prio irm\u00e3o, bem como participa\u00e7\u00e3o em organiza\u00e7\u00e3o criminosa interestaduais.<\/p>\n<p>J\u00e1 a investigada estava \u00e0 frente das negocia\u00e7\u00f5es do marido, tendo em vista que ele n\u00e3o possui mais credibilidade e \u00e9 r\u00e9u em in\u00fameros processos. Dessa forma, ela auxiliava e continuava com a pr\u00e1tica delituosa de seu marido.<\/p>\n<p>O preso \u00e9 um criminoso contumaz que continuava a aplicar golpes de estelionato. O &#8220;modus operandi&#8221; era vender um im\u00f3vel para duas ou mais pessoas e n\u00e3o entregar, fazendo aditivos e protelando a obra.<\/p>\t\t\t\t\t\t\t\t<\/div>\n\t\t\t\t<\/div>\n\t\t\t\t\t<\/div>\n\t\t<\/div>\n\t\t\t\t\t<\/div>\n\t\t<\/section>\n\t\t\t\t<\/div>\n\t\t","protected":false},"excerpt":{"rendered":"<p>Pol\u00edcia Civil prende dois investigados por estelionatos envolvendo a venda de im\u00f3veis no Norte da Ilha Nesta sexta-feira (06\/12), a Pol\u00edcia Civil de Santa Catarina, por meio da 8\u00aa Delegacia de Pol\u00edcia da Capital, com o apoio da Delegacia de Combate a Estelionato da Capital, cumpriu um mandado de busca e apreens\u00e3o e dois mandados [&hellip;]<\/p>\n","protected":false},"author":5,"featured_media":25107,"comment_status":"closed","ping_status":"open","sticky":false,"template":"","format":"standard","meta":{"_monsterinsights_skip_tracking":false,"_monsterinsights_sitenote_active":false,"_monsterinsights_sitenote_note":"","_monsterinsights_sitenote_category":0,"footnotes":""},"categories":[1],"tags":[],"class_list":["post-25181","post","type-post","status-publish","format-standard","has-post-thumbnail","hentry","category-sem-categoria"],"_links":{"self":[{"href":"https:\/\/pc.sc.gov.br\/index.php?rest_route=\/wp\/v2\/posts\/25181","targetHints":{"allow":["GET"]}}],"collection":[{"href":"https:\/\/pc.sc.gov.br\/index.php?rest_route=\/wp\/v2\/posts"}],"about":[{"href":"https:\/\/pc.sc.gov.br\/index.php?rest_route=\/wp\/v2\/types\/post"}],"author":[{"embeddable":true,"href":"https:\/\/pc.sc.gov.br\/index.php?rest_route=\/wp\/v2\/users\/5"}],"replies":[{"embeddable":true,"href":"https:\/\/pc.sc.gov.br\/index.php?rest_route=%2Fwp%2Fv2%2Fcomments&post=25181"}],"version-history":[{"count":4,"href":"https:\/\/pc.sc.gov.br\/index.php?rest_route=\/wp\/v2\/posts\/25181\/revisions"}],"predecessor-version":[{"id":25185,"href":"https:\/\/pc.sc.gov.br\/index.php?rest_route=\/wp\/v2\/posts\/25181\/revisions\/25185"}],"wp:featuredmedia":[{"embeddable":true,"href":"https:\/\/pc.sc.gov.br\/index.php?rest_route=\/wp\/v2\/media\/25107"}],"wp:attachment":[{"href":"https:\/\/pc.sc.gov.br\/index.php?rest_route=%2Fwp%2Fv2%2Fmedia&parent=25181"}],"wp:term":[{"taxonomy":"category","embeddable":true,"href":"https:\/\/pc.sc.gov.br\/index.php?rest_route=%2Fwp%2Fv2%2Fcategories&post=25181"},{"taxonomy":"post_tag","embeddable":true,"href":"https:\/\/pc.sc.gov.br\/index.php?rest_route=%2Fwp%2Fv2%2Ftags&post=25181"}],"curies":[{"name":"wp","href":"https:\/\/api.w.org\/{rel}","templated":true}]}}