{"id":25239,"date":"2024-12-10T15:00:40","date_gmt":"2024-12-10T18:00:40","guid":{"rendered":"https:\/\/pc.sc.gov.br\/?p=25239"},"modified":"2024-12-10T15:01:23","modified_gmt":"2024-12-10T18:01:23","slug":"policias-civil-e-militar-deflagram-operacao-communis-e-prendem-tres-homens-por-roubos-na-capital","status":"publish","type":"post","link":"https:\/\/pc.sc.gov.br\/?p=25239","title":{"rendered":"Pol\u00edcias Civil e Militar deflagram Opera\u00e7\u00e3o &#8220;Communis&#8221; e prendem tr\u00eas homens por roubos na\u00a0 Capital"},"content":{"rendered":"\t\t<div data-elementor-type=\"wp-post\" data-elementor-id=\"25239\" class=\"elementor elementor-25239\" data-elementor-post-type=\"post\">\n\t\t\t\t\t\t<section class=\"elementor-section elementor-top-section elementor-element elementor-element-924ed8d elementor-section-boxed elementor-section-height-default elementor-section-height-default\" data-id=\"924ed8d\" data-element_type=\"section\">\n\t\t\t\t\t\t<div class=\"elementor-container elementor-column-gap-default\">\n\t\t\t\t\t<div class=\"elementor-column elementor-col-100 elementor-top-column elementor-element elementor-element-43d76e8\" data-id=\"43d76e8\" data-element_type=\"column\">\n\t\t\t<div class=\"elementor-widget-wrap elementor-element-populated\">\n\t\t\t\t\t\t<div class=\"elementor-element elementor-element-3ce5242 elementor-widget elementor-widget-heading\" data-id=\"3ce5242\" data-element_type=\"widget\" data-widget_type=\"heading.default\">\n\t\t\t\t<div class=\"elementor-widget-container\">\n\t\t\t\t\t<h2 class=\"elementor-heading-title elementor-size-default\">Pol\u00edcias Civil e Militar deflagram Opera\u00e7\u00e3o \"Communis\" e prendem tr\u00eas homens por roubos na  Capital<\/h2>\t\t\t\t<\/div>\n\t\t\t\t<\/div>\n\t\t\t\t\t<\/div>\n\t\t<\/div>\n\t\t\t\t\t<\/div>\n\t\t<\/section>\n\t\t\t\t<section class=\"elementor-section elementor-top-section elementor-element elementor-element-dfe2c6e elementor-section-boxed elementor-section-height-default elementor-section-height-default\" data-id=\"dfe2c6e\" data-element_type=\"section\">\n\t\t\t\t\t\t<div class=\"elementor-container elementor-column-gap-default\">\n\t\t\t\t\t<div class=\"elementor-column elementor-col-100 elementor-top-column elementor-element elementor-element-827db79\" data-id=\"827db79\" data-element_type=\"column\">\n\t\t\t<div class=\"elementor-widget-wrap elementor-element-populated\">\n\t\t\t\t\t\t<div class=\"elementor-element elementor-element-54ced2d elementor-widget elementor-widget-image\" data-id=\"54ced2d\" data-element_type=\"widget\" data-widget_type=\"image.default\">\n\t\t\t\t<div class=\"elementor-widget-container\">\n\t\t\t\t\t\t\t\t\t\t\t\t\t\t\t<img fetchpriority=\"high\" decoding=\"async\" width=\"696\" height=\"522\" src=\"https:\/\/pc.sc.gov.br\/\/wp-content\/uploads\/2024\/12\/WhatsApp-Image-2024-12-10-at-07.29.16-1024x768.jpeg\" class=\"attachment-large size-large wp-image-25240\" alt=\"\" srcset=\"https:\/\/pc.sc.gov.br\/\/wp-content\/uploads\/2024\/12\/WhatsApp-Image-2024-12-10-at-07.29.16-1024x768.jpeg 1024w, https:\/\/pc.sc.gov.br\/\/wp-content\/uploads\/2024\/12\/WhatsApp-Image-2024-12-10-at-07.29.16-300x225.jpeg 300w, https:\/\/pc.sc.gov.br\/\/wp-content\/uploads\/2024\/12\/WhatsApp-Image-2024-12-10-at-07.29.16-768x576.jpeg 768w, https:\/\/pc.sc.gov.br\/\/wp-content\/uploads\/2024\/12\/WhatsApp-Image-2024-12-10-at-07.29.16.jpeg 1040w\" sizes=\"(max-width: 696px) 100vw, 696px\" \/>\t\t\t\t\t\t\t\t\t\t\t\t\t\t\t<\/div>\n\t\t\t\t<\/div>\n\t\t\t\t\t<\/div>\n\t\t<\/div>\n\t\t\t\t\t<\/div>\n\t\t<\/section>\n\t\t\t\t<section class=\"elementor-section elementor-top-section elementor-element elementor-element-b710ddf elementor-section-boxed elementor-section-height-default elementor-section-height-default\" data-id=\"b710ddf\" data-element_type=\"section\">\n\t\t\t\t\t\t<div class=\"elementor-container elementor-column-gap-default\">\n\t\t\t\t\t<div class=\"elementor-column elementor-col-100 elementor-top-column elementor-element elementor-element-c6a22f3\" data-id=\"c6a22f3\" data-element_type=\"column\">\n\t\t\t<div class=\"elementor-widget-wrap elementor-element-populated\">\n\t\t\t\t\t\t<div class=\"elementor-element elementor-element-4248675 elementor-widget elementor-widget-text-editor\" data-id=\"4248675\" data-element_type=\"widget\" data-widget_type=\"text-editor.default\">\n\t\t\t\t<div class=\"elementor-widget-container\">\n\t\t\t\t\t\t\t\t\t<p>Na manh\u00e3 desta ter\u00e7a-feira, 10 de dezembro, a Pol\u00edcia Civil de Santa Catarina, por meio da Delegacia de Repress\u00e3o a Roubos da Capital (DIC\/DRR), em conjunto com a Pol\u00edcia Militar de Santa Catarina, por meio do 22\u00ba Batalh\u00e3o de Pol\u00edcia Militar, deflagraram a opera\u00e7\u00e3o \u201cCommunis\u201d, com o objetivo de prender os respons\u00e1veis por uma s\u00e9rie de roubos na cidade de Florian\u00f3polis.<\/p><p>A opera\u00e7\u00e3o visava o cumprimento de seis mandados de busca e apreens\u00e3o e tr\u00eas mandados de pris\u00e3o provis\u00f3ria, expedidos pela Vara Regional de Garantias da Comarca da Capital, tendo como alvo a Comunidade da Grota, no Bairro Monte Cristo, em Florian\u00f3polis. Durante a opera\u00e7\u00e3o, foram presos tr\u00eas indiv\u00edduos. Al\u00e9m disso, restaram apreendidos celulares e outros materiais relacionados \u00e0 investiga\u00e7\u00e3o.<\/p><p>As investiga\u00e7\u00f5es iniciaram ap\u00f3s o roubo de um ve\u00edculo no Bairro Estreito; na sequ\u00eancia, os mesmos autores cometeram mais um crime, ocorrido na Beira-mar continental, oportunidade em que os criminosos, portando armas de fogo, agiram com extrema viol\u00eancia, roubando um ve\u00edculo e pertences da v\u00edtima.<\/p><p>Na semana seguinte, os mesmos indiv\u00edduos realizaram um roubo a uma resid\u00eancia no Bairro Carianos e, por \u00faltimo, na casa da fam\u00edlia de um famoso jornalista da cidade \u2013 ocasi\u00e3o em que subtra\u00edram a quantia de R$ 300.000,00.<\/p><p>Apoiaram a opera\u00e7\u00e3o a Delegacia de Homic\u00eddios, Decod, DPA, N\u00facleo de Opera\u00e7\u00f5es com c\u00e3es (NOC) e a ag\u00eancia de intelig\u00eancia do BOPE.<\/p>\t\t\t\t\t\t\t\t<\/div>\n\t\t\t\t<\/div>\n\t\t\t\t\t<\/div>\n\t\t<\/div>\n\t\t\t\t\t<\/div>\n\t\t<\/section>\n\t\t\t\t<\/div>\n\t\t","protected":false},"excerpt":{"rendered":"<p>Pol\u00edcias Civil e Militar deflagram Opera\u00e7\u00e3o &#8220;Communis&#8221; e prendem tr\u00eas homens por roubos na Capital Na manh\u00e3 desta ter\u00e7a-feira, 10 de dezembro, a Pol\u00edcia Civil de Santa Catarina, por meio da Delegacia de Repress\u00e3o a Roubos da Capital (DIC\/DRR), em conjunto com a Pol\u00edcia Militar de Santa Catarina, por meio do 22\u00ba Batalh\u00e3o de Pol\u00edcia [&hellip;]<\/p>\n","protected":false},"author":5,"featured_media":25240,"comment_status":"closed","ping_status":"open","sticky":false,"template":"","format":"standard","meta":{"_monsterinsights_skip_tracking":false,"_monsterinsights_sitenote_active":false,"_monsterinsights_sitenote_note":"","_monsterinsights_sitenote_category":0,"footnotes":""},"categories":[1],"tags":[],"class_list":["post-25239","post","type-post","status-publish","format-standard","has-post-thumbnail","hentry","category-sem-categoria"],"_links":{"self":[{"href":"https:\/\/pc.sc.gov.br\/index.php?rest_route=\/wp\/v2\/posts\/25239","targetHints":{"allow":["GET"]}}],"collection":[{"href":"https:\/\/pc.sc.gov.br\/index.php?rest_route=\/wp\/v2\/posts"}],"about":[{"href":"https:\/\/pc.sc.gov.br\/index.php?rest_route=\/wp\/v2\/types\/post"}],"author":[{"embeddable":true,"href":"https:\/\/pc.sc.gov.br\/index.php?rest_route=\/wp\/v2\/users\/5"}],"replies":[{"embeddable":true,"href":"https:\/\/pc.sc.gov.br\/index.php?rest_route=%2Fwp%2Fv2%2Fcomments&post=25239"}],"version-history":[{"count":4,"href":"https:\/\/pc.sc.gov.br\/index.php?rest_route=\/wp\/v2\/posts\/25239\/revisions"}],"predecessor-version":[{"id":25244,"href":"https:\/\/pc.sc.gov.br\/index.php?rest_route=\/wp\/v2\/posts\/25239\/revisions\/25244"}],"wp:featuredmedia":[{"embeddable":true,"href":"https:\/\/pc.sc.gov.br\/index.php?rest_route=\/wp\/v2\/media\/25240"}],"wp:attachment":[{"href":"https:\/\/pc.sc.gov.br\/index.php?rest_route=%2Fwp%2Fv2%2Fmedia&parent=25239"}],"wp:term":[{"taxonomy":"category","embeddable":true,"href":"https:\/\/pc.sc.gov.br\/index.php?rest_route=%2Fwp%2Fv2%2Fcategories&post=25239"},{"taxonomy":"post_tag","embeddable":true,"href":"https:\/\/pc.sc.gov.br\/index.php?rest_route=%2Fwp%2Fv2%2Ftags&post=25239"}],"curies":[{"name":"wp","href":"https:\/\/api.w.org\/{rel}","templated":true}]}}