{"id":25254,"date":"2024-12-10T16:11:37","date_gmt":"2024-12-10T19:11:37","guid":{"rendered":"https:\/\/pc.sc.gov.br\/?p=25254"},"modified":"2024-12-10T16:13:31","modified_gmt":"2024-12-10T19:13:31","slug":"pcsc-desenvolve-ip-digital-em-parceria-com-o-poder-judiciario-e-sistema-comeca-a-ser-implantado-em-florianopolis-e-blumenau","status":"publish","type":"post","link":"https:\/\/pc.sc.gov.br\/?p=25254","title":{"rendered":"PCSC desenvolve IP Digital em parceria com o Poder Judici\u00e1rio e sistema come\u00e7a a ser implantado em Florian\u00f3polis e Blumenau"},"content":{"rendered":"\t\t<div data-elementor-type=\"wp-post\" data-elementor-id=\"25254\" class=\"elementor elementor-25254\" data-elementor-post-type=\"post\">\n\t\t\t\t\t\t<section class=\"elementor-section elementor-top-section elementor-element elementor-element-77bbe37 elementor-section-boxed elementor-section-height-default elementor-section-height-default\" data-id=\"77bbe37\" data-element_type=\"section\">\n\t\t\t\t\t\t<div class=\"elementor-container elementor-column-gap-default\">\n\t\t\t\t\t<div class=\"elementor-column elementor-col-100 elementor-top-column elementor-element elementor-element-6a9b4c1\" data-id=\"6a9b4c1\" data-element_type=\"column\">\n\t\t\t<div class=\"elementor-widget-wrap elementor-element-populated\">\n\t\t\t\t\t\t<div class=\"elementor-element elementor-element-2bd2934 elementor-widget elementor-widget-heading\" data-id=\"2bd2934\" data-element_type=\"widget\" data-widget_type=\"heading.default\">\n\t\t\t\t<div class=\"elementor-widget-container\">\n\t\t\t\t\t<h2 class=\"elementor-heading-title elementor-size-default\">PCSC desenvolve IP Digital em parceria com o Poder Judici\u00e1rio e sistema come\u00e7a a ser implantado em Florian\u00f3polis e Blumenau<\/h2>\t\t\t\t<\/div>\n\t\t\t\t<\/div>\n\t\t\t\t\t<\/div>\n\t\t<\/div>\n\t\t\t\t\t<\/div>\n\t\t<\/section>\n\t\t\t\t<section class=\"elementor-section elementor-top-section elementor-element elementor-element-52cb863 elementor-section-boxed elementor-section-height-default elementor-section-height-default\" data-id=\"52cb863\" data-element_type=\"section\">\n\t\t\t\t\t\t<div class=\"elementor-container elementor-column-gap-default\">\n\t\t\t\t\t<div class=\"elementor-column elementor-col-100 elementor-top-column elementor-element elementor-element-4e796cf\" data-id=\"4e796cf\" data-element_type=\"column\">\n\t\t\t<div class=\"elementor-widget-wrap elementor-element-populated\">\n\t\t\t\t\t\t<div class=\"elementor-element elementor-element-ada9b5b elementor-widget elementor-widget-image\" data-id=\"ada9b5b\" data-element_type=\"widget\" data-widget_type=\"image.default\">\n\t\t\t\t<div class=\"elementor-widget-container\">\n\t\t\t\t\t\t\t\t\t\t\t\t\t\t\t<img fetchpriority=\"high\" decoding=\"async\" width=\"696\" height=\"392\" src=\"https:\/\/pc.sc.gov.br\/\/wp-content\/uploads\/2024\/12\/faecfa08-82df-447c-b796-62965e27bb43-fotor-20241210155931-1024x576.jpg\" class=\"attachment-large size-large wp-image-25252\" alt=\"\" srcset=\"https:\/\/pc.sc.gov.br\/\/wp-content\/uploads\/2024\/12\/faecfa08-82df-447c-b796-62965e27bb43-fotor-20241210155931-1024x576.jpg 1024w, https:\/\/pc.sc.gov.br\/\/wp-content\/uploads\/2024\/12\/faecfa08-82df-447c-b796-62965e27bb43-fotor-20241210155931-300x169.jpg 300w, https:\/\/pc.sc.gov.br\/\/wp-content\/uploads\/2024\/12\/faecfa08-82df-447c-b796-62965e27bb43-fotor-20241210155931-768x432.jpg 768w, https:\/\/pc.sc.gov.br\/\/wp-content\/uploads\/2024\/12\/faecfa08-82df-447c-b796-62965e27bb43-fotor-20241210155931.jpg 1349w\" sizes=\"(max-width: 696px) 100vw, 696px\" \/>\t\t\t\t\t\t\t\t\t\t\t\t\t\t\t<\/div>\n\t\t\t\t<\/div>\n\t\t\t\t\t<\/div>\n\t\t<\/div>\n\t\t\t\t\t<\/div>\n\t\t<\/section>\n\t\t\t\t<section class=\"elementor-section elementor-top-section elementor-element elementor-element-189f980 elementor-section-boxed elementor-section-height-default elementor-section-height-default\" data-id=\"189f980\" data-element_type=\"section\">\n\t\t\t\t\t\t<div class=\"elementor-container elementor-column-gap-default\">\n\t\t\t\t\t<div class=\"elementor-column elementor-col-100 elementor-top-column elementor-element elementor-element-64c262c\" data-id=\"64c262c\" data-element_type=\"column\">\n\t\t\t<div class=\"elementor-widget-wrap elementor-element-populated\">\n\t\t\t\t\t\t<div class=\"elementor-element elementor-element-3a1fe30 elementor-widget elementor-widget-text-editor\" data-id=\"3a1fe30\" data-element_type=\"widget\" data-widget_type=\"text-editor.default\">\n\t\t\t\t<div class=\"elementor-widget-container\">\n\t\t\t\t\t\t\t\t\t<p>O Inqu\u00e9rito Policial Digital, um dos grandes projetos desenvolvidos pela Pol\u00edcia Civil de Santa Catarina, em parceria com o Poder Judici\u00e1rio, foi apresentando nesta segunda-feira, 9, ao presidente do Tribunal de Justi\u00e7a, Desembargador Francisco de Oliveira Filho. Na oportunidade, o delegado-geral, Ulisses Gabriel, agradeceu ao Tribunal pela parceria no desenvolvimento do IP Digital, por meio de suas diretorias judici\u00e1rias e de tecnologia, que j\u00e1 vinham atuando e auxiliando no desenvolvimento desse grande projeto, capitaneado pelo juiz Rafael Sandi, que \u00e9 juiz auxiliar do Presidente Francisco.\u00a0<\/p><p>\u201cDepois que fizemos o desenvolvimento inicial, come\u00e7amos a discutir com o Tribunal de Justi\u00e7a a din\u00e2mica da integra\u00e7\u00e3o. Assim, temos agora um produto acabado que come\u00e7a a ser implementado, como experi\u00eancia, em Florian\u00f3polis e Blumenau\u201d, disse Ulisses Gabriel. A expectativa \u00e9 que at\u00e9 o final de 2025 o IP Digital seja usado em todo o estado.\u00a0<\/p><p>O IP Digital constitui um avan\u00e7o significativo no campo da investiga\u00e7\u00e3o policial, especialmente por proporcionar maior efici\u00eancia e transpar\u00eancia em todo o processo. Ao digitalizar os inqu\u00e9ritos policiais, elimina-se a necessidade de documentos f\u00edsicos, o que resulta em uma economia substancial de recursos materiais. Al\u00e9m disso, a comunica\u00e7\u00e3o dos atos de pol\u00edcia judici\u00e1ria entre os diferentes \u00f3rg\u00e3os estatais torna-se mais \u00e1gil e direta, acelerando a troca de informa\u00e7\u00f5es e a tomada de decis\u00f5es.<\/p><p>Outro aspecto crucial desse sistema \u00e9 a sua integra\u00e7\u00e3o com as plataformas de seguran\u00e7a p\u00fablica estaduais. Essa integra\u00e7\u00e3o permite que dados e informa\u00e7\u00f5es circulem de maneira fluida entre as diversas esferas de atua\u00e7\u00e3o da seguran\u00e7a, facilitando a coopera\u00e7\u00e3o entre institui\u00e7\u00f5es e aumentando a efic\u00e1cia das a\u00e7\u00f5es conjuntas. \u201c\u00c9 um sistema intuitivo totalmente digital que vai revolucionar a persecu\u00e7\u00e3o penal porque, a partir de agora, o escriv\u00e3o de pol\u00edcia n\u00e3o precisar\u00e1 mais escanear documentos e pegar esse documento escaneado e cadastrar no Eproc\u201d, observou o delegado Ulisses.\u00a0<\/p><p>O delegado-geral pontuou que ao reunir essas funcionalidades em um \u00fanico sistema, o IP Digital n\u00e3o s\u00f3 moderniza os procedimentos da pol\u00edcia judici\u00e1ria, como tamb\u00e9m potencializa a capacidade de resposta \u00e0s demandas da sociedade.<\/p><p>Ulisses Gabriel recordou a hist\u00f3ria da PCSC para demonstrar a evolu\u00e7\u00e3o que o IP Digital representa. \u201cA Pol\u00edcia Civil passou por evolu\u00e7\u00f5es ao longo de sua hist\u00f3ria de 212 anos. Inicialmente n\u00f3s faz\u00edamos a pris\u00e3o em flagrante num livro, passamos a utilizar a m\u00e1quina de escrever, depois veio o computador com as impressoras matriciais, depois o sistema Word e as impressoras a laser ou jato de tinta. Passamos a utilizar o audiovisual e a utilizar um sistema que era h\u00edbrido que tinha informa\u00e7\u00f5es online que eram encaminhadas para o Poder Judici\u00e1rio\u201d, relembrou.\u00a0<\/p><p>Por\u00e9m, a grande maioria das informa\u00e7\u00f5es ainda ficava em papel e precisava ser escaneada para depois ser inserida no Eproc. \u201cA partir de agora com um \u00fanico clique n\u00f3s vamos repassar todas as informa\u00e7\u00f5es da investiga\u00e7\u00e3o para o Poder Judici\u00e1rio melhorando a atua\u00e7\u00e3o da investiga\u00e7\u00e3o, a qualidade da prova e permitindo que os advogados possam ter acesso ao trabalho de forma digitalizada e tamb\u00e9m o Minist\u00e9rio P\u00fablico de Santa Catarina\u201d, disse O delegado-geral.\u00a0<\/p><p>O delegado Ulisses considera o sistema como um grande avan\u00e7o que est\u00e1 sendo entregue pelo governo Jorginho. \u201cO IP digital foi desenvolvido no \u00e2mbito da Pol\u00edcia Civil, sem custos para estado e com capacidade de se conectar ao sistema do TRF4 da quarta regi\u00e3o que \u00e9 o Eproc\u201d, assinalou Ulisses.<\/p><p>O IP Digital j\u00e1 foi apresentado para pol\u00edcias de outros estados e pode ser usado de forma gratuita. \u201cN\u00e3o h\u00e1 nada parecido com o que foi desenvolvido pela nossa Ger\u00eancia de Tecnologia e Inova\u00e7\u00e3o em parceria como o Poder Judici\u00e1rio, liderado pelo Desembargador Francisco. \u00c9 um grande projeto da PCSC, do governo de Santa Catarina, do governador Jorginho para dar mais agilidade no atendimento \u00e0s necessidades dos catarinenses. Acredito que seja um dos maiores projetos interinstitucionais da hist\u00f3ria recente de Santa Catarina\u201d, concluiu.<\/p><div>\u00a0<\/div>\t\t\t\t\t\t\t\t<\/div>\n\t\t\t\t<\/div>\n\t\t\t\t\t<\/div>\n\t\t<\/div>\n\t\t\t\t\t<\/div>\n\t\t<\/section>\n\t\t\t\t<\/div>\n\t\t","protected":false},"excerpt":{"rendered":"<p>PCSC desenvolve IP Digital em parceria com o Poder Judici\u00e1rio e sistema come\u00e7a a ser implantado em Florian\u00f3polis e Blumenau O Inqu\u00e9rito Policial Digital, um dos grandes projetos desenvolvidos pela Pol\u00edcia Civil de Santa Catarina, em parceria com o Poder Judici\u00e1rio, foi apresentando nesta segunda-feira, 9, ao presidente do Tribunal de Justi\u00e7a, Desembargador Francisco de [&hellip;]<\/p>\n","protected":false},"author":5,"featured_media":25252,"comment_status":"closed","ping_status":"open","sticky":false,"template":"","format":"standard","meta":{"_monsterinsights_skip_tracking":false,"_monsterinsights_sitenote_active":false,"_monsterinsights_sitenote_note":"","_monsterinsights_sitenote_category":0,"footnotes":""},"categories":[1],"tags":[],"class_list":["post-25254","post","type-post","status-publish","format-standard","has-post-thumbnail","hentry","category-sem-categoria"],"_links":{"self":[{"href":"https:\/\/pc.sc.gov.br\/index.php?rest_route=\/wp\/v2\/posts\/25254","targetHints":{"allow":["GET"]}}],"collection":[{"href":"https:\/\/pc.sc.gov.br\/index.php?rest_route=\/wp\/v2\/posts"}],"about":[{"href":"https:\/\/pc.sc.gov.br\/index.php?rest_route=\/wp\/v2\/types\/post"}],"author":[{"embeddable":true,"href":"https:\/\/pc.sc.gov.br\/index.php?rest_route=\/wp\/v2\/users\/5"}],"replies":[{"embeddable":true,"href":"https:\/\/pc.sc.gov.br\/index.php?rest_route=%2Fwp%2Fv2%2Fcomments&post=25254"}],"version-history":[{"count":4,"href":"https:\/\/pc.sc.gov.br\/index.php?rest_route=\/wp\/v2\/posts\/25254\/revisions"}],"predecessor-version":[{"id":25258,"href":"https:\/\/pc.sc.gov.br\/index.php?rest_route=\/wp\/v2\/posts\/25254\/revisions\/25258"}],"wp:featuredmedia":[{"embeddable":true,"href":"https:\/\/pc.sc.gov.br\/index.php?rest_route=\/wp\/v2\/media\/25252"}],"wp:attachment":[{"href":"https:\/\/pc.sc.gov.br\/index.php?rest_route=%2Fwp%2Fv2%2Fmedia&parent=25254"}],"wp:term":[{"taxonomy":"category","embeddable":true,"href":"https:\/\/pc.sc.gov.br\/index.php?rest_route=%2Fwp%2Fv2%2Fcategories&post=25254"},{"taxonomy":"post_tag","embeddable":true,"href":"https:\/\/pc.sc.gov.br\/index.php?rest_route=%2Fwp%2Fv2%2Ftags&post=25254"}],"curies":[{"name":"wp","href":"https:\/\/api.w.org\/{rel}","templated":true}]}}