{"id":25259,"date":"2024-12-10T17:48:48","date_gmt":"2024-12-10T20:48:48","guid":{"rendered":"https:\/\/pc.sc.gov.br\/?p=25259"},"modified":"2024-12-10T17:49:47","modified_gmt":"2024-12-10T20:49:47","slug":"em-anita-garibaldi-pcsc-efetua-prisao-em-flagrante-de-autor-de-roubo-praticado-na-rodoviaria-do-municipio","status":"publish","type":"post","link":"https:\/\/pc.sc.gov.br\/?p=25259","title":{"rendered":"Em Anita Garibaldi, PCSC efetua pris\u00e3o em flagrante de autor de roubo praticado na rodovi\u00e1ria do munic\u00edpio"},"content":{"rendered":"\t\t<div data-elementor-type=\"wp-post\" data-elementor-id=\"25259\" class=\"elementor elementor-25259\" data-elementor-post-type=\"post\">\n\t\t\t\t\t\t<section class=\"elementor-section elementor-top-section elementor-element elementor-element-b47e388 elementor-section-boxed elementor-section-height-default elementor-section-height-default\" data-id=\"b47e388\" data-element_type=\"section\">\n\t\t\t\t\t\t<div class=\"elementor-container elementor-column-gap-default\">\n\t\t\t\t\t<div class=\"elementor-column elementor-col-100 elementor-top-column elementor-element elementor-element-71131f4\" data-id=\"71131f4\" data-element_type=\"column\">\n\t\t\t<div class=\"elementor-widget-wrap elementor-element-populated\">\n\t\t\t\t\t\t<div class=\"elementor-element elementor-element-8c8db07 elementor-widget elementor-widget-heading\" data-id=\"8c8db07\" data-element_type=\"widget\" data-widget_type=\"heading.default\">\n\t\t\t\t<div class=\"elementor-widget-container\">\n\t\t\t\t\t<h2 class=\"elementor-heading-title elementor-size-default\">Em Anita Garibaldi, PCSC efetua pris\u00e3o em flagrante de autor de roubo praticado na rodovi\u00e1ria do munic\u00edpio<\/h2>\t\t\t\t<\/div>\n\t\t\t\t<\/div>\n\t\t\t\t\t<\/div>\n\t\t<\/div>\n\t\t\t\t\t<\/div>\n\t\t<\/section>\n\t\t\t\t<section class=\"elementor-section elementor-top-section elementor-element elementor-element-86c1062 elementor-section-boxed elementor-section-height-default elementor-section-height-default\" data-id=\"86c1062\" data-element_type=\"section\">\n\t\t\t\t\t\t<div class=\"elementor-container elementor-column-gap-default\">\n\t\t\t\t\t<div class=\"elementor-column elementor-col-100 elementor-top-column elementor-element elementor-element-d862008\" data-id=\"d862008\" data-element_type=\"column\">\n\t\t\t<div class=\"elementor-widget-wrap elementor-element-populated\">\n\t\t\t\t\t\t<div class=\"elementor-element elementor-element-18579c8 elementor-widget elementor-widget-image\" data-id=\"18579c8\" data-element_type=\"widget\" data-widget_type=\"image.default\">\n\t\t\t\t<div class=\"elementor-widget-container\">\n\t\t\t\t\t\t\t\t\t\t\t\t\t\t\t<img fetchpriority=\"high\" decoding=\"async\" width=\"696\" height=\"437\" src=\"https:\/\/pc.sc.gov.br\/\/wp-content\/uploads\/2024\/12\/WhatsApp-Image-2024-12-10-at-17.41.05-1024x643.jpeg\" class=\"attachment-large size-large wp-image-25260\" alt=\"\" srcset=\"https:\/\/pc.sc.gov.br\/\/wp-content\/uploads\/2024\/12\/WhatsApp-Image-2024-12-10-at-17.41.05-1024x643.jpeg 1024w, https:\/\/pc.sc.gov.br\/\/wp-content\/uploads\/2024\/12\/WhatsApp-Image-2024-12-10-at-17.41.05-300x188.jpeg 300w, https:\/\/pc.sc.gov.br\/\/wp-content\/uploads\/2024\/12\/WhatsApp-Image-2024-12-10-at-17.41.05-768x482.jpeg 768w, https:\/\/pc.sc.gov.br\/\/wp-content\/uploads\/2024\/12\/WhatsApp-Image-2024-12-10-at-17.41.05-1536x964.jpeg 1536w, https:\/\/pc.sc.gov.br\/\/wp-content\/uploads\/2024\/12\/WhatsApp-Image-2024-12-10-at-17.41.05.jpeg 1600w\" sizes=\"(max-width: 696px) 100vw, 696px\" \/>\t\t\t\t\t\t\t\t\t\t\t\t\t\t\t<\/div>\n\t\t\t\t<\/div>\n\t\t\t\t\t<\/div>\n\t\t<\/div>\n\t\t\t\t\t<\/div>\n\t\t<\/section>\n\t\t\t\t<section class=\"elementor-section elementor-top-section elementor-element elementor-element-fd47fca elementor-section-boxed elementor-section-height-default elementor-section-height-default\" data-id=\"fd47fca\" data-element_type=\"section\">\n\t\t\t\t\t\t<div class=\"elementor-container elementor-column-gap-default\">\n\t\t\t\t\t<div class=\"elementor-column elementor-col-100 elementor-top-column elementor-element elementor-element-5623649\" data-id=\"5623649\" data-element_type=\"column\">\n\t\t\t<div class=\"elementor-widget-wrap elementor-element-populated\">\n\t\t\t\t\t\t<div class=\"elementor-element elementor-element-4393da3 elementor-widget elementor-widget-text-editor\" data-id=\"4393da3\" data-element_type=\"widget\" data-widget_type=\"text-editor.default\">\n\t\t\t\t<div class=\"elementor-widget-container\">\n\t\t\t\t\t\t\t\t\t<p>A Pol\u00edcia Civil, por meio da Delegacia de Pol\u00edcia de Anita Garibaldi efetuou, nesta ter\u00e7a-feira (10), a pris\u00e3o de autor de roubo praticado na rodovi\u00e1ria de Anita Garibaldi. A v\u00edtima procurou a Pol\u00edcia Civil para informar que foi abordada por um indiv\u00edduo que, fazendo amea\u00e7as e usando um canivete, subtraiu valores que tinha em sua carteira.\u00a0<\/p><p>O autor foi identificado pela v\u00edtima, j\u00e1 sendo conhecido das institui\u00e7\u00f5es policiais e da popula\u00e7\u00e3o local em raz\u00e3o de seu envolvimento em diversos crimes contra o patrim\u00f4nio. Inclusive, responde a processo crime em liberdade, depois de beneficiado com o uso de tornozeleira eletr\u00f4nica.<\/p><p>Os policiais de Anita Garibaldi, tomando conhecimento dos fatos, identificaram uma testemunha e confirmaram as suspeitas por meio de c\u00e2meras de monitoramento. Em seguida, conseguiram localizar o autor, realizando sua pris\u00e3o e condu\u00e7\u00e3o para a Delegacia de Pol\u00edcia.<\/p><p>O indiv\u00edduo foi interrogado e autuado por crime de roubo majorado pelo emprego de arma branca. Formalizados os procedimentos legais, foi encaminhado para o sistema penitenci\u00e1rio, onde ficar\u00e1 \u00e0 disposi\u00e7\u00e3o da justi\u00e7a.<\/p><div>\u00a0<\/div>\t\t\t\t\t\t\t\t<\/div>\n\t\t\t\t<\/div>\n\t\t\t\t\t<\/div>\n\t\t<\/div>\n\t\t\t\t\t<\/div>\n\t\t<\/section>\n\t\t\t\t<\/div>\n\t\t","protected":false},"excerpt":{"rendered":"<p>Em Anita Garibaldi, PCSC efetua pris\u00e3o em flagrante de autor de roubo praticado na rodovi\u00e1ria do munic\u00edpio A Pol\u00edcia Civil, por meio da Delegacia de Pol\u00edcia de Anita Garibaldi efetuou, nesta ter\u00e7a-feira (10), a pris\u00e3o de autor de roubo praticado na rodovi\u00e1ria de Anita Garibaldi. A v\u00edtima procurou a Pol\u00edcia Civil para informar que foi [&hellip;]<\/p>\n","protected":false},"author":5,"featured_media":25260,"comment_status":"closed","ping_status":"open","sticky":false,"template":"","format":"standard","meta":{"_monsterinsights_skip_tracking":false,"_monsterinsights_sitenote_active":false,"_monsterinsights_sitenote_note":"","_monsterinsights_sitenote_category":0,"footnotes":""},"categories":[1],"tags":[],"class_list":["post-25259","post","type-post","status-publish","format-standard","has-post-thumbnail","hentry","category-sem-categoria"],"_links":{"self":[{"href":"https:\/\/pc.sc.gov.br\/index.php?rest_route=\/wp\/v2\/posts\/25259","targetHints":{"allow":["GET"]}}],"collection":[{"href":"https:\/\/pc.sc.gov.br\/index.php?rest_route=\/wp\/v2\/posts"}],"about":[{"href":"https:\/\/pc.sc.gov.br\/index.php?rest_route=\/wp\/v2\/types\/post"}],"author":[{"embeddable":true,"href":"https:\/\/pc.sc.gov.br\/index.php?rest_route=\/wp\/v2\/users\/5"}],"replies":[{"embeddable":true,"href":"https:\/\/pc.sc.gov.br\/index.php?rest_route=%2Fwp%2Fv2%2Fcomments&post=25259"}],"version-history":[{"count":4,"href":"https:\/\/pc.sc.gov.br\/index.php?rest_route=\/wp\/v2\/posts\/25259\/revisions"}],"predecessor-version":[{"id":25264,"href":"https:\/\/pc.sc.gov.br\/index.php?rest_route=\/wp\/v2\/posts\/25259\/revisions\/25264"}],"wp:featuredmedia":[{"embeddable":true,"href":"https:\/\/pc.sc.gov.br\/index.php?rest_route=\/wp\/v2\/media\/25260"}],"wp:attachment":[{"href":"https:\/\/pc.sc.gov.br\/index.php?rest_route=%2Fwp%2Fv2%2Fmedia&parent=25259"}],"wp:term":[{"taxonomy":"category","embeddable":true,"href":"https:\/\/pc.sc.gov.br\/index.php?rest_route=%2Fwp%2Fv2%2Fcategories&post=25259"},{"taxonomy":"post_tag","embeddable":true,"href":"https:\/\/pc.sc.gov.br\/index.php?rest_route=%2Fwp%2Fv2%2Ftags&post=25259"}],"curies":[{"name":"wp","href":"https:\/\/api.w.org\/{rel}","templated":true}]}}