{"id":25272,"date":"2024-12-11T13:57:40","date_gmt":"2024-12-11T16:57:40","guid":{"rendered":"https:\/\/pc.sc.gov.br\/?p=25272"},"modified":"2024-12-11T13:58:42","modified_gmt":"2024-12-11T16:58:42","slug":"policia-civil-prende-foragido-por-estupro-de-vulneravel-em-biguacu","status":"publish","type":"post","link":"https:\/\/pc.sc.gov.br\/?p=25272","title":{"rendered":"Pol\u00edcia Civil prende foragido por estupro de vulner\u00e1vel em Bigua\u00e7u"},"content":{"rendered":"\t\t<div data-elementor-type=\"wp-post\" data-elementor-id=\"25272\" class=\"elementor elementor-25272\" data-elementor-post-type=\"post\">\n\t\t\t\t\t\t<section class=\"elementor-section elementor-top-section elementor-element elementor-element-54537f6 elementor-section-boxed elementor-section-height-default elementor-section-height-default\" data-id=\"54537f6\" data-element_type=\"section\">\n\t\t\t\t\t\t<div class=\"elementor-container elementor-column-gap-default\">\n\t\t\t\t\t<div class=\"elementor-column elementor-col-100 elementor-top-column elementor-element elementor-element-0872da2\" data-id=\"0872da2\" data-element_type=\"column\">\n\t\t\t<div class=\"elementor-widget-wrap elementor-element-populated\">\n\t\t\t\t\t\t<div class=\"elementor-element elementor-element-a1f0150 elementor-widget elementor-widget-heading\" data-id=\"a1f0150\" data-element_type=\"widget\" data-widget_type=\"heading.default\">\n\t\t\t\t<div class=\"elementor-widget-container\">\n\t\t\t\t\t<h2 class=\"elementor-heading-title elementor-size-default\">Pol\u00edcia Civil prende foragido por estupro de vulner\u00e1vel em Bigua\u00e7u <\/h2>\t\t\t\t<\/div>\n\t\t\t\t<\/div>\n\t\t\t\t\t<\/div>\n\t\t<\/div>\n\t\t\t\t\t<\/div>\n\t\t<\/section>\n\t\t\t\t<section class=\"elementor-section elementor-top-section elementor-element elementor-element-eb423fa elementor-section-boxed elementor-section-height-default elementor-section-height-default\" data-id=\"eb423fa\" data-element_type=\"section\">\n\t\t\t\t\t\t<div class=\"elementor-container elementor-column-gap-default\">\n\t\t\t\t\t<div class=\"elementor-column elementor-col-100 elementor-top-column elementor-element elementor-element-8c6c8bf\" data-id=\"8c6c8bf\" data-element_type=\"column\">\n\t\t\t<div class=\"elementor-widget-wrap elementor-element-populated\">\n\t\t\t\t\t\t<div class=\"elementor-element elementor-element-1c75b71 elementor-widget elementor-widget-image\" data-id=\"1c75b71\" data-element_type=\"widget\" data-widget_type=\"image.default\">\n\t\t\t\t<div class=\"elementor-widget-container\">\n\t\t\t\t\t\t\t\t\t\t\t\t\t\t\t<img fetchpriority=\"high\" decoding=\"async\" width=\"696\" height=\"696\" src=\"https:\/\/pc.sc.gov.br\/\/wp-content\/uploads\/2024\/11\/DECAP-DEIC-MAIS-UM.jpg\" class=\"attachment-large size-large wp-image-24768\" alt=\"\" srcset=\"https:\/\/pc.sc.gov.br\/\/wp-content\/uploads\/2024\/11\/DECAP-DEIC-MAIS-UM.jpg 768w, https:\/\/pc.sc.gov.br\/\/wp-content\/uploads\/2024\/11\/DECAP-DEIC-MAIS-UM-300x300.jpg 300w, https:\/\/pc.sc.gov.br\/\/wp-content\/uploads\/2024\/11\/DECAP-DEIC-MAIS-UM-150x150.jpg 150w\" sizes=\"(max-width: 696px) 100vw, 696px\" \/>\t\t\t\t\t\t\t\t\t\t\t\t\t\t\t<\/div>\n\t\t\t\t<\/div>\n\t\t\t\t\t<\/div>\n\t\t<\/div>\n\t\t\t\t\t<\/div>\n\t\t<\/section>\n\t\t\t\t<section class=\"elementor-section elementor-top-section elementor-element elementor-element-866b325 elementor-section-boxed elementor-section-height-default elementor-section-height-default\" data-id=\"866b325\" data-element_type=\"section\">\n\t\t\t\t\t\t<div class=\"elementor-container elementor-column-gap-default\">\n\t\t\t\t\t<div class=\"elementor-column elementor-col-100 elementor-top-column elementor-element elementor-element-a6edebb\" data-id=\"a6edebb\" data-element_type=\"column\">\n\t\t\t<div class=\"elementor-widget-wrap elementor-element-populated\">\n\t\t\t\t\t\t<div class=\"elementor-element elementor-element-cb809a1 elementor-widget elementor-widget-text-editor\" data-id=\"cb809a1\" data-element_type=\"widget\" data-widget_type=\"text-editor.default\">\n\t\t\t\t<div class=\"elementor-widget-container\">\n\t\t\t\t\t\t\t\t\t<p>Na ter\u00e7a-feira (10\/12), a Pol\u00edcia Civil de Santa Catarina, por meio da Delegacia de Capturas, com apoio da Delegacia de Repress\u00e3o a Racismo e Delitos de Intoler\u00e2ncia, ambas da Diretoria Estadual de Investiga\u00e7\u00f5es Criminais, cumpriu mandado de pris\u00e3o expedido em raz\u00e3o de senten\u00e7a condenat\u00f3ria\u00a0em desfavor de um homem, condenado pelo crime de estupro de vulner\u00e1vel, previsto no art. 217-A do C\u00f3digo Penal.<\/p><p>A DECAP\/DEIC foi acionada pela\u00a02\u00aa Vara Criminal de S\u00e3o Jos\u00e9 para que efetuasse dilig\u00eancias no sentido de localizar e prender o foragido,\u00a0 que possu\u00eda mandado em aberto desde setembro de 2024. O homem negava a se apresentar \u00e0 Justi\u00e7a, enquanto tentava recursos judiciais contra a decreta\u00e7\u00e3o de sua pris\u00e3o.<\/p><p>No final da tarde de ontem, os policiais da DECAP e da DRRDI\u00a0 identificaram o poss\u00edvel esconderijo do indiv\u00edduo, em \u00e1rea rural de Bigua\u00e7u, onde ele foi abordado e preso.<\/p><p>Den\u00fancias e informa\u00e7\u00f5es relacionadas a foragidos da Justi\u00e7a podem ser encaminhadas para o e-mail deic-capturas@pc.sc.gov.br, sendo garantido o anonimato.<\/p>\t\t\t\t\t\t\t\t<\/div>\n\t\t\t\t<\/div>\n\t\t\t\t\t<\/div>\n\t\t<\/div>\n\t\t\t\t\t<\/div>\n\t\t<\/section>\n\t\t\t\t<\/div>\n\t\t","protected":false},"excerpt":{"rendered":"<p>Pol\u00edcia Civil prende foragido por estupro de vulner\u00e1vel em Bigua\u00e7u Na ter\u00e7a-feira (10\/12), a Pol\u00edcia Civil de Santa Catarina, por meio da Delegacia de Capturas, com apoio da Delegacia de Repress\u00e3o a Racismo e Delitos de Intoler\u00e2ncia, ambas da Diretoria Estadual de Investiga\u00e7\u00f5es Criminais, cumpriu mandado de pris\u00e3o expedido em raz\u00e3o de senten\u00e7a condenat\u00f3ria\u00a0em desfavor [&hellip;]<\/p>\n","protected":false},"author":5,"featured_media":24768,"comment_status":"closed","ping_status":"open","sticky":false,"template":"","format":"standard","meta":{"_monsterinsights_skip_tracking":false,"_monsterinsights_sitenote_active":false,"_monsterinsights_sitenote_note":"","_monsterinsights_sitenote_category":0,"footnotes":""},"categories":[1],"tags":[],"class_list":["post-25272","post","type-post","status-publish","format-standard","has-post-thumbnail","hentry","category-sem-categoria"],"_links":{"self":[{"href":"https:\/\/pc.sc.gov.br\/index.php?rest_route=\/wp\/v2\/posts\/25272","targetHints":{"allow":["GET"]}}],"collection":[{"href":"https:\/\/pc.sc.gov.br\/index.php?rest_route=\/wp\/v2\/posts"}],"about":[{"href":"https:\/\/pc.sc.gov.br\/index.php?rest_route=\/wp\/v2\/types\/post"}],"author":[{"embeddable":true,"href":"https:\/\/pc.sc.gov.br\/index.php?rest_route=\/wp\/v2\/users\/5"}],"replies":[{"embeddable":true,"href":"https:\/\/pc.sc.gov.br\/index.php?rest_route=%2Fwp%2Fv2%2Fcomments&post=25272"}],"version-history":[{"count":4,"href":"https:\/\/pc.sc.gov.br\/index.php?rest_route=\/wp\/v2\/posts\/25272\/revisions"}],"predecessor-version":[{"id":25276,"href":"https:\/\/pc.sc.gov.br\/index.php?rest_route=\/wp\/v2\/posts\/25272\/revisions\/25276"}],"wp:featuredmedia":[{"embeddable":true,"href":"https:\/\/pc.sc.gov.br\/index.php?rest_route=\/wp\/v2\/media\/24768"}],"wp:attachment":[{"href":"https:\/\/pc.sc.gov.br\/index.php?rest_route=%2Fwp%2Fv2%2Fmedia&parent=25272"}],"wp:term":[{"taxonomy":"category","embeddable":true,"href":"https:\/\/pc.sc.gov.br\/index.php?rest_route=%2Fwp%2Fv2%2Fcategories&post=25272"},{"taxonomy":"post_tag","embeddable":true,"href":"https:\/\/pc.sc.gov.br\/index.php?rest_route=%2Fwp%2Fv2%2Ftags&post=25272"}],"curies":[{"name":"wp","href":"https:\/\/api.w.org\/{rel}","templated":true}]}}