{"id":25283,"date":"2024-12-11T14:32:31","date_gmt":"2024-12-11T17:32:31","guid":{"rendered":"https:\/\/pc.sc.gov.br\/?p=25283"},"modified":"2024-12-11T14:33:26","modified_gmt":"2024-12-11T17:33:26","slug":"operacao-conjunta-entre-pcsc-e-pmsc-resulta-na-prisao-de-seis-pessoas-pela-pratica-de-crimes-envolvendo-furto-e-trafico-de-drogas","status":"publish","type":"post","link":"https:\/\/pc.sc.gov.br\/?p=25283","title":{"rendered":"Opera\u00e7\u00e3o conjunta entre PCSC e PMSC resulta na pris\u00e3o de seis pessoas pela pr\u00e1tica de crimes envolvendo furto e tr\u00e1fico de drogas"},"content":{"rendered":"\t\t<div data-elementor-type=\"wp-post\" data-elementor-id=\"25283\" class=\"elementor elementor-25283\" data-elementor-post-type=\"post\">\n\t\t\t\t\t\t<section class=\"elementor-section elementor-top-section elementor-element elementor-element-8807d07 elementor-section-boxed elementor-section-height-default elementor-section-height-default\" data-id=\"8807d07\" data-element_type=\"section\">\n\t\t\t\t\t\t<div class=\"elementor-container elementor-column-gap-default\">\n\t\t\t\t\t<div class=\"elementor-column elementor-col-100 elementor-top-column elementor-element elementor-element-713115f\" data-id=\"713115f\" data-element_type=\"column\">\n\t\t\t<div class=\"elementor-widget-wrap elementor-element-populated\">\n\t\t\t\t\t\t<div class=\"elementor-element elementor-element-746fb9f elementor-widget elementor-widget-heading\" data-id=\"746fb9f\" data-element_type=\"widget\" data-widget_type=\"heading.default\">\n\t\t\t\t<div class=\"elementor-widget-container\">\n\t\t\t\t\t<h2 class=\"elementor-heading-title elementor-size-default\">Opera\u00e7\u00e3o conjunta entre PCSC e PMSC resulta na pris\u00e3o de seis pessoas pela pr\u00e1tica de crimes envolvendo furto e tr\u00e1fico de drogas<\/h2>\t\t\t\t<\/div>\n\t\t\t\t<\/div>\n\t\t\t\t\t<\/div>\n\t\t<\/div>\n\t\t\t\t\t<\/div>\n\t\t<\/section>\n\t\t\t\t<section class=\"elementor-section elementor-top-section elementor-element elementor-element-2709a3b elementor-section-boxed elementor-section-height-default elementor-section-height-default\" data-id=\"2709a3b\" data-element_type=\"section\">\n\t\t\t\t\t\t<div class=\"elementor-container elementor-column-gap-default\">\n\t\t\t\t\t<div class=\"elementor-column elementor-col-100 elementor-top-column elementor-element elementor-element-3535293\" data-id=\"3535293\" data-element_type=\"column\">\n\t\t\t<div class=\"elementor-widget-wrap elementor-element-populated\">\n\t\t\t\t\t\t<div class=\"elementor-element elementor-element-8b6952d elementor-widget elementor-widget-image\" data-id=\"8b6952d\" data-element_type=\"widget\" data-widget_type=\"image.default\">\n\t\t\t\t<div class=\"elementor-widget-container\">\n\t\t\t\t\t\t\t\t\t\t\t\t\t\t\t<img fetchpriority=\"high\" decoding=\"async\" width=\"696\" height=\"521\" src=\"https:\/\/pc.sc.gov.br\/\/wp-content\/uploads\/2024\/12\/4bbb92bc-ae0a-41a5-8768-ad980cbe97c9-fotor-202411281770-1024x766.jpg\" class=\"attachment-large size-large wp-image-25114\" alt=\"\" srcset=\"https:\/\/pc.sc.gov.br\/\/wp-content\/uploads\/2024\/12\/4bbb92bc-ae0a-41a5-8768-ad980cbe97c9-fotor-202411281770-1024x766.jpg 1024w, https:\/\/pc.sc.gov.br\/\/wp-content\/uploads\/2024\/12\/4bbb92bc-ae0a-41a5-8768-ad980cbe97c9-fotor-202411281770-300x224.jpg 300w, https:\/\/pc.sc.gov.br\/\/wp-content\/uploads\/2024\/12\/4bbb92bc-ae0a-41a5-8768-ad980cbe97c9-fotor-202411281770-768x575.jpg 768w, https:\/\/pc.sc.gov.br\/\/wp-content\/uploads\/2024\/12\/4bbb92bc-ae0a-41a5-8768-ad980cbe97c9-fotor-202411281770-1536x1149.jpg 1536w, https:\/\/pc.sc.gov.br\/\/wp-content\/uploads\/2024\/12\/4bbb92bc-ae0a-41a5-8768-ad980cbe97c9-fotor-202411281770.jpg 1600w\" sizes=\"(max-width: 696px) 100vw, 696px\" \/>\t\t\t\t\t\t\t\t\t\t\t\t\t\t\t<\/div>\n\t\t\t\t<\/div>\n\t\t\t\t\t<\/div>\n\t\t<\/div>\n\t\t\t\t\t<\/div>\n\t\t<\/section>\n\t\t\t\t<section class=\"elementor-section elementor-top-section elementor-element elementor-element-da6c012 elementor-section-boxed elementor-section-height-default elementor-section-height-default\" data-id=\"da6c012\" data-element_type=\"section\">\n\t\t\t\t\t\t<div class=\"elementor-container elementor-column-gap-default\">\n\t\t\t\t\t<div class=\"elementor-column elementor-col-100 elementor-top-column elementor-element elementor-element-2244c52\" data-id=\"2244c52\" data-element_type=\"column\">\n\t\t\t<div class=\"elementor-widget-wrap elementor-element-populated\">\n\t\t\t\t\t\t<div class=\"elementor-element elementor-element-d06fc37 elementor-widget elementor-widget-text-editor\" data-id=\"d06fc37\" data-element_type=\"widget\" data-widget_type=\"text-editor.default\">\n\t\t\t\t<div class=\"elementor-widget-container\">\n\t\t\t\t\t\t\t\t\t<p>A Pol\u00edcia Civil de Santa Catarina, por meio da 1\u00aa Delegacia de Pol\u00edcia de Lages, com apoio da Pol\u00edcia Militar e das demais delegacias de Pol\u00edcia de Lages, realizou nesta quarta-feira (11), opera\u00e7\u00e3o policial visando o cumprimento de quatro mandados de pris\u00e3o e quatro mandados de buscas e apreens\u00f5es.<\/p><p>Durante a opera\u00e7\u00e3o foram realizadas as pris\u00f5es de tr\u00eas investigados por for\u00e7a de mandado de pris\u00e3o e foram presas em flagrante delito outros tr\u00eas indiv\u00edduos, pela pr\u00e1tica dos crimes de tr\u00e1fico de drogas e associa\u00e7\u00e3o para o tr\u00e1fico de drogas.<\/p><p>As investiga\u00e7\u00f5es que lastrearam os pedidos de buscas e pris\u00f5es apuram a pr\u00e1tica dos crimes de furto qualificado, corrup\u00e7\u00e3o de menores, tr\u00e1fico de drogas e associa\u00e7\u00e3o para o tr\u00e1fico de drogas, eis que as investiga\u00e7\u00f5es evidenciaram que havia um grupo criminoso criado para a realiza\u00e7\u00e3o de tr\u00e1fico de drogas que estava praticando crimes de furtos a estabelecimentos comerciais do munic\u00edpio de Lages.<\/p><p>Foram apreendidos nas resid\u00eancias dos investigados por\u00e7\u00f5es de drogas (maconha, coca\u00edna e crack), balan\u00e7a de precis\u00e3o, muni\u00e7\u00e3o e diversos outros itens de interesse para as investiga\u00e7\u00f5es.<\/p><p>Ap\u00f3s a realiza\u00e7\u00e3o das pris\u00f5es e lavratura dos procedimentos respectivos, os investigados foram encaminhados para o Pres\u00eddio de Lages.<\/p>\t\t\t\t\t\t\t\t<\/div>\n\t\t\t\t<\/div>\n\t\t\t\t\t<\/div>\n\t\t<\/div>\n\t\t\t\t\t<\/div>\n\t\t<\/section>\n\t\t\t\t<\/div>\n\t\t","protected":false},"excerpt":{"rendered":"<p>Opera\u00e7\u00e3o conjunta entre PCSC e PMSC resulta na pris\u00e3o de seis pessoas pela pr\u00e1tica de crimes envolvendo furto e tr\u00e1fico de drogas A Pol\u00edcia Civil de Santa Catarina, por meio da 1\u00aa Delegacia de Pol\u00edcia de Lages, com apoio da Pol\u00edcia Militar e das demais delegacias de Pol\u00edcia de Lages, realizou nesta quarta-feira (11), opera\u00e7\u00e3o [&hellip;]<\/p>\n","protected":false},"author":5,"featured_media":24939,"comment_status":"closed","ping_status":"open","sticky":false,"template":"","format":"standard","meta":{"_monsterinsights_skip_tracking":false,"_monsterinsights_sitenote_active":false,"_monsterinsights_sitenote_note":"","_monsterinsights_sitenote_category":0,"footnotes":""},"categories":[1],"tags":[],"class_list":["post-25283","post","type-post","status-publish","format-standard","has-post-thumbnail","hentry","category-sem-categoria"],"_links":{"self":[{"href":"https:\/\/pc.sc.gov.br\/index.php?rest_route=\/wp\/v2\/posts\/25283","targetHints":{"allow":["GET"]}}],"collection":[{"href":"https:\/\/pc.sc.gov.br\/index.php?rest_route=\/wp\/v2\/posts"}],"about":[{"href":"https:\/\/pc.sc.gov.br\/index.php?rest_route=\/wp\/v2\/types\/post"}],"author":[{"embeddable":true,"href":"https:\/\/pc.sc.gov.br\/index.php?rest_route=\/wp\/v2\/users\/5"}],"replies":[{"embeddable":true,"href":"https:\/\/pc.sc.gov.br\/index.php?rest_route=%2Fwp%2Fv2%2Fcomments&post=25283"}],"version-history":[{"count":4,"href":"https:\/\/pc.sc.gov.br\/index.php?rest_route=\/wp\/v2\/posts\/25283\/revisions"}],"predecessor-version":[{"id":25287,"href":"https:\/\/pc.sc.gov.br\/index.php?rest_route=\/wp\/v2\/posts\/25283\/revisions\/25287"}],"wp:featuredmedia":[{"embeddable":true,"href":"https:\/\/pc.sc.gov.br\/index.php?rest_route=\/wp\/v2\/media\/24939"}],"wp:attachment":[{"href":"https:\/\/pc.sc.gov.br\/index.php?rest_route=%2Fwp%2Fv2%2Fmedia&parent=25283"}],"wp:term":[{"taxonomy":"category","embeddable":true,"href":"https:\/\/pc.sc.gov.br\/index.php?rest_route=%2Fwp%2Fv2%2Fcategories&post=25283"},{"taxonomy":"post_tag","embeddable":true,"href":"https:\/\/pc.sc.gov.br\/index.php?rest_route=%2Fwp%2Fv2%2Ftags&post=25283"}],"curies":[{"name":"wp","href":"https:\/\/api.w.org\/{rel}","templated":true}]}}