{"id":25294,"date":"2024-12-11T14:50:15","date_gmt":"2024-12-11T17:50:15","guid":{"rendered":"https:\/\/pc.sc.gov.br\/?p=25294"},"modified":"2024-12-11T14:51:07","modified_gmt":"2024-12-11T17:51:07","slug":"policia-civil-desarticula-esquema-de-furtos-de-baterias-em-antenas-de-telecomunicacao-na-regiao-sul","status":"publish","type":"post","link":"https:\/\/pc.sc.gov.br\/?p=25294","title":{"rendered":"Pol\u00edcia Civil desarticula esquema de furtos de baterias em antenas de telecomunica\u00e7\u00e3o na regi\u00e3o Sul"},"content":{"rendered":"\t\t<div data-elementor-type=\"wp-post\" data-elementor-id=\"25294\" class=\"elementor elementor-25294\" data-elementor-post-type=\"post\">\n\t\t\t\t\t\t<section class=\"elementor-section elementor-top-section elementor-element elementor-element-4c32be4 elementor-section-boxed elementor-section-height-default elementor-section-height-default\" data-id=\"4c32be4\" data-element_type=\"section\">\n\t\t\t\t\t\t<div class=\"elementor-container elementor-column-gap-default\">\n\t\t\t\t\t<div class=\"elementor-column elementor-col-100 elementor-top-column elementor-element elementor-element-2a2be0d\" data-id=\"2a2be0d\" data-element_type=\"column\">\n\t\t\t<div class=\"elementor-widget-wrap elementor-element-populated\">\n\t\t\t\t\t\t<div class=\"elementor-element elementor-element-d59ca98 elementor-widget elementor-widget-heading\" data-id=\"d59ca98\" data-element_type=\"widget\" data-widget_type=\"heading.default\">\n\t\t\t\t<div class=\"elementor-widget-container\">\n\t\t\t\t\t<h2 class=\"elementor-heading-title elementor-size-default\">Pol\u00edcia Civil desarticula esquema de furtos de baterias em antenas de telecomunica\u00e7\u00e3o na regi\u00e3o Sul<\/h2>\t\t\t\t<\/div>\n\t\t\t\t<\/div>\n\t\t\t\t\t<\/div>\n\t\t<\/div>\n\t\t\t\t\t<\/div>\n\t\t<\/section>\n\t\t\t\t<section class=\"elementor-section elementor-top-section elementor-element elementor-element-38c5a24 elementor-section-boxed elementor-section-height-default elementor-section-height-default\" data-id=\"38c5a24\" data-element_type=\"section\">\n\t\t\t\t\t\t<div class=\"elementor-container elementor-column-gap-default\">\n\t\t\t\t\t<div class=\"elementor-column elementor-col-100 elementor-top-column elementor-element elementor-element-0fef35f\" data-id=\"0fef35f\" data-element_type=\"column\">\n\t\t\t<div class=\"elementor-widget-wrap elementor-element-populated\">\n\t\t\t\t\t\t<div class=\"elementor-element elementor-element-e9cbc74 elementor-widget elementor-widget-image\" data-id=\"e9cbc74\" data-element_type=\"widget\" data-widget_type=\"image.default\">\n\t\t\t\t<div class=\"elementor-widget-container\">\n\t\t\t\t\t\t\t\t\t\t\t\t\t\t\t<img fetchpriority=\"high\" decoding=\"async\" width=\"696\" height=\"522\" src=\"https:\/\/pc.sc.gov.br\/\/wp-content\/uploads\/2024\/12\/WhatsApp-Image-2024-12-11-at-14.48.23-1024x768.jpeg\" class=\"attachment-large size-large wp-image-25295\" alt=\"\" srcset=\"https:\/\/pc.sc.gov.br\/\/wp-content\/uploads\/2024\/12\/WhatsApp-Image-2024-12-11-at-14.48.23-1024x768.jpeg 1024w, https:\/\/pc.sc.gov.br\/\/wp-content\/uploads\/2024\/12\/WhatsApp-Image-2024-12-11-at-14.48.23-300x225.jpeg 300w, https:\/\/pc.sc.gov.br\/\/wp-content\/uploads\/2024\/12\/WhatsApp-Image-2024-12-11-at-14.48.23-768x576.jpeg 768w, https:\/\/pc.sc.gov.br\/\/wp-content\/uploads\/2024\/12\/WhatsApp-Image-2024-12-11-at-14.48.23-1536x1152.jpeg 1536w, https:\/\/pc.sc.gov.br\/\/wp-content\/uploads\/2024\/12\/WhatsApp-Image-2024-12-11-at-14.48.23.jpeg 1600w\" sizes=\"(max-width: 696px) 100vw, 696px\" \/>\t\t\t\t\t\t\t\t\t\t\t\t\t\t\t<\/div>\n\t\t\t\t<\/div>\n\t\t\t\t\t<\/div>\n\t\t<\/div>\n\t\t\t\t\t<\/div>\n\t\t<\/section>\n\t\t\t\t<section class=\"elementor-section elementor-top-section elementor-element elementor-element-a54c104 elementor-section-boxed elementor-section-height-default elementor-section-height-default\" data-id=\"a54c104\" data-element_type=\"section\">\n\t\t\t\t\t\t<div class=\"elementor-container elementor-column-gap-default\">\n\t\t\t\t\t<div class=\"elementor-column elementor-col-100 elementor-top-column elementor-element elementor-element-153345f\" data-id=\"153345f\" data-element_type=\"column\">\n\t\t\t<div class=\"elementor-widget-wrap elementor-element-populated\">\n\t\t\t\t\t\t<div class=\"elementor-element elementor-element-e3608b2 elementor-widget elementor-widget-text-editor\" data-id=\"e3608b2\" data-element_type=\"widget\" data-widget_type=\"text-editor.default\">\n\t\t\t\t<div class=\"elementor-widget-container\">\n\t\t\t\t\t\t\t\t\t<p>A Pol\u00edcia Civil de Santa Catarina, por meio da Delegacia de Maracaj\u00e1, em conjunto com a Pol\u00edcia Militar de I\u00e7ara, prendeu nesta quarta-feira (11) dois homens suspeitos de integrar um esquema de furtos de baterias de antenas de telecomunica\u00e7\u00e3o. O caso mais recente ocorreu na cidade de Sombrio, e os suspeitos foram localizados ap\u00f3s den\u00fancias da equipe de seguran\u00e7a da empresa v\u00edtima.<\/p><p>Os furtos, que ocorrem desde maio de 2024, utilizavam sempre o mesmo modus operandi: os criminosos acessavam as antenas utilizando chaves, arrombavam os compartimentos onde as baterias estavam armazenadas e, ao final, trancavam novamente o local para disfar\u00e7ar a a\u00e7\u00e3o criminosa. At\u00e9 o momento, foram registrados cerca de 46 boletins de ocorr\u00eancia relacionados ao caso, resultando em um preju\u00edzo estimado em R$ 360 mil.<\/p><p>Durante a opera\u00e7\u00e3o desta quarta-feira, as autoridades interceptaram um dos suspeitos no bairro Cristo Rei, em I\u00e7ara, quando este retornava para sua resid\u00eancia. No ve\u00edculo, foram encontradas baterias furtadas, ferramentas utilizadas para os arrombamentos e roupas que teriam sido usadas em outros furtos na regi\u00e3o. Um molho de chaves, que permitia o acesso \u00e0s antenas, tamb\u00e9m foi apreendido.<\/p><p>A Delegacia de Pol\u00edcia de Maracaj\u00e1 j\u00e1 havia identificado a autoria de tr\u00eas furtos anteriores, ocorridos em Meleiro, Maracaj\u00e1 e Treze de Maio, e representado pela pris\u00e3o dos investigados. Contudo, o pedido ainda estava em an\u00e1lise judicial.<\/p><p>Os dois suspeitos foram encaminhados para a Central de Plant\u00e3o Policial em Crici\u00fama, onde permanecem \u00e0 disposi\u00e7\u00e3o da Justi\u00e7a. A a\u00e7\u00e3o destaca o trabalho conjunto das for\u00e7as de seguran\u00e7a para combater crimes que afetam tanto empresas quanto servi\u00e7os essenciais \u00e0 popula\u00e7\u00e3o. A investiga\u00e7\u00e3o prossegue e a Pol\u00edcia Civil trabalha para identificar poss\u00edveis outros envolvidos no esquema.<\/p>\t\t\t\t\t\t\t\t<\/div>\n\t\t\t\t<\/div>\n\t\t\t\t\t<\/div>\n\t\t<\/div>\n\t\t\t\t\t<\/div>\n\t\t<\/section>\n\t\t\t\t<\/div>\n\t\t","protected":false},"excerpt":{"rendered":"<p>Pol\u00edcia Civil desarticula esquema de furtos de baterias em antenas de telecomunica\u00e7\u00e3o na regi\u00e3o Sul A Pol\u00edcia Civil de Santa Catarina, por meio da Delegacia de Maracaj\u00e1, em conjunto com a Pol\u00edcia Militar de I\u00e7ara, prendeu nesta quarta-feira (11) dois homens suspeitos de integrar um esquema de furtos de baterias de antenas de telecomunica\u00e7\u00e3o. O [&hellip;]<\/p>\n","protected":false},"author":5,"featured_media":25295,"comment_status":"closed","ping_status":"open","sticky":false,"template":"","format":"standard","meta":{"_monsterinsights_skip_tracking":false,"_monsterinsights_sitenote_active":false,"_monsterinsights_sitenote_note":"","_monsterinsights_sitenote_category":0,"footnotes":""},"categories":[1],"tags":[],"class_list":["post-25294","post","type-post","status-publish","format-standard","has-post-thumbnail","hentry","category-sem-categoria"],"_links":{"self":[{"href":"https:\/\/pc.sc.gov.br\/index.php?rest_route=\/wp\/v2\/posts\/25294","targetHints":{"allow":["GET"]}}],"collection":[{"href":"https:\/\/pc.sc.gov.br\/index.php?rest_route=\/wp\/v2\/posts"}],"about":[{"href":"https:\/\/pc.sc.gov.br\/index.php?rest_route=\/wp\/v2\/types\/post"}],"author":[{"embeddable":true,"href":"https:\/\/pc.sc.gov.br\/index.php?rest_route=\/wp\/v2\/users\/5"}],"replies":[{"embeddable":true,"href":"https:\/\/pc.sc.gov.br\/index.php?rest_route=%2Fwp%2Fv2%2Fcomments&post=25294"}],"version-history":[{"count":4,"href":"https:\/\/pc.sc.gov.br\/index.php?rest_route=\/wp\/v2\/posts\/25294\/revisions"}],"predecessor-version":[{"id":25299,"href":"https:\/\/pc.sc.gov.br\/index.php?rest_route=\/wp\/v2\/posts\/25294\/revisions\/25299"}],"wp:featuredmedia":[{"embeddable":true,"href":"https:\/\/pc.sc.gov.br\/index.php?rest_route=\/wp\/v2\/media\/25295"}],"wp:attachment":[{"href":"https:\/\/pc.sc.gov.br\/index.php?rest_route=%2Fwp%2Fv2%2Fmedia&parent=25294"}],"wp:term":[{"taxonomy":"category","embeddable":true,"href":"https:\/\/pc.sc.gov.br\/index.php?rest_route=%2Fwp%2Fv2%2Fcategories&post=25294"},{"taxonomy":"post_tag","embeddable":true,"href":"https:\/\/pc.sc.gov.br\/index.php?rest_route=%2Fwp%2Fv2%2Ftags&post=25294"}],"curies":[{"name":"wp","href":"https:\/\/api.w.org\/{rel}","templated":true}]}}