{"id":25309,"date":"2024-12-11T16:48:35","date_gmt":"2024-12-11T19:48:35","guid":{"rendered":"https:\/\/pc.sc.gov.br\/?p=25309"},"modified":"2024-12-11T18:41:33","modified_gmt":"2024-12-11T21:41:33","slug":"fiscalizacao-conjunta-resulta-em-apreensao-de-mais-de-r-350-mil-em-mercadorias-no-centro-de-florianopolis","status":"publish","type":"post","link":"https:\/\/pc.sc.gov.br\/?p=25309","title":{"rendered":"Fiscaliza\u00e7\u00e3o conjunta resulta em apreens\u00e3o de mais de R$ 350 mil em mercadorias no Centro de Florian\u00f3polis"},"content":{"rendered":"\t\t<div data-elementor-type=\"wp-post\" data-elementor-id=\"25309\" class=\"elementor elementor-25309\" data-elementor-post-type=\"post\">\n\t\t\t\t\t\t<section class=\"elementor-section elementor-top-section elementor-element elementor-element-3f8ab1c elementor-section-boxed elementor-section-height-default elementor-section-height-default\" data-id=\"3f8ab1c\" data-element_type=\"section\">\n\t\t\t\t\t\t<div class=\"elementor-container elementor-column-gap-default\">\n\t\t\t\t\t<div class=\"elementor-column elementor-col-100 elementor-top-column elementor-element elementor-element-23d9269\" data-id=\"23d9269\" data-element_type=\"column\">\n\t\t\t<div class=\"elementor-widget-wrap elementor-element-populated\">\n\t\t\t\t\t\t<div class=\"elementor-element elementor-element-b05ba0d elementor-widget elementor-widget-heading\" data-id=\"b05ba0d\" data-element_type=\"widget\" data-widget_type=\"heading.default\">\n\t\t\t\t<div class=\"elementor-widget-container\">\n\t\t\t\t\t<h2 class=\"elementor-heading-title elementor-size-default\">Fiscaliza\u00e7\u00e3o conjunta resulta em apreens\u00e3o de mais de R$ 350 mil em mercadorias no Centro de Florian\u00f3polis<\/h2>\t\t\t\t<\/div>\n\t\t\t\t<\/div>\n\t\t\t\t\t<\/div>\n\t\t<\/div>\n\t\t\t\t\t<\/div>\n\t\t<\/section>\n\t\t\t\t<section class=\"elementor-section elementor-top-section elementor-element elementor-element-90ba973 elementor-section-boxed elementor-section-height-default elementor-section-height-default\" data-id=\"90ba973\" data-element_type=\"section\">\n\t\t\t\t\t\t<div class=\"elementor-container elementor-column-gap-default\">\n\t\t\t\t\t<div class=\"elementor-column elementor-col-100 elementor-top-column elementor-element elementor-element-9d2d9e5\" data-id=\"9d2d9e5\" data-element_type=\"column\">\n\t\t\t<div class=\"elementor-widget-wrap\">\n\t\t\t\t\t\t\t<\/div>\n\t\t<\/div>\n\t\t\t\t\t<\/div>\n\t\t<\/section>\n\t\t\t\t<section class=\"elementor-section elementor-top-section elementor-element elementor-element-9d7b8ef elementor-section-boxed elementor-section-height-default elementor-section-height-default\" data-id=\"9d7b8ef\" data-element_type=\"section\">\n\t\t\t\t\t\t<div class=\"elementor-container elementor-column-gap-default\">\n\t\t\t\t\t<div class=\"elementor-column elementor-col-100 elementor-top-column elementor-element elementor-element-6aec637\" data-id=\"6aec637\" data-element_type=\"column\">\n\t\t\t<div class=\"elementor-widget-wrap elementor-element-populated\">\n\t\t\t\t\t\t<div class=\"elementor-element elementor-element-b55052d elementor-widget elementor-widget-image\" data-id=\"b55052d\" data-element_type=\"widget\" data-widget_type=\"image.default\">\n\t\t\t\t<div class=\"elementor-widget-container\">\n\t\t\t\t\t\t\t\t\t\t\t\t\t\t\t<img fetchpriority=\"high\" decoding=\"async\" width=\"696\" height=\"928\" src=\"https:\/\/pc.sc.gov.br\/\/wp-content\/uploads\/2024\/12\/WhatsApp-Image-2024-12-11-at-16.49.49-768x1024.jpeg\" class=\"attachment-large size-large wp-image-25312\" alt=\"\" srcset=\"https:\/\/pc.sc.gov.br\/\/wp-content\/uploads\/2024\/12\/WhatsApp-Image-2024-12-11-at-16.49.49-768x1024.jpeg 768w, https:\/\/pc.sc.gov.br\/\/wp-content\/uploads\/2024\/12\/WhatsApp-Image-2024-12-11-at-16.49.49-225x300.jpeg 225w, https:\/\/pc.sc.gov.br\/\/wp-content\/uploads\/2024\/12\/WhatsApp-Image-2024-12-11-at-16.49.49.jpeg 960w\" sizes=\"(max-width: 696px) 100vw, 696px\" \/>\t\t\t\t\t\t\t\t\t\t\t\t\t\t\t<\/div>\n\t\t\t\t<\/div>\n\t\t\t\t\t<\/div>\n\t\t<\/div>\n\t\t\t\t\t<\/div>\n\t\t<\/section>\n\t\t\t\t<section class=\"elementor-section elementor-top-section elementor-element elementor-element-e0e943b elementor-section-boxed elementor-section-height-default elementor-section-height-default\" data-id=\"e0e943b\" data-element_type=\"section\">\n\t\t\t\t\t\t<div class=\"elementor-container elementor-column-gap-default\">\n\t\t\t\t\t<div class=\"elementor-column elementor-col-100 elementor-top-column elementor-element elementor-element-173310b\" data-id=\"173310b\" data-element_type=\"column\">\n\t\t\t<div class=\"elementor-widget-wrap elementor-element-populated\">\n\t\t\t\t\t\t<div class=\"elementor-element elementor-element-3c8ce2d elementor-widget elementor-widget-text-editor\" data-id=\"3c8ce2d\" data-element_type=\"widget\" data-widget_type=\"text-editor.default\">\n\t\t\t\t<div class=\"elementor-widget-container\">\n\t\t\t\t\t\t\t\t\t<p>Na manh\u00e3 desta quarta-feira, 11 de dezembro de 2024, a Pol\u00edcia Civil de Santa Catarina, por meio da Delegacia de Investiga\u00e7\u00e3o dos Crimes Contra as Rela\u00e7\u00f5es de Consumo da Diretoria Estadual de Investiga\u00e7\u00f5es Criminais (DEIC\/DCC), participou de opera\u00e7\u00e3o conjunta com a Fazenda Estadual, o&nbsp;Conselho Estadual de Combate \u00e0 Pirataria (Cecop) e o Procon Estadual de SC.<\/p>\n<p>Durante a a\u00e7\u00e3o, foi realizada a fiscaliza\u00e7\u00e3o, no Centro da capital catarinense, de duas lojas, onde foram apreendidas mercadorias contrafeitas e impr\u00f3prias ao consumo, avaliadas em, aproximadamente, R$ 356 mil. Al\u00e9m disso, durante a fiscaliza\u00e7\u00e3o, a Fazenda Estadual constatou fortes ind\u00edcios de sonega\u00e7\u00e3o fiscal em uma das lojas, o que refor\u00e7a a gravidade das infra\u00e7\u00f5es apuradas.<\/p>\t\t\t\t\t\t\t\t<\/div>\n\t\t\t\t<\/div>\n\t\t\t\t\t<\/div>\n\t\t<\/div>\n\t\t\t\t\t<\/div>\n\t\t<\/section>\n\t\t\t\t<\/div>\n\t\t","protected":false},"excerpt":{"rendered":"<p>Fiscaliza\u00e7\u00e3o conjunta resulta em apreens\u00e3o de mais de R$ 350 mil em mercadorias no Centro de Florian\u00f3polis Na manh\u00e3 desta quarta-feira, 11 de dezembro de 2024, a Pol\u00edcia Civil de Santa Catarina, por meio da Delegacia de Investiga\u00e7\u00e3o dos Crimes Contra as Rela\u00e7\u00f5es de Consumo da Diretoria Estadual de Investiga\u00e7\u00f5es Criminais (DEIC\/DCC), participou de opera\u00e7\u00e3o [&hellip;]<\/p>\n","protected":false},"author":5,"featured_media":25312,"comment_status":"closed","ping_status":"open","sticky":false,"template":"","format":"standard","meta":{"_monsterinsights_skip_tracking":false,"_monsterinsights_sitenote_active":false,"_monsterinsights_sitenote_note":"","_monsterinsights_sitenote_category":0,"footnotes":""},"categories":[1],"tags":[],"class_list":["post-25309","post","type-post","status-publish","format-standard","has-post-thumbnail","hentry","category-sem-categoria"],"_links":{"self":[{"href":"https:\/\/pc.sc.gov.br\/index.php?rest_route=\/wp\/v2\/posts\/25309","targetHints":{"allow":["GET"]}}],"collection":[{"href":"https:\/\/pc.sc.gov.br\/index.php?rest_route=\/wp\/v2\/posts"}],"about":[{"href":"https:\/\/pc.sc.gov.br\/index.php?rest_route=\/wp\/v2\/types\/post"}],"author":[{"embeddable":true,"href":"https:\/\/pc.sc.gov.br\/index.php?rest_route=\/wp\/v2\/users\/5"}],"replies":[{"embeddable":true,"href":"https:\/\/pc.sc.gov.br\/index.php?rest_route=%2Fwp%2Fv2%2Fcomments&post=25309"}],"version-history":[{"count":10,"href":"https:\/\/pc.sc.gov.br\/index.php?rest_route=\/wp\/v2\/posts\/25309\/revisions"}],"predecessor-version":[{"id":25334,"href":"https:\/\/pc.sc.gov.br\/index.php?rest_route=\/wp\/v2\/posts\/25309\/revisions\/25334"}],"wp:featuredmedia":[{"embeddable":true,"href":"https:\/\/pc.sc.gov.br\/index.php?rest_route=\/wp\/v2\/media\/25312"}],"wp:attachment":[{"href":"https:\/\/pc.sc.gov.br\/index.php?rest_route=%2Fwp%2Fv2%2Fmedia&parent=25309"}],"wp:term":[{"taxonomy":"category","embeddable":true,"href":"https:\/\/pc.sc.gov.br\/index.php?rest_route=%2Fwp%2Fv2%2Fcategories&post=25309"},{"taxonomy":"post_tag","embeddable":true,"href":"https:\/\/pc.sc.gov.br\/index.php?rest_route=%2Fwp%2Fv2%2Ftags&post=25309"}],"curies":[{"name":"wp","href":"https:\/\/api.w.org\/{rel}","templated":true}]}}