{"id":25320,"date":"2024-12-11T17:07:27","date_gmt":"2024-12-11T20:07:27","guid":{"rendered":"https:\/\/pc.sc.gov.br\/?p=25320"},"modified":"2024-12-11T17:08:40","modified_gmt":"2024-12-11T20:08:40","slug":"dic-de-sao-joaquim-prende-suspeito-de-duplo-homicidio-que-estava-no-rs","status":"publish","type":"post","link":"https:\/\/pc.sc.gov.br\/?p=25320","title":{"rendered":"DIC de S\u00e3o Joaquim prende suspeito de duplo homic\u00eddio que estava no RS"},"content":{"rendered":"\t\t<div data-elementor-type=\"wp-post\" data-elementor-id=\"25320\" class=\"elementor elementor-25320\" data-elementor-post-type=\"post\">\n\t\t\t\t\t\t<section class=\"elementor-section elementor-top-section elementor-element elementor-element-6ce482c elementor-section-boxed elementor-section-height-default elementor-section-height-default\" data-id=\"6ce482c\" data-element_type=\"section\">\n\t\t\t\t\t\t<div class=\"elementor-container elementor-column-gap-default\">\n\t\t\t\t\t<div class=\"elementor-column elementor-col-100 elementor-top-column elementor-element elementor-element-f42bea6\" data-id=\"f42bea6\" data-element_type=\"column\">\n\t\t\t<div class=\"elementor-widget-wrap elementor-element-populated\">\n\t\t\t\t\t\t<div class=\"elementor-element elementor-element-1cda1a3 elementor-widget elementor-widget-heading\" data-id=\"1cda1a3\" data-element_type=\"widget\" data-widget_type=\"heading.default\">\n\t\t\t\t<div class=\"elementor-widget-container\">\n\t\t\t\t\t<h2 class=\"elementor-heading-title elementor-size-default\">DIC de S\u00e3o Joaquim localiza e prende suspeito de duplo homic\u00eddio que estava no Rio grande do Sul<\/h2>\t\t\t\t<\/div>\n\t\t\t\t<\/div>\n\t\t\t\t\t<\/div>\n\t\t<\/div>\n\t\t\t\t\t<\/div>\n\t\t<\/section>\n\t\t\t\t<section class=\"elementor-section elementor-top-section elementor-element elementor-element-a34ec12 elementor-section-boxed elementor-section-height-default elementor-section-height-default\" data-id=\"a34ec12\" data-element_type=\"section\">\n\t\t\t\t\t\t<div class=\"elementor-container elementor-column-gap-default\">\n\t\t\t\t\t<div class=\"elementor-column elementor-col-100 elementor-top-column elementor-element elementor-element-f317e8f\" data-id=\"f317e8f\" data-element_type=\"column\">\n\t\t\t<div class=\"elementor-widget-wrap elementor-element-populated\">\n\t\t\t\t\t\t<div class=\"elementor-element elementor-element-9c26367 elementor-widget elementor-widget-image\" data-id=\"9c26367\" data-element_type=\"widget\" data-widget_type=\"image.default\">\n\t\t\t\t<div class=\"elementor-widget-container\">\n\t\t\t\t\t\t\t\t\t\t\t\t\t\t\t<img fetchpriority=\"high\" decoding=\"async\" width=\"696\" height=\"593\" src=\"https:\/\/pc.sc.gov.br\/\/wp-content\/uploads\/2024\/12\/WhatsApp-Image-2024-12-11-at-13.27.44-1024x872.jpeg\" class=\"attachment-large size-large wp-image-25321\" alt=\"\" srcset=\"https:\/\/pc.sc.gov.br\/\/wp-content\/uploads\/2024\/12\/WhatsApp-Image-2024-12-11-at-13.27.44-1024x872.jpeg 1024w, https:\/\/pc.sc.gov.br\/\/wp-content\/uploads\/2024\/12\/WhatsApp-Image-2024-12-11-at-13.27.44-300x255.jpeg 300w, https:\/\/pc.sc.gov.br\/\/wp-content\/uploads\/2024\/12\/WhatsApp-Image-2024-12-11-at-13.27.44-768x654.jpeg 768w, https:\/\/pc.sc.gov.br\/\/wp-content\/uploads\/2024\/12\/WhatsApp-Image-2024-12-11-at-13.27.44.jpeg 1170w\" sizes=\"(max-width: 696px) 100vw, 696px\" \/>\t\t\t\t\t\t\t\t\t\t\t\t\t\t\t<\/div>\n\t\t\t\t<\/div>\n\t\t\t\t\t<\/div>\n\t\t<\/div>\n\t\t\t\t\t<\/div>\n\t\t<\/section>\n\t\t\t\t<section class=\"elementor-section elementor-top-section elementor-element elementor-element-75f6c3b elementor-section-boxed elementor-section-height-default elementor-section-height-default\" data-id=\"75f6c3b\" data-element_type=\"section\">\n\t\t\t\t\t\t<div class=\"elementor-container elementor-column-gap-default\">\n\t\t\t\t\t<div class=\"elementor-column elementor-col-100 elementor-top-column elementor-element elementor-element-c290171\" data-id=\"c290171\" data-element_type=\"column\">\n\t\t\t<div class=\"elementor-widget-wrap elementor-element-populated\">\n\t\t\t\t\t\t<div class=\"elementor-element elementor-element-d87c90e elementor-widget elementor-widget-text-editor\" data-id=\"d87c90e\" data-element_type=\"widget\" data-widget_type=\"text-editor.default\">\n\t\t\t\t<div class=\"elementor-widget-container\">\n\t\t\t\t\t\t\t\t\t<p>A Pol\u00edcia Civil de Santa Catarina, por meio da DIC de S\u00e3o Joaquim realizou, na manh\u00e3 desta quarta-feira (11), a pris\u00e3o do principal suspeito de cometer um duplo homic\u00eddio, no dia 15 de setembro. O crime ocorreu na localidade de Despraiado, no interior do munic\u00edpio, onde duas pessoas foram queimadas dentro de uma resid\u00eancia, enquanto uma terceira conseguiu fugir.&nbsp;<\/p><p>Os corpos tiveram que passar por DNA para serem identificados. Inicialmente o caso foi dado como acidental, mas as investiga\u00e7\u00f5es apontaram para um duplo homic\u00eddio. Novas dilig\u00eancias ser\u00e3o feitas para a completa elucida\u00e7\u00e3o dos fatos.&nbsp;&nbsp;<\/p>\n<p>O suspeito foi localizado e preso na cidade de Vacaria, no Rio Grande do Sul. A a\u00e7\u00e3o contou com o apoio da Pol\u00edcia Civil do RS, refor\u00e7ando a coopera\u00e7\u00e3o entre as for\u00e7as de seguran\u00e7a dos dois estados.<\/p>\n<p>De acordo com o delegado William Cezar Sales, titular da Divis\u00e3o de Investiga\u00e7\u00e3o Criminal (DIC) de S\u00e3o Joaquim, a opera\u00e7\u00e3o foi fruto de um trabalho intenso de investiga\u00e7\u00e3o e dilig\u00eancias realizadas nos \u00faltimos meses. A Pol\u00edcia Civil segue com as investiga\u00e7\u00f5es para elucidar todos os detalhes do caso e verificar se h\u00e1 mais envolvidos nos crimes.<\/p>\n<p>A Pol\u00edcia Civil de Santa Catarina reitera o seu compromisso com a sociedade Joaquinense de combater o crime em todas as suas formas.<\/p>\t\t\t\t\t\t\t\t<\/div>\n\t\t\t\t<\/div>\n\t\t\t\t\t<\/div>\n\t\t<\/div>\n\t\t\t\t\t<\/div>\n\t\t<\/section>\n\t\t\t\t<\/div>\n\t\t","protected":false},"excerpt":{"rendered":"<p>DIC de S\u00e3o Joaquim localiza e prende suspeito de duplo homic\u00eddio que estava no Rio grande do Sul A Pol\u00edcia Civil de Santa Catarina, por meio da DIC de S\u00e3o Joaquim realizou, na manh\u00e3 desta quarta-feira (11), a pris\u00e3o do principal suspeito de cometer um duplo homic\u00eddio, no dia 15 de setembro. O crime ocorreu [&hellip;]<\/p>\n","protected":false},"author":5,"featured_media":25321,"comment_status":"closed","ping_status":"open","sticky":false,"template":"","format":"standard","meta":{"_monsterinsights_skip_tracking":false,"_monsterinsights_sitenote_active":false,"_monsterinsights_sitenote_note":"","_monsterinsights_sitenote_category":0,"footnotes":""},"categories":[1],"tags":[],"class_list":["post-25320","post","type-post","status-publish","format-standard","has-post-thumbnail","hentry","category-sem-categoria"],"_links":{"self":[{"href":"https:\/\/pc.sc.gov.br\/index.php?rest_route=\/wp\/v2\/posts\/25320","targetHints":{"allow":["GET"]}}],"collection":[{"href":"https:\/\/pc.sc.gov.br\/index.php?rest_route=\/wp\/v2\/posts"}],"about":[{"href":"https:\/\/pc.sc.gov.br\/index.php?rest_route=\/wp\/v2\/types\/post"}],"author":[{"embeddable":true,"href":"https:\/\/pc.sc.gov.br\/index.php?rest_route=\/wp\/v2\/users\/5"}],"replies":[{"embeddable":true,"href":"https:\/\/pc.sc.gov.br\/index.php?rest_route=%2Fwp%2Fv2%2Fcomments&post=25320"}],"version-history":[{"count":4,"href":"https:\/\/pc.sc.gov.br\/index.php?rest_route=\/wp\/v2\/posts\/25320\/revisions"}],"predecessor-version":[{"id":25325,"href":"https:\/\/pc.sc.gov.br\/index.php?rest_route=\/wp\/v2\/posts\/25320\/revisions\/25325"}],"wp:featuredmedia":[{"embeddable":true,"href":"https:\/\/pc.sc.gov.br\/index.php?rest_route=\/wp\/v2\/media\/25321"}],"wp:attachment":[{"href":"https:\/\/pc.sc.gov.br\/index.php?rest_route=%2Fwp%2Fv2%2Fmedia&parent=25320"}],"wp:term":[{"taxonomy":"category","embeddable":true,"href":"https:\/\/pc.sc.gov.br\/index.php?rest_route=%2Fwp%2Fv2%2Fcategories&post=25320"},{"taxonomy":"post_tag","embeddable":true,"href":"https:\/\/pc.sc.gov.br\/index.php?rest_route=%2Fwp%2Fv2%2Ftags&post=25320"}],"curies":[{"name":"wp","href":"https:\/\/api.w.org\/{rel}","templated":true}]}}