{"id":25389,"date":"2024-12-12T15:33:38","date_gmt":"2024-12-12T18:33:38","guid":{"rendered":"https:\/\/pc.sc.gov.br\/?p=25389"},"modified":"2024-12-12T15:34:44","modified_gmt":"2024-12-12T18:34:44","slug":"em-turvo-pcsc-cumpre-mandado-de-prisao-de-homem-investigado-por-crime-sexual-em-blumenau","status":"publish","type":"post","link":"https:\/\/pc.sc.gov.br\/?p=25389","title":{"rendered":"Em Turvo, PCSC cumpre mandado de pris\u00e3o de homem investigado por crime sexual em Blumenau"},"content":{"rendered":"\t\t<div data-elementor-type=\"wp-post\" data-elementor-id=\"25389\" class=\"elementor elementor-25389\" data-elementor-post-type=\"post\">\n\t\t\t\t\t\t<section class=\"elementor-section elementor-top-section elementor-element elementor-element-1410009 elementor-section-boxed elementor-section-height-default elementor-section-height-default\" data-id=\"1410009\" data-element_type=\"section\">\n\t\t\t\t\t\t<div class=\"elementor-container elementor-column-gap-default\">\n\t\t\t\t\t<div class=\"elementor-column elementor-col-100 elementor-top-column elementor-element elementor-element-9ccecdc\" data-id=\"9ccecdc\" data-element_type=\"column\">\n\t\t\t<div class=\"elementor-widget-wrap elementor-element-populated\">\n\t\t\t\t\t\t<div class=\"elementor-element elementor-element-02556dc elementor-widget elementor-widget-heading\" data-id=\"02556dc\" data-element_type=\"widget\" data-widget_type=\"heading.default\">\n\t\t\t\t<div class=\"elementor-widget-container\">\n\t\t\t\t\t<h2 class=\"elementor-heading-title elementor-size-default\">Em Turvo, PCSC cumpre mandado de pris\u00e3o de homem investigado por crime sexual em Blumenau<\/h2>\t\t\t\t<\/div>\n\t\t\t\t<\/div>\n\t\t\t\t\t<\/div>\n\t\t<\/div>\n\t\t\t\t\t<\/div>\n\t\t<\/section>\n\t\t\t\t<section class=\"elementor-section elementor-top-section elementor-element elementor-element-e7c7c09 elementor-section-boxed elementor-section-height-default elementor-section-height-default\" data-id=\"e7c7c09\" data-element_type=\"section\">\n\t\t\t\t\t\t<div class=\"elementor-container elementor-column-gap-default\">\n\t\t\t\t\t<div class=\"elementor-column elementor-col-100 elementor-top-column elementor-element elementor-element-7113507\" data-id=\"7113507\" data-element_type=\"column\">\n\t\t\t<div class=\"elementor-widget-wrap elementor-element-populated\">\n\t\t\t\t\t\t<div class=\"elementor-element elementor-element-704ea9f elementor-widget elementor-widget-image\" data-id=\"704ea9f\" data-element_type=\"widget\" data-widget_type=\"image.default\">\n\t\t\t\t<div class=\"elementor-widget-container\">\n\t\t\t\t\t\t\t\t\t\t\t\t\t\t\t<img fetchpriority=\"high\" decoding=\"async\" width=\"696\" height=\"576\" src=\"https:\/\/pc.sc.gov.br\/\/wp-content\/uploads\/2024\/11\/WhatsApp-Image-2024-08-08-at-16.56.13-fotor-20241122142530-1024x848.jpg\" class=\"attachment-large size-large wp-image-24811\" alt=\"\" srcset=\"https:\/\/pc.sc.gov.br\/\/wp-content\/uploads\/2024\/11\/WhatsApp-Image-2024-08-08-at-16.56.13-fotor-20241122142530-1024x848.jpg 1024w, https:\/\/pc.sc.gov.br\/\/wp-content\/uploads\/2024\/11\/WhatsApp-Image-2024-08-08-at-16.56.13-fotor-20241122142530-300x249.jpg 300w, https:\/\/pc.sc.gov.br\/\/wp-content\/uploads\/2024\/11\/WhatsApp-Image-2024-08-08-at-16.56.13-fotor-20241122142530-768x636.jpg 768w, https:\/\/pc.sc.gov.br\/\/wp-content\/uploads\/2024\/11\/WhatsApp-Image-2024-08-08-at-16.56.13-fotor-20241122142530.jpg 1196w\" sizes=\"(max-width: 696px) 100vw, 696px\" \/>\t\t\t\t\t\t\t\t\t\t\t\t\t\t\t<\/div>\n\t\t\t\t<\/div>\n\t\t\t\t\t<\/div>\n\t\t<\/div>\n\t\t\t\t\t<\/div>\n\t\t<\/section>\n\t\t\t\t<section class=\"elementor-section elementor-top-section elementor-element elementor-element-5d2348f elementor-section-boxed elementor-section-height-default elementor-section-height-default\" data-id=\"5d2348f\" data-element_type=\"section\">\n\t\t\t\t\t\t<div class=\"elementor-container elementor-column-gap-default\">\n\t\t\t\t\t<div class=\"elementor-column elementor-col-100 elementor-top-column elementor-element elementor-element-e896842\" data-id=\"e896842\" data-element_type=\"column\">\n\t\t\t<div class=\"elementor-widget-wrap elementor-element-populated\">\n\t\t\t\t\t\t<div class=\"elementor-element elementor-element-7b67540 elementor-widget elementor-widget-text-editor\" data-id=\"7b67540\" data-element_type=\"widget\" data-widget_type=\"text-editor.default\">\n\t\t\t\t<div class=\"elementor-widget-container\">\n\t\t\t\t\t\t\t\t\t<p>A Pol\u00edcia Civil de Santa Catarina, por meio da Delegacia de Turvo realizou na ter\u00e7a-feira, 10, a pris\u00e3o de um homem, que estava foragido da justi\u00e7a e era alvo de um mandado de pris\u00e3o expedido pela Comarca de Blumenau. O indiv\u00edduo \u00e9 acusado de cometer o atentado violento ao pudor.<\/p><p>A opera\u00e7\u00e3o realizada pela Pol\u00edcia Civil de Turvo iniciou ap\u00f3s o recebimento de informa\u00e7\u00f5es do N\u00facleo de Intelig\u00eancia da Pol\u00edcia Civil que identificou o paradeiro do indiv\u00edduo que at\u00e9 ent\u00e3o encontrava-se em local incerto e n\u00e3o sabido. A pris\u00e3o ocorreu sem resist\u00eancia por parte do homem, que foi levado \u00e0 Delegacia de Pol\u00edcia de Turvo e, logo em seguida, encaminhado ao sistema prisional catarinense onde permanecer\u00e1 \u00e0 disposi\u00e7\u00e3o da Justi\u00e7a.<\/p><p>A a\u00e7\u00e3o \u00e9 um reflexo do comprometimento da Pol\u00edcia Civil na busca por justi\u00e7a e prote\u00e7\u00e3o das v\u00edtimas de crimes graves, como o estupro. A Pol\u00edcia Civil de Turvo refor\u00e7ou que continuar\u00e1 atuando para garantir a seguran\u00e7a da popula\u00e7\u00e3o e o cumprimento das ordens judiciais, no intuito de proporcionar justi\u00e7a \u00e0s v\u00edtimas e assegurar que criminosos sejam responsabilizados por seus atos. A pris\u00e3o \u00e9 mais um passo na luta contra a impunidade e a criminalidade no estado de Santa Catarina.<\/p>\t\t\t\t\t\t\t\t<\/div>\n\t\t\t\t<\/div>\n\t\t\t\t\t<\/div>\n\t\t<\/div>\n\t\t\t\t\t<\/div>\n\t\t<\/section>\n\t\t\t\t<\/div>\n\t\t","protected":false},"excerpt":{"rendered":"<p>Em Turvo, PCSC cumpre mandado de pris\u00e3o de homem investigado por crime sexual em Blumenau A Pol\u00edcia Civil de Santa Catarina, por meio da Delegacia de Turvo realizou na ter\u00e7a-feira, 10, a pris\u00e3o de um homem, que estava foragido da justi\u00e7a e era alvo de um mandado de pris\u00e3o expedido pela Comarca de Blumenau. O [&hellip;]<\/p>\n","protected":false},"author":5,"featured_media":25011,"comment_status":"closed","ping_status":"open","sticky":false,"template":"","format":"standard","meta":{"_monsterinsights_skip_tracking":false,"_monsterinsights_sitenote_active":false,"_monsterinsights_sitenote_note":"","_monsterinsights_sitenote_category":0,"footnotes":""},"categories":[1],"tags":[],"class_list":["post-25389","post","type-post","status-publish","format-standard","has-post-thumbnail","hentry","category-sem-categoria"],"_links":{"self":[{"href":"https:\/\/pc.sc.gov.br\/index.php?rest_route=\/wp\/v2\/posts\/25389","targetHints":{"allow":["GET"]}}],"collection":[{"href":"https:\/\/pc.sc.gov.br\/index.php?rest_route=\/wp\/v2\/posts"}],"about":[{"href":"https:\/\/pc.sc.gov.br\/index.php?rest_route=\/wp\/v2\/types\/post"}],"author":[{"embeddable":true,"href":"https:\/\/pc.sc.gov.br\/index.php?rest_route=\/wp\/v2\/users\/5"}],"replies":[{"embeddable":true,"href":"https:\/\/pc.sc.gov.br\/index.php?rest_route=%2Fwp%2Fv2%2Fcomments&post=25389"}],"version-history":[{"count":4,"href":"https:\/\/pc.sc.gov.br\/index.php?rest_route=\/wp\/v2\/posts\/25389\/revisions"}],"predecessor-version":[{"id":25393,"href":"https:\/\/pc.sc.gov.br\/index.php?rest_route=\/wp\/v2\/posts\/25389\/revisions\/25393"}],"wp:featuredmedia":[{"embeddable":true,"href":"https:\/\/pc.sc.gov.br\/index.php?rest_route=\/wp\/v2\/media\/25011"}],"wp:attachment":[{"href":"https:\/\/pc.sc.gov.br\/index.php?rest_route=%2Fwp%2Fv2%2Fmedia&parent=25389"}],"wp:term":[{"taxonomy":"category","embeddable":true,"href":"https:\/\/pc.sc.gov.br\/index.php?rest_route=%2Fwp%2Fv2%2Fcategories&post=25389"},{"taxonomy":"post_tag","embeddable":true,"href":"https:\/\/pc.sc.gov.br\/index.php?rest_route=%2Fwp%2Fv2%2Ftags&post=25389"}],"curies":[{"name":"wp","href":"https:\/\/api.w.org\/{rel}","templated":true}]}}