{"id":25491,"date":"2024-12-17T17:40:55","date_gmt":"2024-12-17T20:40:55","guid":{"rendered":"https:\/\/pc.sc.gov.br\/?p=25491"},"modified":"2024-12-17T17:42:33","modified_gmt":"2024-12-17T20:42:33","slug":"policia-civil-cumpre-mais-de-1-150-mandados-de-prisao-na-regiao-oeste-de-sc-em-2024","status":"publish","type":"post","link":"https:\/\/pc.sc.gov.br\/?p=25491","title":{"rendered":"Pol\u00edcia Civil cumpre mais de 1.150 mandados de pris\u00e3o na regi\u00e3o oeste de SC em 2024"},"content":{"rendered":"\t\t<div data-elementor-type=\"wp-post\" data-elementor-id=\"25491\" class=\"elementor elementor-25491\" data-elementor-post-type=\"post\">\n\t\t\t\t\t\t<section class=\"elementor-section elementor-top-section elementor-element elementor-element-1053dfc elementor-section-boxed elementor-section-height-default elementor-section-height-default\" data-id=\"1053dfc\" data-element_type=\"section\">\n\t\t\t\t\t\t<div class=\"elementor-container elementor-column-gap-default\">\n\t\t\t\t\t<div class=\"elementor-column elementor-col-100 elementor-top-column elementor-element elementor-element-a863101\" data-id=\"a863101\" data-element_type=\"column\">\n\t\t\t<div class=\"elementor-widget-wrap elementor-element-populated\">\n\t\t\t\t\t\t<div class=\"elementor-element elementor-element-51d3ef5 elementor-widget elementor-widget-heading\" data-id=\"51d3ef5\" data-element_type=\"widget\" data-widget_type=\"heading.default\">\n\t\t\t\t<div class=\"elementor-widget-container\">\n\t\t\t\t\t<h2 class=\"elementor-heading-title elementor-size-default\">Pol\u00edcia Civil cumpre mais de 1.150 mandados de pris\u00e3o na regi\u00e3o oeste de SC em 2024<\/h2>\t\t\t\t<\/div>\n\t\t\t\t<\/div>\n\t\t\t\t\t<\/div>\n\t\t<\/div>\n\t\t\t\t\t<\/div>\n\t\t<\/section>\n\t\t\t\t<section class=\"elementor-section elementor-top-section elementor-element elementor-element-6060d5e elementor-section-boxed elementor-section-height-default elementor-section-height-default\" data-id=\"6060d5e\" data-element_type=\"section\">\n\t\t\t\t\t\t<div class=\"elementor-container elementor-column-gap-default\">\n\t\t\t\t\t<div class=\"elementor-column elementor-col-100 elementor-top-column elementor-element elementor-element-a9d7901\" data-id=\"a9d7901\" data-element_type=\"column\">\n\t\t\t<div class=\"elementor-widget-wrap elementor-element-populated\">\n\t\t\t\t\t\t<div class=\"elementor-element elementor-element-49cb6a9 elementor-widget elementor-widget-image\" data-id=\"49cb6a9\" data-element_type=\"widget\" data-widget_type=\"image.default\">\n\t\t\t\t<div class=\"elementor-widget-container\">\n\t\t\t\t\t\t\t\t\t\t\t\t\t\t\t<img fetchpriority=\"high\" decoding=\"async\" width=\"696\" height=\"696\" src=\"https:\/\/pc.sc.gov.br\/\/wp-content\/uploads\/2024\/12\/001-1024x1024.png\" class=\"attachment-large size-large wp-image-25492\" alt=\"\" srcset=\"https:\/\/pc.sc.gov.br\/\/wp-content\/uploads\/2024\/12\/001-1024x1024.png 1024w, https:\/\/pc.sc.gov.br\/\/wp-content\/uploads\/2024\/12\/001-300x300.png 300w, https:\/\/pc.sc.gov.br\/\/wp-content\/uploads\/2024\/12\/001-150x150.png 150w, https:\/\/pc.sc.gov.br\/\/wp-content\/uploads\/2024\/12\/001-768x768.png 768w, https:\/\/pc.sc.gov.br\/\/wp-content\/uploads\/2024\/12\/001.png 1080w\" sizes=\"(max-width: 696px) 100vw, 696px\" \/>\t\t\t\t\t\t\t\t\t\t\t\t\t\t\t<\/div>\n\t\t\t\t<\/div>\n\t\t\t\t\t<\/div>\n\t\t<\/div>\n\t\t\t\t\t<\/div>\n\t\t<\/section>\n\t\t\t\t<section class=\"elementor-section elementor-top-section elementor-element elementor-element-c2d1a68 elementor-section-boxed elementor-section-height-default elementor-section-height-default\" data-id=\"c2d1a68\" data-element_type=\"section\">\n\t\t\t\t\t\t<div class=\"elementor-container elementor-column-gap-default\">\n\t\t\t\t\t<div class=\"elementor-column elementor-col-100 elementor-top-column elementor-element elementor-element-27eabcd\" data-id=\"27eabcd\" data-element_type=\"column\">\n\t\t\t<div class=\"elementor-widget-wrap elementor-element-populated\">\n\t\t\t\t\t\t<div class=\"elementor-element elementor-element-ef2a368 elementor-widget elementor-widget-text-editor\" data-id=\"ef2a368\" data-element_type=\"widget\" data-widget_type=\"text-editor.default\">\n\t\t\t\t<div class=\"elementor-widget-container\">\n\t\t\t\t\t\t\t\t\t<p>A Pol\u00edcia Civil de Santa Catarina, por meio da Diretoria de Pol\u00edcia da Fronteira (DIFRON\/PCSC), com sede em Chapec\u00f3, apresentou, nesta ter\u00e7a-feira (17\/12), os indicadores de criminalidade referente ao ano de 2024 na circunscri\u00e7\u00e3o dos 89 munic\u00edpios da regi\u00e3o oeste de Santa Catarina.<\/p><p>Desde o dia 1\u00ba de janeiro at\u00e9 o dia 15 de dezembro, a Pol\u00edcia Civil de Santa Catarina, na regi\u00e3o Oeste, prendeu 1.165 pessoas, por meio do cumprimento de mandados de pris\u00e3o. Um crescimento de 13,77% comparado ao mesmo per\u00edodo de 2023.<\/p><p>As 10 unidades policiais que mais cumpriram os mandados de pris\u00e3o foram:<\/p><p>DIC\/FRON \u2013 CHAPEC\u00d3: 151<\/p><p>DPCO\/XANXER\u00ca: 129<\/p><p>DIC\/FRON \u2013 XANXER\u00ca: 94<\/p><p>DIC\/FRON \u2013 S\u00c3O LOUREN\u00c7O DO OESTE: 80<\/p><p>DPCO\/FRON \u2013 S\u00c3O MIGUEL DO OESTE: 66<\/p><p>DPCO\/FRON &#8211; XAXIM: 58<\/p><p>DPCO\/FRON \u2013 ABELARDO LUZ: 44<\/p><p>DIC\/FRON \u2013 S\u00c3O MIGUEL DO OESTE: 40<\/p><p>DPCO\/FRON \u2013 PONTE SERRADA: 39<\/p><p>DIC\/FRON \u2013 CONC\u00d3RDIA: 35<\/p>\t\t\t\t\t\t\t\t<\/div>\n\t\t\t\t<\/div>\n\t\t\t\t\t<\/div>\n\t\t<\/div>\n\t\t\t\t\t<\/div>\n\t\t<\/section>\n\t\t\t\t<section class=\"elementor-section elementor-top-section elementor-element elementor-element-dcd5b74 elementor-section-boxed elementor-section-height-default elementor-section-height-default\" data-id=\"dcd5b74\" data-element_type=\"section\">\n\t\t\t\t\t\t<div class=\"elementor-container elementor-column-gap-default\">\n\t\t\t\t\t<div class=\"elementor-column elementor-col-100 elementor-top-column elementor-element elementor-element-e12f435\" data-id=\"e12f435\" data-element_type=\"column\">\n\t\t\t<div class=\"elementor-widget-wrap elementor-element-populated\">\n\t\t\t\t\t\t<div class=\"elementor-element elementor-element-a048ce3 elementor-widget elementor-widget-image\" data-id=\"a048ce3\" data-element_type=\"widget\" data-widget_type=\"image.default\">\n\t\t\t\t<div class=\"elementor-widget-container\">\n\t\t\t\t\t\t\t\t\t\t\t\t\t\t\t<img decoding=\"async\" width=\"696\" height=\"696\" src=\"https:\/\/pc.sc.gov.br\/\/wp-content\/uploads\/2024\/12\/002-1024x1024.png\" class=\"attachment-large size-large wp-image-25494\" alt=\"\" srcset=\"https:\/\/pc.sc.gov.br\/\/wp-content\/uploads\/2024\/12\/002-1024x1024.png 1024w, https:\/\/pc.sc.gov.br\/\/wp-content\/uploads\/2024\/12\/002-300x300.png 300w, https:\/\/pc.sc.gov.br\/\/wp-content\/uploads\/2024\/12\/002-150x150.png 150w, https:\/\/pc.sc.gov.br\/\/wp-content\/uploads\/2024\/12\/002-768x768.png 768w, https:\/\/pc.sc.gov.br\/\/wp-content\/uploads\/2024\/12\/002.png 1080w\" sizes=\"(max-width: 696px) 100vw, 696px\" \/>\t\t\t\t\t\t\t\t\t\t\t\t\t\t\t<\/div>\n\t\t\t\t<\/div>\n\t\t\t\t\t<\/div>\n\t\t<\/div>\n\t\t\t\t\t<\/div>\n\t\t<\/section>\n\t\t\t\t<section class=\"elementor-section elementor-top-section elementor-element elementor-element-516248e elementor-section-boxed elementor-section-height-default elementor-section-height-default\" data-id=\"516248e\" data-element_type=\"section\">\n\t\t\t\t\t\t<div class=\"elementor-container elementor-column-gap-default\">\n\t\t\t\t\t<div class=\"elementor-column elementor-col-100 elementor-top-column elementor-element elementor-element-925555d\" data-id=\"925555d\" data-element_type=\"column\">\n\t\t\t<div class=\"elementor-widget-wrap elementor-element-populated\">\n\t\t\t\t\t\t<div class=\"elementor-element elementor-element-62eda5f elementor-widget elementor-widget-text-editor\" data-id=\"62eda5f\" data-element_type=\"widget\" data-widget_type=\"text-editor.default\">\n\t\t\t\t<div class=\"elementor-widget-container\">\n\t\t\t\t\t\t\t\t\t<p>Em rela\u00e7\u00e3o aos n\u00fameros de homic\u00eddios houve uma redu\u00e7\u00e3o de 4,35%. Foram registrados 66 casos de homic\u00eddios at\u00e9 a data de 15\/12, em compara\u00e7\u00e3o aos 69 casos registrados no mesmo per\u00edodo do ano passado.<\/p><p>Na regi\u00e3o da DIFRON, de 2020 a 2024, a m\u00e9dia de resolu\u00e7\u00e3o das mortes violentas (homic\u00eddio, feminic\u00eddio, latroc\u00ednio e les\u00e3o corporal seguida de morte) na regi\u00e3o Oeste nos \u00faltimos 5 anos atingiu 92,46%.<\/p><p>A apreens\u00e3o de armamento na regi\u00e3o da DIFRON tamb\u00e9m foi expressiva em 2024, sendo que esse ano a Pol\u00edcia Civil j\u00e1 apreendeu 210 armas de fogo na regi\u00e3o Oeste. A retirada de armamento das ruas pela PCSC se mant\u00e9m em alta na regi\u00e3o da DIFRON desde 2021, o que contribuiu para a diminui\u00e7\u00e3o das mortes violentas e outros delitos graves. Do mesmo modo, foram apreendidos mais de 3 toneladas de drogas no oeste catarinense no decorrer do presente ano.<\/p><p>Para o Diretor de Pol\u00edcia da Fronteira da Pol\u00edcia Civil, Delegado Fernando Callfass, \u201co balan\u00e7o dos trabalhos realizados na regi\u00e3o da DIFRON em 2024 atesta o comprometimento da Pol\u00edcia Civil com a seguran\u00e7a dos catarinenses. O grande n\u00famero de mandados de pris\u00e3o cumpridos e de armas de fogo apreendidas \u00e9 resultado da investiga\u00e7\u00e3o de excel\u00eancia realizada pelas seis DRP\u2019s que comp\u00f5em a DIFRON. Esse \u00eaxito investigativo somente foi poss\u00edvel gra\u00e7as ao apoio do Delegado Geral da PCSC, Dr. Ulisses Gabriel, no combate da criminalidade na fronteira\u201d.<\/p>\t\t\t\t\t\t\t\t<\/div>\n\t\t\t\t<\/div>\n\t\t\t\t\t<\/div>\n\t\t<\/div>\n\t\t\t\t\t<\/div>\n\t\t<\/section>\n\t\t\t\t<\/div>\n\t\t","protected":false},"excerpt":{"rendered":"<p>Pol\u00edcia Civil cumpre mais de 1.150 mandados de pris\u00e3o na regi\u00e3o oeste de SC em 2024 A Pol\u00edcia Civil de Santa Catarina, por meio da Diretoria de Pol\u00edcia da Fronteira (DIFRON\/PCSC), com sede em Chapec\u00f3, apresentou, nesta ter\u00e7a-feira (17\/12), os indicadores de criminalidade referente ao ano de 2024 na circunscri\u00e7\u00e3o dos 89 munic\u00edpios da regi\u00e3o [&hellip;]<\/p>\n","protected":false},"author":5,"featured_media":25492,"comment_status":"closed","ping_status":"open","sticky":false,"template":"","format":"standard","meta":{"_monsterinsights_skip_tracking":false,"_monsterinsights_sitenote_active":false,"_monsterinsights_sitenote_note":"","_monsterinsights_sitenote_category":0,"footnotes":""},"categories":[1],"tags":[],"class_list":["post-25491","post","type-post","status-publish","format-standard","has-post-thumbnail","hentry","category-sem-categoria"],"_links":{"self":[{"href":"https:\/\/pc.sc.gov.br\/index.php?rest_route=\/wp\/v2\/posts\/25491","targetHints":{"allow":["GET"]}}],"collection":[{"href":"https:\/\/pc.sc.gov.br\/index.php?rest_route=\/wp\/v2\/posts"}],"about":[{"href":"https:\/\/pc.sc.gov.br\/index.php?rest_route=\/wp\/v2\/types\/post"}],"author":[{"embeddable":true,"href":"https:\/\/pc.sc.gov.br\/index.php?rest_route=\/wp\/v2\/users\/5"}],"replies":[{"embeddable":true,"href":"https:\/\/pc.sc.gov.br\/index.php?rest_route=%2Fwp%2Fv2%2Fcomments&post=25491"}],"version-history":[{"count":4,"href":"https:\/\/pc.sc.gov.br\/index.php?rest_route=\/wp\/v2\/posts\/25491\/revisions"}],"predecessor-version":[{"id":25497,"href":"https:\/\/pc.sc.gov.br\/index.php?rest_route=\/wp\/v2\/posts\/25491\/revisions\/25497"}],"wp:featuredmedia":[{"embeddable":true,"href":"https:\/\/pc.sc.gov.br\/index.php?rest_route=\/wp\/v2\/media\/25492"}],"wp:attachment":[{"href":"https:\/\/pc.sc.gov.br\/index.php?rest_route=%2Fwp%2Fv2%2Fmedia&parent=25491"}],"wp:term":[{"taxonomy":"category","embeddable":true,"href":"https:\/\/pc.sc.gov.br\/index.php?rest_route=%2Fwp%2Fv2%2Fcategories&post=25491"},{"taxonomy":"post_tag","embeddable":true,"href":"https:\/\/pc.sc.gov.br\/index.php?rest_route=%2Fwp%2Fv2%2Ftags&post=25491"}],"curies":[{"name":"wp","href":"https:\/\/api.w.org\/{rel}","templated":true}]}}