{"id":25498,"date":"2024-12-17T17:47:15","date_gmt":"2024-12-17T20:47:15","guid":{"rendered":"https:\/\/pc.sc.gov.br\/?p=25498"},"modified":"2024-12-17T17:48:59","modified_gmt":"2024-12-17T20:48:59","slug":"operacao-lado-uniao-acao-conjunta-entre-a-pcsc-e-pmsc-resulta-na-prisao-de-quatro-pessoas-ligas-ao-trafico-em-braco-do-norte","status":"publish","type":"post","link":"https:\/\/pc.sc.gov.br\/?p=25498","title":{"rendered":"Opera\u00e7\u00e3o \u201cLado Uni\u00e3o\u201d: a\u00e7\u00e3o conjunta entre a PCSC e PMSC resulta na pris\u00e3o de quatro pessoas ligadas ao tr\u00e1fico em Bra\u00e7o do Norte"},"content":{"rendered":"\t\t<div data-elementor-type=\"wp-post\" data-elementor-id=\"25498\" class=\"elementor elementor-25498\" data-elementor-post-type=\"post\">\n\t\t\t\t\t\t<section class=\"elementor-section elementor-top-section elementor-element elementor-element-3cd33e5 elementor-section-boxed elementor-section-height-default elementor-section-height-default\" data-id=\"3cd33e5\" data-element_type=\"section\">\n\t\t\t\t\t\t<div class=\"elementor-container elementor-column-gap-default\">\n\t\t\t\t\t<div class=\"elementor-column elementor-col-100 elementor-top-column elementor-element elementor-element-af51392\" data-id=\"af51392\" data-element_type=\"column\">\n\t\t\t<div class=\"elementor-widget-wrap elementor-element-populated\">\n\t\t\t\t\t\t<div class=\"elementor-element elementor-element-9a5c946 elementor-widget elementor-widget-heading\" data-id=\"9a5c946\" data-element_type=\"widget\" data-widget_type=\"heading.default\">\n\t\t\t\t<div class=\"elementor-widget-container\">\n\t\t\t\t\t<h2 class=\"elementor-heading-title elementor-size-default\">Opera\u00e7\u00e3o \u201cLado Uni\u00e3o\u201d: a\u00e7\u00e3o conjunta entre a PCSC e PMSC resulta na pris\u00e3o de quatro pessoas ligadas ao tr\u00e1fico em Bra\u00e7o do Norte<\/h2>\t\t\t\t<\/div>\n\t\t\t\t<\/div>\n\t\t\t\t\t<\/div>\n\t\t<\/div>\n\t\t\t\t\t<\/div>\n\t\t<\/section>\n\t\t\t\t<section class=\"elementor-section elementor-top-section elementor-element elementor-element-7a989c7 elementor-section-boxed elementor-section-height-default elementor-section-height-default\" data-id=\"7a989c7\" data-element_type=\"section\">\n\t\t\t\t\t\t<div class=\"elementor-container elementor-column-gap-default\">\n\t\t\t\t\t<div class=\"elementor-column elementor-col-100 elementor-top-column elementor-element elementor-element-7b49dfb\" data-id=\"7b49dfb\" data-element_type=\"column\">\n\t\t\t<div class=\"elementor-widget-wrap elementor-element-populated\">\n\t\t\t\t\t\t<div class=\"elementor-element elementor-element-e35ac57 elementor-widget elementor-widget-image\" data-id=\"e35ac57\" data-element_type=\"widget\" data-widget_type=\"image.default\">\n\t\t\t\t<div class=\"elementor-widget-container\">\n\t\t\t\t\t\t\t\t\t\t\t\t\t\t\t<img fetchpriority=\"high\" decoding=\"async\" width=\"696\" height=\"844\" src=\"https:\/\/pc.sc.gov.br\/\/wp-content\/uploads\/2024\/12\/a6d739ac-07a9-46bf-8002-a35a5a2bd75b-fotor-20241217174437-844x1024.jpg\" class=\"attachment-large size-large wp-image-25499\" alt=\"\" srcset=\"https:\/\/pc.sc.gov.br\/\/wp-content\/uploads\/2024\/12\/a6d739ac-07a9-46bf-8002-a35a5a2bd75b-fotor-20241217174437-844x1024.jpg 844w, https:\/\/pc.sc.gov.br\/\/wp-content\/uploads\/2024\/12\/a6d739ac-07a9-46bf-8002-a35a5a2bd75b-fotor-20241217174437-247x300.jpg 247w, https:\/\/pc.sc.gov.br\/\/wp-content\/uploads\/2024\/12\/a6d739ac-07a9-46bf-8002-a35a5a2bd75b-fotor-20241217174437-768x932.jpg 768w, https:\/\/pc.sc.gov.br\/\/wp-content\/uploads\/2024\/12\/a6d739ac-07a9-46bf-8002-a35a5a2bd75b-fotor-20241217174437.jpg 1094w\" sizes=\"(max-width: 696px) 100vw, 696px\" \/>\t\t\t\t\t\t\t\t\t\t\t\t\t\t\t<\/div>\n\t\t\t\t<\/div>\n\t\t\t\t\t<\/div>\n\t\t<\/div>\n\t\t\t\t\t<\/div>\n\t\t<\/section>\n\t\t\t\t<section class=\"elementor-section elementor-top-section elementor-element elementor-element-8328f34 elementor-section-boxed elementor-section-height-default elementor-section-height-default\" data-id=\"8328f34\" data-element_type=\"section\">\n\t\t\t\t\t\t<div class=\"elementor-container elementor-column-gap-default\">\n\t\t\t\t\t<div class=\"elementor-column elementor-col-100 elementor-top-column elementor-element elementor-element-ae6377d\" data-id=\"ae6377d\" data-element_type=\"column\">\n\t\t\t<div class=\"elementor-widget-wrap elementor-element-populated\">\n\t\t\t\t\t\t<div class=\"elementor-element elementor-element-fe3d2bd elementor-widget elementor-widget-text-editor\" data-id=\"fe3d2bd\" data-element_type=\"widget\" data-widget_type=\"text-editor.default\">\n\t\t\t\t<div class=\"elementor-widget-container\">\n\t\t\t\t\t\t\t\t\t<p>Uma opera\u00e7\u00e3o conjunta entre as Pol\u00edcias Civil e Militar, realizada nesta ter\u00e7a-feira, 17, em Bra\u00e7o do Norte deu cumprimento de 9 mandados de busca e apreens\u00e3o e 3 mandados de pris\u00e3o. A opera\u00e7\u00e3o resultou na pris\u00e3o de 4 pessoas, sendo duas em flagrante por posse de entorpecentes. Os alvos da a\u00e7\u00e3o policial residiam nos Bairros Lado Uni\u00e3o e S\u00e3o Bas\u00edlio.\u00a0<\/p><p>Os mandados de busca e apreens\u00e3o e de pris\u00f5es foram emitidos ap\u00f3s representa\u00e7\u00e3o da Autoridade Policial, em fun\u00e7\u00e3o da finaliza\u00e7\u00e3o de inqu\u00e9rito policial que documentou o envolvimento de diversas pessoas no esquema de tr\u00e1fico de drogas executado nos bairros da Uni\u00e3o e S\u00e3o Bas\u00edlio. Da investiga\u00e7\u00e3o foram 9 (nove) pessoas indiciadas, e inclusive denunciadas.\u00a0<\/p><p>Em duas das casas onde foram cumpridas buscas, foram encontrados quantidades de maconha e coca\u00edna, al\u00e9m de equipamentos caracter\u00edsticos do tr\u00e1fico de drogas, al\u00e9m de dinheiro em esp\u00e9cie.\u00a0 Os 4 investigados foram levados ao Pres\u00eddio de Tubar\u00e3o ap\u00f3s as medidas administrativas de praxe. A opera\u00e7\u00e3o contou com o apoio de policiais civis da 5\u00aa regional de pol\u00edcia civil, al\u00e9m do Saer e Canil da Pol\u00edcia Militar.\u00a0<\/p><p>As delegadas respons\u00e1veis pela opera\u00e7\u00e3o, Jucin\u00eas Ferreira e Gabriela Tissot Fruet, destacaram a atua\u00e7\u00e3o dos policiais da Intelig\u00eancia da Pol\u00edcia Militar nos trabalhos investigativos da referida opera\u00e7\u00e3o, o qual reuniram elementos substanciais para deflagra\u00e7\u00e3o da opera\u00e7\u00e3o que foi desencadeada.\u00a0<\/p>\t\t\t\t\t\t\t\t<\/div>\n\t\t\t\t<\/div>\n\t\t\t\t\t<\/div>\n\t\t<\/div>\n\t\t\t\t\t<\/div>\n\t\t<\/section>\n\t\t\t\t<\/div>\n\t\t","protected":false},"excerpt":{"rendered":"<p>Opera\u00e7\u00e3o \u201cLado Uni\u00e3o\u201d: a\u00e7\u00e3o conjunta entre a PCSC e PMSC resulta na pris\u00e3o de quatro pessoas ligadas ao tr\u00e1fico em Bra\u00e7o do Norte Uma opera\u00e7\u00e3o conjunta entre as Pol\u00edcias Civil e Militar, realizada nesta ter\u00e7a-feira, 17, em Bra\u00e7o do Norte deu cumprimento de 9 mandados de busca e apreens\u00e3o e 3 mandados de pris\u00e3o. A [&hellip;]<\/p>\n","protected":false},"author":5,"featured_media":25499,"comment_status":"closed","ping_status":"open","sticky":false,"template":"","format":"standard","meta":{"_monsterinsights_skip_tracking":false,"_monsterinsights_sitenote_active":false,"_monsterinsights_sitenote_note":"","_monsterinsights_sitenote_category":0,"footnotes":""},"categories":[1],"tags":[],"class_list":["post-25498","post","type-post","status-publish","format-standard","has-post-thumbnail","hentry","category-sem-categoria"],"_links":{"self":[{"href":"https:\/\/pc.sc.gov.br\/index.php?rest_route=\/wp\/v2\/posts\/25498","targetHints":{"allow":["GET"]}}],"collection":[{"href":"https:\/\/pc.sc.gov.br\/index.php?rest_route=\/wp\/v2\/posts"}],"about":[{"href":"https:\/\/pc.sc.gov.br\/index.php?rest_route=\/wp\/v2\/types\/post"}],"author":[{"embeddable":true,"href":"https:\/\/pc.sc.gov.br\/index.php?rest_route=\/wp\/v2\/users\/5"}],"replies":[{"embeddable":true,"href":"https:\/\/pc.sc.gov.br\/index.php?rest_route=%2Fwp%2Fv2%2Fcomments&post=25498"}],"version-history":[{"count":8,"href":"https:\/\/pc.sc.gov.br\/index.php?rest_route=\/wp\/v2\/posts\/25498\/revisions"}],"predecessor-version":[{"id":25507,"href":"https:\/\/pc.sc.gov.br\/index.php?rest_route=\/wp\/v2\/posts\/25498\/revisions\/25507"}],"wp:featuredmedia":[{"embeddable":true,"href":"https:\/\/pc.sc.gov.br\/index.php?rest_route=\/wp\/v2\/media\/25499"}],"wp:attachment":[{"href":"https:\/\/pc.sc.gov.br\/index.php?rest_route=%2Fwp%2Fv2%2Fmedia&parent=25498"}],"wp:term":[{"taxonomy":"category","embeddable":true,"href":"https:\/\/pc.sc.gov.br\/index.php?rest_route=%2Fwp%2Fv2%2Fcategories&post=25498"},{"taxonomy":"post_tag","embeddable":true,"href":"https:\/\/pc.sc.gov.br\/index.php?rest_route=%2Fwp%2Fv2%2Ftags&post=25498"}],"curies":[{"name":"wp","href":"https:\/\/api.w.org\/{rel}","templated":true}]}}