{"id":25569,"date":"2024-12-18T18:22:07","date_gmt":"2024-12-18T21:22:07","guid":{"rendered":"https:\/\/pc.sc.gov.br\/?p=25569"},"modified":"2024-12-18T18:23:35","modified_gmt":"2024-12-18T21:23:35","slug":"pcsc-efetua-prisao-em-flagrante-de-autor-de-tentativa-de-feminicidio-em-anita-garibaldi","status":"publish","type":"post","link":"https:\/\/pc.sc.gov.br\/?p=25569","title":{"rendered":"PCSC efetua pris\u00e3o em flagrante de autor de tentativa de feminic\u00eddio em Anita Garibaldi"},"content":{"rendered":"\t\t<div data-elementor-type=\"wp-post\" data-elementor-id=\"25569\" class=\"elementor elementor-25569\" data-elementor-post-type=\"post\">\n\t\t\t\t\t\t<section class=\"elementor-section elementor-top-section elementor-element elementor-element-2b72e88 elementor-section-boxed elementor-section-height-default elementor-section-height-default\" data-id=\"2b72e88\" data-element_type=\"section\">\n\t\t\t\t\t\t<div class=\"elementor-container elementor-column-gap-default\">\n\t\t\t\t\t<div class=\"elementor-column elementor-col-100 elementor-top-column elementor-element elementor-element-5a84f8f\" data-id=\"5a84f8f\" data-element_type=\"column\">\n\t\t\t<div class=\"elementor-widget-wrap elementor-element-populated\">\n\t\t\t\t\t\t<div class=\"elementor-element elementor-element-45e7afa elementor-widget elementor-widget-heading\" data-id=\"45e7afa\" data-element_type=\"widget\" data-widget_type=\"heading.default\">\n\t\t\t\t<div class=\"elementor-widget-container\">\n\t\t\t\t\t<h2 class=\"elementor-heading-title elementor-size-default\">PCSC efetua pris\u00e3o em flagrante de autor de tentativa de feminic\u00eddio em Anita Garibaldi<\/h2>\t\t\t\t<\/div>\n\t\t\t\t<\/div>\n\t\t\t\t\t<\/div>\n\t\t<\/div>\n\t\t\t\t\t<\/div>\n\t\t<\/section>\n\t\t\t\t<section class=\"elementor-section elementor-top-section elementor-element elementor-element-23340ee elementor-section-boxed elementor-section-height-default elementor-section-height-default\" data-id=\"23340ee\" data-element_type=\"section\">\n\t\t\t\t\t\t<div class=\"elementor-container elementor-column-gap-default\">\n\t\t\t\t\t<div class=\"elementor-column elementor-col-100 elementor-top-column elementor-element elementor-element-a3c8a32\" data-id=\"a3c8a32\" data-element_type=\"column\">\n\t\t\t<div class=\"elementor-widget-wrap elementor-element-populated\">\n\t\t\t\t\t\t<div class=\"elementor-element elementor-element-a7b7e9a elementor-widget elementor-widget-image\" data-id=\"a7b7e9a\" data-element_type=\"widget\" data-widget_type=\"image.default\">\n\t\t\t\t<div class=\"elementor-widget-container\">\n\t\t\t\t\t\t\t\t\t\t\t\t\t\t\t<img fetchpriority=\"high\" decoding=\"async\" width=\"696\" height=\"504\" src=\"https:\/\/pc.sc.gov.br\/\/wp-content\/uploads\/2024\/11\/WhatsApp-Image-2024-10-23-at-20.23.01-1-1024x742.jpeg\" class=\"attachment-large size-large wp-image-24785\" alt=\"\" srcset=\"https:\/\/pc.sc.gov.br\/\/wp-content\/uploads\/2024\/11\/WhatsApp-Image-2024-10-23-at-20.23.01-1-1024x742.jpeg 1024w, https:\/\/pc.sc.gov.br\/\/wp-content\/uploads\/2024\/11\/WhatsApp-Image-2024-10-23-at-20.23.01-1-300x217.jpeg 300w, https:\/\/pc.sc.gov.br\/\/wp-content\/uploads\/2024\/11\/WhatsApp-Image-2024-10-23-at-20.23.01-1-768x556.jpeg 768w, https:\/\/pc.sc.gov.br\/\/wp-content\/uploads\/2024\/11\/WhatsApp-Image-2024-10-23-at-20.23.01-1.jpeg 1179w\" sizes=\"(max-width: 696px) 100vw, 696px\" \/>\t\t\t\t\t\t\t\t\t\t\t\t\t\t\t<\/div>\n\t\t\t\t<\/div>\n\t\t\t\t\t<\/div>\n\t\t<\/div>\n\t\t\t\t\t<\/div>\n\t\t<\/section>\n\t\t\t\t<section class=\"elementor-section elementor-top-section elementor-element elementor-element-073991c elementor-section-boxed elementor-section-height-default elementor-section-height-default\" data-id=\"073991c\" data-element_type=\"section\">\n\t\t\t\t\t\t<div class=\"elementor-container elementor-column-gap-default\">\n\t\t\t\t\t<div class=\"elementor-column elementor-col-100 elementor-top-column elementor-element elementor-element-7d7d190\" data-id=\"7d7d190\" data-element_type=\"column\">\n\t\t\t<div class=\"elementor-widget-wrap elementor-element-populated\">\n\t\t\t\t\t\t<div class=\"elementor-element elementor-element-7910046 elementor-widget elementor-widget-text-editor\" data-id=\"7910046\" data-element_type=\"widget\" data-widget_type=\"text-editor.default\">\n\t\t\t\t<div class=\"elementor-widget-container\">\n\t\t\t\t\t\t\t\t\t<p>A Pol\u00edcia Civil de Santa Catarina, por meio da Delegacia de Pol\u00edcia de Anita Garibaldi efetuou, nesta quarta-feira (18), a pris\u00e3o de autor de feminic\u00eddio tentado praticado na comarca de Anita Garibaldi.<\/p>\n<p>A v\u00edtima procurou a Pol\u00edcia Civil para informar que havia sido agredida pelo seu companheiro na noite anterior, ap\u00f3s colocar fim no relacionamento. Nesta quarta-feira, ao sair de seu trabalho, foi procurada pelo investigado que lhe oferecia carona, sendo que n\u00e3o foi aceita.&nbsp;<span style=\"font-family: var( --e-global-typography-text-font-family ), Sans-serif; font-size: var( --e-global-typography-text-font-size );\">A v\u00edtima seguia para sua resid\u00eancia a p\u00e9, quando, na estrada, o autor, usando seu ve\u00edculo, investiu contra a v\u00edtima, buscando atropel\u00e1-la.<\/span><\/p>\n<p>O autor acabou caindo com o ve\u00edculo na vala de escoamento da chuva na via, sendo que a v\u00edtima conseguiu se evadir e se escondeu em um banhado, enquanto ainda era perseguida pelo ex-companheiro, que gritava e proferia amea\u00e7as de morte.<\/p>\n<p>Um indiv\u00edduo que passava parou para verificar o acidente e, ao perceber a situa\u00e7\u00e3o, socorreu a v\u00edtima e a levou para delegacia de pol\u00edcia.&nbsp;<span style=\"font-family: var( --e-global-typography-primary-font-family ), Sans-serif; font-size: var( --e-global-typography-primary-font-size ); font-weight: var( --e-global-typography-primary-font-weight ); letter-spacing: var( --e-global-typography-primary-letter-spacing );\">Tomando conhecimento dos fatos, uma equipe de policiais diligenciou para capturar o agressor, sendo o mesmo localizado e preso. Durante o procedimento, o conduzido tentou se evadir, sendo contido pelos policiais. O conduzido foi por autuado pelo crime de feminic\u00eddio tentado e les\u00f5es corporais.&nbsp;<\/span><\/p>\n<p>Finalizado o procedimento, foi encaminhado ao sistema penitenci\u00e1rio, onde ficar\u00e1 \u00e0 disposi\u00e7\u00e3o da justi\u00e7a.<\/p>\n<div>&nbsp;<\/div>\t\t\t\t\t\t\t\t<\/div>\n\t\t\t\t<\/div>\n\t\t\t\t\t<\/div>\n\t\t<\/div>\n\t\t\t\t\t<\/div>\n\t\t<\/section>\n\t\t\t\t<\/div>\n\t\t","protected":false},"excerpt":{"rendered":"<p>PCSC efetua pris\u00e3o em flagrante de autor de tentativa de feminic\u00eddio em Anita Garibaldi A Pol\u00edcia Civil de Santa Catarina, por meio da Delegacia de Pol\u00edcia de Anita Garibaldi efetuou, nesta quarta-feira (18), a pris\u00e3o de autor de feminic\u00eddio tentado praticado na comarca de Anita Garibaldi. A v\u00edtima procurou a Pol\u00edcia Civil para informar que [&hellip;]<\/p>\n","protected":false},"author":5,"featured_media":25011,"comment_status":"closed","ping_status":"open","sticky":false,"template":"","format":"standard","meta":{"_monsterinsights_skip_tracking":false,"_monsterinsights_sitenote_active":false,"_monsterinsights_sitenote_note":"","_monsterinsights_sitenote_category":0,"footnotes":""},"categories":[1],"tags":[],"class_list":["post-25569","post","type-post","status-publish","format-standard","has-post-thumbnail","hentry","category-sem-categoria"],"_links":{"self":[{"href":"https:\/\/pc.sc.gov.br\/index.php?rest_route=\/wp\/v2\/posts\/25569","targetHints":{"allow":["GET"]}}],"collection":[{"href":"https:\/\/pc.sc.gov.br\/index.php?rest_route=\/wp\/v2\/posts"}],"about":[{"href":"https:\/\/pc.sc.gov.br\/index.php?rest_route=\/wp\/v2\/types\/post"}],"author":[{"embeddable":true,"href":"https:\/\/pc.sc.gov.br\/index.php?rest_route=\/wp\/v2\/users\/5"}],"replies":[{"embeddable":true,"href":"https:\/\/pc.sc.gov.br\/index.php?rest_route=%2Fwp%2Fv2%2Fcomments&post=25569"}],"version-history":[{"count":4,"href":"https:\/\/pc.sc.gov.br\/index.php?rest_route=\/wp\/v2\/posts\/25569\/revisions"}],"predecessor-version":[{"id":25573,"href":"https:\/\/pc.sc.gov.br\/index.php?rest_route=\/wp\/v2\/posts\/25569\/revisions\/25573"}],"wp:featuredmedia":[{"embeddable":true,"href":"https:\/\/pc.sc.gov.br\/index.php?rest_route=\/wp\/v2\/media\/25011"}],"wp:attachment":[{"href":"https:\/\/pc.sc.gov.br\/index.php?rest_route=%2Fwp%2Fv2%2Fmedia&parent=25569"}],"wp:term":[{"taxonomy":"category","embeddable":true,"href":"https:\/\/pc.sc.gov.br\/index.php?rest_route=%2Fwp%2Fv2%2Fcategories&post=25569"},{"taxonomy":"post_tag","embeddable":true,"href":"https:\/\/pc.sc.gov.br\/index.php?rest_route=%2Fwp%2Fv2%2Ftags&post=25569"}],"curies":[{"name":"wp","href":"https:\/\/api.w.org\/{rel}","templated":true}]}}