{"id":25575,"date":"2024-12-18T18:31:07","date_gmt":"2024-12-18T21:31:07","guid":{"rendered":"https:\/\/pc.sc.gov.br\/?p=25575"},"modified":"2024-12-18T18:37:21","modified_gmt":"2024-12-18T21:37:21","slug":"policia-civil-deflagra-operacao-em-sao-jose-prende-seis-pessoas-em-flagrante-e-apreende-e-sequestra-mais-de-r-3-milhoes-em-bens","status":"publish","type":"post","link":"https:\/\/pc.sc.gov.br\/?p=25575","title":{"rendered":"Pol\u00edcia Civil deflagra opera\u00e7\u00e3o em S\u00e3o Jos\u00e9, prende seis pessoas em flagrante e apreende e sequestra mais de R$ 3 milh\u00f5es em bens"},"content":{"rendered":"\t\t<div data-elementor-type=\"wp-post\" data-elementor-id=\"25575\" class=\"elementor elementor-25575\" data-elementor-post-type=\"post\">\n\t\t\t\t\t\t<section class=\"elementor-section elementor-top-section elementor-element elementor-element-0d0ff06 elementor-section-boxed elementor-section-height-default elementor-section-height-default\" data-id=\"0d0ff06\" data-element_type=\"section\">\n\t\t\t\t\t\t<div class=\"elementor-container elementor-column-gap-default\">\n\t\t\t\t\t<div class=\"elementor-column elementor-col-100 elementor-top-column elementor-element elementor-element-811755a\" data-id=\"811755a\" data-element_type=\"column\">\n\t\t\t<div class=\"elementor-widget-wrap elementor-element-populated\">\n\t\t\t\t\t\t<div class=\"elementor-element elementor-element-90fdeea elementor-widget elementor-widget-heading\" data-id=\"90fdeea\" data-element_type=\"widget\" data-widget_type=\"heading.default\">\n\t\t\t\t<div class=\"elementor-widget-container\">\n\t\t\t\t\t<h2 class=\"elementor-heading-title elementor-size-default\">Pol\u00edcia Civil deflagra opera\u00e7\u00e3o em S\u00e3o Jos\u00e9, prende seis pessoas em flagrante e apreende e sequestra mais de R$ 3 milh\u00f5es em bens<\/h2>\t\t\t\t<\/div>\n\t\t\t\t<\/div>\n\t\t\t\t\t<\/div>\n\t\t<\/div>\n\t\t\t\t\t<\/div>\n\t\t<\/section>\n\t\t\t\t<section class=\"elementor-section elementor-top-section elementor-element elementor-element-820a2dc elementor-section-boxed elementor-section-height-default elementor-section-height-default\" data-id=\"820a2dc\" data-element_type=\"section\">\n\t\t\t\t\t\t<div class=\"elementor-container elementor-column-gap-default\">\n\t\t\t\t\t<div class=\"elementor-column elementor-col-100 elementor-top-column elementor-element elementor-element-674fa02\" data-id=\"674fa02\" data-element_type=\"column\">\n\t\t\t<div class=\"elementor-widget-wrap elementor-element-populated\">\n\t\t\t\t\t\t<div class=\"elementor-element elementor-element-a12ed7e elementor-widget elementor-widget-image\" data-id=\"a12ed7e\" data-element_type=\"widget\" data-widget_type=\"image.default\">\n\t\t\t\t<div class=\"elementor-widget-container\">\n\t\t\t\t\t\t\t\t\t\t\t\t\t\t\t<img fetchpriority=\"high\" decoding=\"async\" width=\"696\" height=\"928\" src=\"https:\/\/pc.sc.gov.br\/\/wp-content\/uploads\/2024\/12\/WhatsApp-Image-2024-12-18-at-15.58.19-768x1024.jpeg\" class=\"attachment-large size-large wp-image-25577\" alt=\"\" srcset=\"https:\/\/pc.sc.gov.br\/\/wp-content\/uploads\/2024\/12\/WhatsApp-Image-2024-12-18-at-15.58.19-768x1024.jpeg 768w, https:\/\/pc.sc.gov.br\/\/wp-content\/uploads\/2024\/12\/WhatsApp-Image-2024-12-18-at-15.58.19-225x300.jpeg 225w, https:\/\/pc.sc.gov.br\/\/wp-content\/uploads\/2024\/12\/WhatsApp-Image-2024-12-18-at-15.58.19.jpeg 960w\" sizes=\"(max-width: 696px) 100vw, 696px\" \/>\t\t\t\t\t\t\t\t\t\t\t\t\t\t\t<\/div>\n\t\t\t\t<\/div>\n\t\t\t\t\t<\/div>\n\t\t<\/div>\n\t\t\t\t\t<\/div>\n\t\t<\/section>\n\t\t\t\t<section class=\"elementor-section elementor-top-section elementor-element elementor-element-71c0f19 elementor-section-boxed elementor-section-height-default elementor-section-height-default\" data-id=\"71c0f19\" data-element_type=\"section\">\n\t\t\t\t\t\t<div class=\"elementor-container elementor-column-gap-default\">\n\t\t\t\t\t<div class=\"elementor-column elementor-col-100 elementor-top-column elementor-element elementor-element-8dabece\" data-id=\"8dabece\" data-element_type=\"column\">\n\t\t\t<div class=\"elementor-widget-wrap elementor-element-populated\">\n\t\t\t\t\t\t<div class=\"elementor-element elementor-element-77e7130 elementor-widget elementor-widget-text-editor\" data-id=\"77e7130\" data-element_type=\"widget\" data-widget_type=\"text-editor.default\">\n\t\t\t\t<div class=\"elementor-widget-container\">\n\t\t\t\t\t\t\t\t\t<p>Na ter\u00e7a-feira (17\/12), a Pol\u00edcia Civil de Santa Catarina, por meio da Delegacia de Combate \u00e0s Drogas do Departamento de Investiga\u00e7\u00e3o Criminal de S\u00e3o Jos\u00e9 (DECOD\/DIC), cumpriu 30 mandados de busca e apreens\u00e3o, resultando no sequestro de dois im\u00f3veis, bem como na apreens\u00e3o de doze ve\u00edculos, pertencentes ao investigado. No total, os bens apreendidos e sequestrados totalizaram em valor superior a R$ 3 milh\u00f5es.<\/p><p>As investiga\u00e7\u00f5es tiveram in\u00edcio h\u00e1 cerca de um ano, visando apurar os crimes de tr\u00e1fico de drogas e lavagem de dinheiro. Na ocasi\u00e3o das buscas foi encontrada grande quantidade de droga (MDMA) e maconha; cigarros proibidos no pa\u00eds (de origem estrangeira e eletr\u00f4nicos), os quais estavam expostos \u00e0 venda; uma arma de fogo Glock, calibre 380; e 14 muni\u00e7\u00f5es do mesmo calibre. No total, seis pessoas foram presas em flagrante.<\/p><p>Al\u00e9m do material il\u00edcito encontrado, foram apreendidos outros objetos de interesse investigativo, bem como aproximadamente 200 mil reais em esp\u00e9cie. As investiga\u00e7\u00f5es seguem em andamento. A opera\u00e7\u00e3o contou com o apoio de mais de 100 policiais, dentre eles, policiais da DEIC, de todas as Delegacias da DPGF, CORE, e N\u00facleo de Opera\u00e7\u00f5es com C\u00e3es.<\/p>\t\t\t\t\t\t\t\t<\/div>\n\t\t\t\t<\/div>\n\t\t\t\t\t<\/div>\n\t\t<\/div>\n\t\t\t\t\t<\/div>\n\t\t<\/section>\n\t\t\t\t<section class=\"elementor-section elementor-top-section elementor-element elementor-element-130fb91 elementor-section-boxed elementor-section-height-default elementor-section-height-default\" data-id=\"130fb91\" data-element_type=\"section\">\n\t\t\t\t\t\t<div class=\"elementor-container elementor-column-gap-default\">\n\t\t\t\t\t<div class=\"elementor-column elementor-col-100 elementor-top-column elementor-element elementor-element-e9a6c78\" data-id=\"e9a6c78\" data-element_type=\"column\">\n\t\t\t<div class=\"elementor-widget-wrap elementor-element-populated\">\n\t\t\t\t\t\t<div class=\"elementor-element elementor-element-465f047 elementor-widget elementor-widget-image\" data-id=\"465f047\" data-element_type=\"widget\" data-widget_type=\"image.default\">\n\t\t\t\t<div class=\"elementor-widget-container\">\n\t\t\t\t\t\t\t\t\t\t\t\t\t\t\t<img decoding=\"async\" width=\"696\" height=\"928\" src=\"https:\/\/pc.sc.gov.br\/\/wp-content\/uploads\/2024\/12\/WhatsApp-Image-2024-12-18-at-15.58.29-768x1024.jpeg\" class=\"attachment-large size-large wp-image-25578\" alt=\"\" srcset=\"https:\/\/pc.sc.gov.br\/\/wp-content\/uploads\/2024\/12\/WhatsApp-Image-2024-12-18-at-15.58.29-768x1024.jpeg 768w, https:\/\/pc.sc.gov.br\/\/wp-content\/uploads\/2024\/12\/WhatsApp-Image-2024-12-18-at-15.58.29-225x300.jpeg 225w, https:\/\/pc.sc.gov.br\/\/wp-content\/uploads\/2024\/12\/WhatsApp-Image-2024-12-18-at-15.58.29-1152x1536.jpeg 1152w, https:\/\/pc.sc.gov.br\/\/wp-content\/uploads\/2024\/12\/WhatsApp-Image-2024-12-18-at-15.58.29.jpeg 1200w\" sizes=\"(max-width: 696px) 100vw, 696px\" \/>\t\t\t\t\t\t\t\t\t\t\t\t\t\t\t<\/div>\n\t\t\t\t<\/div>\n\t\t\t\t\t<\/div>\n\t\t<\/div>\n\t\t\t\t\t<\/div>\n\t\t<\/section>\n\t\t\t\t<section class=\"elementor-section elementor-top-section elementor-element elementor-element-71ba9a4 elementor-section-boxed elementor-section-height-default elementor-section-height-default\" data-id=\"71ba9a4\" data-element_type=\"section\">\n\t\t\t\t\t\t<div class=\"elementor-container elementor-column-gap-default\">\n\t\t\t\t\t<div class=\"elementor-column elementor-col-100 elementor-top-column elementor-element elementor-element-efb0cfa\" data-id=\"efb0cfa\" data-element_type=\"column\">\n\t\t\t<div class=\"elementor-widget-wrap elementor-element-populated\">\n\t\t\t\t\t\t<div class=\"elementor-element elementor-element-f0f976d elementor-widget elementor-widget-image\" data-id=\"f0f976d\" data-element_type=\"widget\" data-widget_type=\"image.default\">\n\t\t\t\t<div class=\"elementor-widget-container\">\n\t\t\t\t\t\t\t\t\t\t\t\t\t\t\t<img decoding=\"async\" width=\"576\" height=\"1024\" src=\"https:\/\/pc.sc.gov.br\/\/wp-content\/uploads\/2024\/12\/WhatsApp-Image-2024-12-18-at-18.14.36-576x1024.jpeg\" class=\"attachment-large size-large wp-image-25576\" alt=\"\" srcset=\"https:\/\/pc.sc.gov.br\/\/wp-content\/uploads\/2024\/12\/WhatsApp-Image-2024-12-18-at-18.14.36-576x1024.jpeg 576w, https:\/\/pc.sc.gov.br\/\/wp-content\/uploads\/2024\/12\/WhatsApp-Image-2024-12-18-at-18.14.36-169x300.jpeg 169w, https:\/\/pc.sc.gov.br\/\/wp-content\/uploads\/2024\/12\/WhatsApp-Image-2024-12-18-at-18.14.36.jpeg 720w\" sizes=\"(max-width: 576px) 100vw, 576px\" \/>\t\t\t\t\t\t\t\t\t\t\t\t\t\t\t<\/div>\n\t\t\t\t<\/div>\n\t\t\t\t\t<\/div>\n\t\t<\/div>\n\t\t\t\t\t<\/div>\n\t\t<\/section>\n\t\t\t\t<\/div>\n\t\t","protected":false},"excerpt":{"rendered":"<p>Pol\u00edcia Civil deflagra opera\u00e7\u00e3o em S\u00e3o Jos\u00e9, prende seis pessoas em flagrante e apreende e sequestra mais de R$ 3 milh\u00f5es em bens Na ter\u00e7a-feira (17\/12), a Pol\u00edcia Civil de Santa Catarina, por meio da Delegacia de Combate \u00e0s Drogas do Departamento de Investiga\u00e7\u00e3o Criminal de S\u00e3o Jos\u00e9 (DECOD\/DIC), cumpriu 30 mandados de busca e [&hellip;]<\/p>\n","protected":false},"author":5,"featured_media":25577,"comment_status":"closed","ping_status":"open","sticky":false,"template":"","format":"standard","meta":{"_monsterinsights_skip_tracking":false,"_monsterinsights_sitenote_active":false,"_monsterinsights_sitenote_note":"","_monsterinsights_sitenote_category":0,"footnotes":""},"categories":[1],"tags":[],"class_list":["post-25575","post","type-post","status-publish","format-standard","has-post-thumbnail","hentry","category-sem-categoria"],"_links":{"self":[{"href":"https:\/\/pc.sc.gov.br\/index.php?rest_route=\/wp\/v2\/posts\/25575","targetHints":{"allow":["GET"]}}],"collection":[{"href":"https:\/\/pc.sc.gov.br\/index.php?rest_route=\/wp\/v2\/posts"}],"about":[{"href":"https:\/\/pc.sc.gov.br\/index.php?rest_route=\/wp\/v2\/types\/post"}],"author":[{"embeddable":true,"href":"https:\/\/pc.sc.gov.br\/index.php?rest_route=\/wp\/v2\/users\/5"}],"replies":[{"embeddable":true,"href":"https:\/\/pc.sc.gov.br\/index.php?rest_route=%2Fwp%2Fv2%2Fcomments&post=25575"}],"version-history":[{"count":4,"href":"https:\/\/pc.sc.gov.br\/index.php?rest_route=\/wp\/v2\/posts\/25575\/revisions"}],"predecessor-version":[{"id":25582,"href":"https:\/\/pc.sc.gov.br\/index.php?rest_route=\/wp\/v2\/posts\/25575\/revisions\/25582"}],"wp:featuredmedia":[{"embeddable":true,"href":"https:\/\/pc.sc.gov.br\/index.php?rest_route=\/wp\/v2\/media\/25577"}],"wp:attachment":[{"href":"https:\/\/pc.sc.gov.br\/index.php?rest_route=%2Fwp%2Fv2%2Fmedia&parent=25575"}],"wp:term":[{"taxonomy":"category","embeddable":true,"href":"https:\/\/pc.sc.gov.br\/index.php?rest_route=%2Fwp%2Fv2%2Fcategories&post=25575"},{"taxonomy":"post_tag","embeddable":true,"href":"https:\/\/pc.sc.gov.br\/index.php?rest_route=%2Fwp%2Fv2%2Ftags&post=25575"}],"curies":[{"name":"wp","href":"https:\/\/api.w.org\/{rel}","templated":true}]}}