{"id":25583,"date":"2024-12-18T18:39:17","date_gmt":"2024-12-18T21:39:17","guid":{"rendered":"https:\/\/pc.sc.gov.br\/?p=25583"},"modified":"2024-12-18T18:40:48","modified_gmt":"2024-12-18T21:40:48","slug":"operacao-verao-seguro-pcsc-intensifica-combate-ao-trafico-de-drogas-em-areas-turisticas-de-florianopolis","status":"publish","type":"post","link":"https:\/\/pc.sc.gov.br\/?p=25583","title":{"rendered":"Opera\u00e7\u00e3o &#8220;Ver\u00e3o Seguro&#8221;: PCSC Intensifica combate ao tr\u00e1fico de drogas em \u00e1reas tur\u00edsticas de Florian\u00f3polis"},"content":{"rendered":"\t\t<div data-elementor-type=\"wp-post\" data-elementor-id=\"25583\" class=\"elementor elementor-25583\" data-elementor-post-type=\"post\">\n\t\t\t\t\t\t<section class=\"elementor-section elementor-top-section elementor-element elementor-element-20667ee elementor-section-boxed elementor-section-height-default elementor-section-height-default\" data-id=\"20667ee\" data-element_type=\"section\">\n\t\t\t\t\t\t<div class=\"elementor-container elementor-column-gap-default\">\n\t\t\t\t\t<div class=\"elementor-column elementor-col-100 elementor-top-column elementor-element elementor-element-708c812\" data-id=\"708c812\" data-element_type=\"column\">\n\t\t\t<div class=\"elementor-widget-wrap elementor-element-populated\">\n\t\t\t\t\t\t<div class=\"elementor-element elementor-element-dcbaa2b elementor-widget elementor-widget-heading\" data-id=\"dcbaa2b\" data-element_type=\"widget\" data-widget_type=\"heading.default\">\n\t\t\t\t<div class=\"elementor-widget-container\">\n\t\t\t\t\t<h2 class=\"elementor-heading-title elementor-size-default\">Opera\u00e7\u00e3o \"Ver\u00e3o Seguro\": PCSC Intensifica combate ao tr\u00e1fico de drogas em \u00e1reas tur\u00edsticas de Florian\u00f3polis<\/h2>\t\t\t\t<\/div>\n\t\t\t\t<\/div>\n\t\t\t\t\t<\/div>\n\t\t<\/div>\n\t\t\t\t\t<\/div>\n\t\t<\/section>\n\t\t\t\t<section class=\"elementor-section elementor-top-section elementor-element elementor-element-fc1751c elementor-section-boxed elementor-section-height-default elementor-section-height-default\" data-id=\"fc1751c\" data-element_type=\"section\">\n\t\t\t\t\t\t<div class=\"elementor-container elementor-column-gap-default\">\n\t\t\t\t\t<div class=\"elementor-column elementor-col-100 elementor-top-column elementor-element elementor-element-abd5552\" data-id=\"abd5552\" data-element_type=\"column\">\n\t\t\t<div class=\"elementor-widget-wrap elementor-element-populated\">\n\t\t\t\t\t\t<div class=\"elementor-element elementor-element-eacbb92 elementor-widget elementor-widget-image\" data-id=\"eacbb92\" data-element_type=\"widget\" data-widget_type=\"image.default\">\n\t\t\t\t<div class=\"elementor-widget-container\">\n\t\t\t\t\t\t\t\t\t\t\t\t\t\t\t<img fetchpriority=\"high\" decoding=\"async\" width=\"486\" height=\"254\" src=\"https:\/\/pc.sc.gov.br\/\/wp-content\/uploads\/2024\/12\/WhatsApp-Image-2024-03-19-at-3.22.02-PM-fotor-2024050314416.jpg\" class=\"attachment-large size-large wp-image-25384\" alt=\"\" srcset=\"https:\/\/pc.sc.gov.br\/\/wp-content\/uploads\/2024\/12\/WhatsApp-Image-2024-03-19-at-3.22.02-PM-fotor-2024050314416.jpg 486w, https:\/\/pc.sc.gov.br\/\/wp-content\/uploads\/2024\/12\/WhatsApp-Image-2024-03-19-at-3.22.02-PM-fotor-2024050314416-300x157.jpg 300w\" sizes=\"(max-width: 486px) 100vw, 486px\" \/>\t\t\t\t\t\t\t\t\t\t\t\t\t\t\t<\/div>\n\t\t\t\t<\/div>\n\t\t\t\t\t<\/div>\n\t\t<\/div>\n\t\t\t\t\t<\/div>\n\t\t<\/section>\n\t\t\t\t<section class=\"elementor-section elementor-top-section elementor-element elementor-element-59f4ce5 elementor-section-boxed elementor-section-height-default elementor-section-height-default\" data-id=\"59f4ce5\" data-element_type=\"section\">\n\t\t\t\t\t\t<div class=\"elementor-container elementor-column-gap-default\">\n\t\t\t\t\t<div class=\"elementor-column elementor-col-100 elementor-top-column elementor-element elementor-element-8f150b4\" data-id=\"8f150b4\" data-element_type=\"column\">\n\t\t\t<div class=\"elementor-widget-wrap elementor-element-populated\">\n\t\t\t\t\t\t<div class=\"elementor-element elementor-element-60e6c3d elementor-widget elementor-widget-text-editor\" data-id=\"60e6c3d\" data-element_type=\"widget\" data-widget_type=\"text-editor.default\">\n\t\t\t\t<div class=\"elementor-widget-container\">\n\t\t\t\t\t\t\t\t\t<p>A Pol\u00edcia Civil do Estado de Santa Catarina, por meio da Delegacia de Combate \u00e0s Drogas do Departamento de Investiga\u00e7\u00e3o Criminal de Florian\u00f3polis (DECOD\/DIC), deflagrou nesta quarta-feira, 18, a opera\u00e7\u00e3o &#8220;Ver\u00e3o Seguro&#8221;. A a\u00e7\u00e3o foca no combate qualificado ao tr\u00e1fico de drogas em \u00e1reas tur\u00edsticas da capital durante a alta temporada.&nbsp;<span style=\"font-family: var( --e-global-typography-text-font-family ), Sans-serif; font-size: var( --e-global-typography-text-font-size );\">Hoje (18) a opera\u00e7\u00e3o ocorreu no bairro Canasvieiras, uma das regi\u00f5es de maior fluxo de visitantes em Florian\u00f3polis, e contou com o apoio operacional do N\u00facleo de Apoio da Academia de Pol\u00edcia (ACADEPOL) e do Centro de Opera\u00e7\u00f5es com C\u00e3es (COPC).<\/span><\/p>\n<p>Durante a dilig\u00eancia, o principal suspeito preso em flagrante em sua resid\u00eancia tempor\u00e1ria, em uma \u00e1rea de camping. Investiga\u00e7\u00f5es apontam que o suspeito se hospedava em \u00e1reas de aluguel por temporada, como Hostels e campings, visando diminuir sua detec\u00e7\u00e3o pela pol\u00edcia. Al\u00e9m disso, ele utilizava outros comparsas para realizar a distribui\u00e7\u00e3o de drogas durante as 24 horas do dia. No local, foram encontrados MDMA e maconha, al\u00e9m de evid\u00eancias que apontam para o uso da \u00e1rea como ponto estrat\u00e9gico para a comercializa\u00e7\u00e3o de entorpecentes.<\/p>\n<p>Os materiais apreendidos e as circunst\u00e2ncias registradas confirmam a pr\u00e1tica il\u00edcita apontada pela investiga\u00e7\u00e3o anterior, incluindo o uso de entorpecentes como moeda de troca por objetos subtra\u00eddos, agravando o impacto do tr\u00e1fico na regi\u00e3o. A opera\u00e7\u00e3o reafirma o compromisso das for\u00e7as de seguran\u00e7a em garantir a tranquilidade dos moradores e turistas que frequentam a capital.<\/p>\n<p>As investiga\u00e7\u00f5es continuam nessa e em outras regi\u00f5es. O preso segue agora \u00e0 disposi\u00e7\u00e3o da justi\u00e7a.<\/p>\n<p>A DECOD reitera o convite \u00e0 popula\u00e7\u00e3o para que participe. Informa\u00e7\u00f5es podem ser enviadas anonimamente por meio do n\u00famero 181, pelo WhatsApp da Pol\u00edcia Civil de Santa Catarina (48 98844-0011), ou diretamente \u00e0 DECOD.<\/p>\t\t\t\t\t\t\t\t<\/div>\n\t\t\t\t<\/div>\n\t\t\t\t\t<\/div>\n\t\t<\/div>\n\t\t\t\t\t<\/div>\n\t\t<\/section>\n\t\t\t\t<\/div>\n\t\t","protected":false},"excerpt":{"rendered":"<p>Opera\u00e7\u00e3o &#8220;Ver\u00e3o Seguro&#8221;: PCSC Intensifica combate ao tr\u00e1fico de drogas em \u00e1reas tur\u00edsticas de Florian\u00f3polis A Pol\u00edcia Civil do Estado de Santa Catarina, por meio da Delegacia de Combate \u00e0s Drogas do Departamento de Investiga\u00e7\u00e3o Criminal de Florian\u00f3polis (DECOD\/DIC), deflagrou nesta quarta-feira, 18, a opera\u00e7\u00e3o &#8220;Ver\u00e3o Seguro&#8221;. A a\u00e7\u00e3o foca no combate qualificado ao tr\u00e1fico [&hellip;]<\/p>\n","protected":false},"author":5,"featured_media":25384,"comment_status":"closed","ping_status":"open","sticky":false,"template":"","format":"standard","meta":{"_monsterinsights_skip_tracking":false,"_monsterinsights_sitenote_active":false,"_monsterinsights_sitenote_note":"","_monsterinsights_sitenote_category":0,"footnotes":""},"categories":[1],"tags":[],"class_list":["post-25583","post","type-post","status-publish","format-standard","has-post-thumbnail","hentry","category-sem-categoria"],"_links":{"self":[{"href":"https:\/\/pc.sc.gov.br\/index.php?rest_route=\/wp\/v2\/posts\/25583","targetHints":{"allow":["GET"]}}],"collection":[{"href":"https:\/\/pc.sc.gov.br\/index.php?rest_route=\/wp\/v2\/posts"}],"about":[{"href":"https:\/\/pc.sc.gov.br\/index.php?rest_route=\/wp\/v2\/types\/post"}],"author":[{"embeddable":true,"href":"https:\/\/pc.sc.gov.br\/index.php?rest_route=\/wp\/v2\/users\/5"}],"replies":[{"embeddable":true,"href":"https:\/\/pc.sc.gov.br\/index.php?rest_route=%2Fwp%2Fv2%2Fcomments&post=25583"}],"version-history":[{"count":4,"href":"https:\/\/pc.sc.gov.br\/index.php?rest_route=\/wp\/v2\/posts\/25583\/revisions"}],"predecessor-version":[{"id":25587,"href":"https:\/\/pc.sc.gov.br\/index.php?rest_route=\/wp\/v2\/posts\/25583\/revisions\/25587"}],"wp:featuredmedia":[{"embeddable":true,"href":"https:\/\/pc.sc.gov.br\/index.php?rest_route=\/wp\/v2\/media\/25384"}],"wp:attachment":[{"href":"https:\/\/pc.sc.gov.br\/index.php?rest_route=%2Fwp%2Fv2%2Fmedia&parent=25583"}],"wp:term":[{"taxonomy":"category","embeddable":true,"href":"https:\/\/pc.sc.gov.br\/index.php?rest_route=%2Fwp%2Fv2%2Fcategories&post=25583"},{"taxonomy":"post_tag","embeddable":true,"href":"https:\/\/pc.sc.gov.br\/index.php?rest_route=%2Fwp%2Fv2%2Ftags&post=25583"}],"curies":[{"name":"wp","href":"https:\/\/api.w.org\/{rel}","templated":true}]}}