{"id":25592,"date":"2024-12-19T15:49:33","date_gmt":"2024-12-19T18:49:33","guid":{"rendered":"https:\/\/pc.sc.gov.br\/?p=25592"},"modified":"2024-12-19T17:10:27","modified_gmt":"2024-12-19T20:10:27","slug":"policia-civil-deflagra-operacao-protetor-e-tem-como-resultado-prejuizo-milionario-para-o-crime-organizado-na-regiao-oeste-de-sc-em-2024","status":"publish","type":"post","link":"https:\/\/pc.sc.gov.br\/?p=25592","title":{"rendered":"Pol\u00edcia Civil apresenta resultados da opera\u00e7\u00e3o \u201cProtetor\u201d em 2024, com preju\u00edzo milion\u00e1rio para o crime organizado na regi\u00e3o oeste de SC"},"content":{"rendered":"\t\t<div data-elementor-type=\"wp-post\" data-elementor-id=\"25592\" class=\"elementor elementor-25592\" data-elementor-post-type=\"post\">\n\t\t\t\t\t\t<section class=\"elementor-section elementor-top-section elementor-element elementor-element-bb6a5cb elementor-section-boxed elementor-section-height-default elementor-section-height-default\" data-id=\"bb6a5cb\" data-element_type=\"section\">\n\t\t\t\t\t\t<div class=\"elementor-container elementor-column-gap-default\">\n\t\t\t\t\t<div class=\"elementor-column elementor-col-100 elementor-top-column elementor-element elementor-element-a6675d6\" data-id=\"a6675d6\" data-element_type=\"column\">\n\t\t\t<div class=\"elementor-widget-wrap elementor-element-populated\">\n\t\t\t\t\t\t<div class=\"elementor-element elementor-element-cefdffb elementor-widget elementor-widget-heading\" data-id=\"cefdffb\" data-element_type=\"widget\" data-widget_type=\"heading.default\">\n\t\t\t\t<div class=\"elementor-widget-container\">\n\t\t\t\t\t<h2 class=\"elementor-heading-title elementor-size-default\">Pol\u00edcia Civil apresenta resultados da opera\u00e7\u00e3o \u201cProtetor\u201d em 2024, com preju\u00edzo milion\u00e1rio para o crime organizado na regi\u00e3o oeste de SC <\/h2>\t\t\t\t<\/div>\n\t\t\t\t<\/div>\n\t\t\t\t\t<\/div>\n\t\t<\/div>\n\t\t\t\t\t<\/div>\n\t\t<\/section>\n\t\t\t\t<section class=\"elementor-section elementor-top-section elementor-element elementor-element-2aa5bcc elementor-section-boxed elementor-section-height-default elementor-section-height-default\" data-id=\"2aa5bcc\" data-element_type=\"section\">\n\t\t\t\t\t\t<div class=\"elementor-container elementor-column-gap-default\">\n\t\t\t\t\t<div class=\"elementor-column elementor-col-100 elementor-top-column elementor-element elementor-element-2a253f0\" data-id=\"2a253f0\" data-element_type=\"column\">\n\t\t\t<div class=\"elementor-widget-wrap elementor-element-populated\">\n\t\t\t\t\t\t<div class=\"elementor-element elementor-element-340cfc3 elementor-widget elementor-widget-image\" data-id=\"340cfc3\" data-element_type=\"widget\" data-widget_type=\"image.default\">\n\t\t\t\t<div class=\"elementor-widget-container\">\n\t\t\t\t\t\t\t\t\t\t\t\t\t\t\t<img fetchpriority=\"high\" decoding=\"async\" width=\"696\" height=\"696\" src=\"https:\/\/pc.sc.gov.br\/\/wp-content\/uploads\/2024\/12\/OPERACAO-PROTETOR-1024x1024.png\" class=\"attachment-large size-large wp-image-25593\" alt=\"\" srcset=\"https:\/\/pc.sc.gov.br\/\/wp-content\/uploads\/2024\/12\/OPERACAO-PROTETOR-1024x1024.png 1024w, https:\/\/pc.sc.gov.br\/\/wp-content\/uploads\/2024\/12\/OPERACAO-PROTETOR-300x300.png 300w, https:\/\/pc.sc.gov.br\/\/wp-content\/uploads\/2024\/12\/OPERACAO-PROTETOR-150x150.png 150w, https:\/\/pc.sc.gov.br\/\/wp-content\/uploads\/2024\/12\/OPERACAO-PROTETOR-768x768.png 768w, https:\/\/pc.sc.gov.br\/\/wp-content\/uploads\/2024\/12\/OPERACAO-PROTETOR.png 1080w\" sizes=\"(max-width: 696px) 100vw, 696px\" \/>\t\t\t\t\t\t\t\t\t\t\t\t\t\t\t<\/div>\n\t\t\t\t<\/div>\n\t\t\t\t\t<\/div>\n\t\t<\/div>\n\t\t\t\t\t<\/div>\n\t\t<\/section>\n\t\t\t\t<section class=\"elementor-section elementor-top-section elementor-element elementor-element-ef6f594 elementor-section-boxed elementor-section-height-default elementor-section-height-default\" data-id=\"ef6f594\" data-element_type=\"section\">\n\t\t\t\t\t\t<div class=\"elementor-container elementor-column-gap-default\">\n\t\t\t\t\t<div class=\"elementor-column elementor-col-100 elementor-top-column elementor-element elementor-element-210beb4\" data-id=\"210beb4\" data-element_type=\"column\">\n\t\t\t<div class=\"elementor-widget-wrap elementor-element-populated\">\n\t\t\t\t\t\t<div class=\"elementor-element elementor-element-135eb69 elementor-widget elementor-widget-text-editor\" data-id=\"135eb69\" data-element_type=\"widget\" data-widget_type=\"text-editor.default\">\n\t\t\t\t<div class=\"elementor-widget-container\">\n\t\t\t\t\t\t\t\t\t<p>A Pol\u00edcia Civil de Santa Catarina, por meio da Diretoria de Pol\u00edcia de Fronteira (DIFRON), apresentou, nesta quarta-feira (18\/12), os n\u00fameros da Opera\u00e7\u00e3o \u201cProtetor\u201d referente ao ano de 2024. O foco da opera\u00e7\u00e3o \u201cProtetor de Divisas, Fronteiras e Biomas\u201d no Oeste de SC \u00e9 o enfrentamento das a\u00e7\u00f5es criminosas que se organizam nos 89 munic\u00edpios catarinenses da regi\u00e3o oeste que fazem divisa com Paran\u00e1, Rio Grande do Sul e Argentina.<\/p><p>Sob a coordena\u00e7\u00e3o da DIFRON, a Pol\u00edcia Civil de SC organiza a Opera\u00e7\u00e3o \u201cProtetor\u201d junto \u00e0s Delegacias Regionais de Pol\u00edcia da Fronteira de Chapec\u00f3, Maravilha, S\u00e3o Miguel do Oeste, S\u00e3o Louren\u00e7o do Oeste, Xanxer\u00ea e Conc\u00f3rdia.<\/p><p>Em 2024, a Pol\u00edcia Civil de Santa Catarina utilizou 239 Policiais Civis, cumpriu 210 ordens judiciais, dentre mandados de pris\u00e3o e de busca e apreens\u00e3o, efetuou 80 pris\u00f5es em flagrante, apreendeu 47 armas de fogo e 1331 muni\u00e7\u00f5es. Tamb\u00e9m foram apreendidos 27 ve\u00edculos e 1.454 kg de drogas, impondo um preju\u00edzo ao crime organizado de cerca de R$ 6.913.767,15.<\/p><p>Para o Diretor de Pol\u00edcia da Fronteira, Delegado Fernando Callfass, a opera\u00e7\u00e3o Protetor \u201cse consolida a cada ano como um importante instrumento de trabalho integrado das for\u00e7as de seguran\u00e7a p\u00fablica no combate ao crime organizado e repress\u00e3o aos delitos transnacionais, impondo preju\u00edzos milion\u00e1rios aos criminosos\u201d.<\/p><p>A opera\u00e7\u00e3o \u201cProtetor de Divisas, Fronteiras e Biomas\u201d \u00e9 uma opera\u00e7\u00e3o permanente, coordenada pelo Minist\u00e9rio da Justi\u00e7a e Seguran\u00e7a P\u00fablica \u2013 MJSP, por meio da Secretaria Nacional de Seguran\u00e7a P\u00fablica \u2013 SENASP, cujos objetivos \u00e9 o fomento de Opera\u00e7\u00f5es integradas visando o combate \u00e0s organiza\u00e7\u00f5es criminosas e, em especial, aos crimes transnacionais.<\/p><p>No \u00e2mbito da Pol\u00edcia Civil de Santa Catarina, a coordena\u00e7\u00e3o e planejamento das a\u00e7\u00f5es e atividades desta opera\u00e7\u00e3o \u00e9 de responsabilidade do Setor de Opera\u00e7\u00f5es da Diretoria de Pol\u00edcia da Fronteira \u2013 DIFRON, com sede em Chapec\u00f3.<\/p>\t\t\t\t\t\t\t\t<\/div>\n\t\t\t\t<\/div>\n\t\t\t\t\t<\/div>\n\t\t<\/div>\n\t\t\t\t\t<\/div>\n\t\t<\/section>\n\t\t\t\t<section class=\"elementor-section elementor-top-section elementor-element elementor-element-40feb00 elementor-section-boxed elementor-section-height-default elementor-section-height-default\" data-id=\"40feb00\" data-element_type=\"section\">\n\t\t\t\t\t\t<div class=\"elementor-container elementor-column-gap-default\">\n\t\t\t\t\t<div class=\"elementor-column elementor-col-100 elementor-top-column elementor-element elementor-element-91d2190\" data-id=\"91d2190\" data-element_type=\"column\">\n\t\t\t<div class=\"elementor-widget-wrap elementor-element-populated\">\n\t\t\t\t\t\t<div class=\"elementor-element elementor-element-4282ed1 elementor-widget elementor-widget-gallery\" data-id=\"4282ed1\" data-element_type=\"widget\" data-settings=\"{&quot;lazyload&quot;:&quot;yes&quot;,&quot;gallery_layout&quot;:&quot;grid&quot;,&quot;columns&quot;:4,&quot;columns_tablet&quot;:2,&quot;columns_mobile&quot;:1,&quot;gap&quot;:{&quot;unit&quot;:&quot;px&quot;,&quot;size&quot;:10,&quot;sizes&quot;:[]},&quot;gap_tablet&quot;:{&quot;unit&quot;:&quot;px&quot;,&quot;size&quot;:10,&quot;sizes&quot;:[]},&quot;gap_mobile&quot;:{&quot;unit&quot;:&quot;px&quot;,&quot;size&quot;:10,&quot;sizes&quot;:[]},&quot;link_to&quot;:&quot;file&quot;,&quot;aspect_ratio&quot;:&quot;3:2&quot;,&quot;overlay_background&quot;:&quot;yes&quot;,&quot;content_hover_animation&quot;:&quot;fade-in&quot;}\" data-widget_type=\"gallery.default\">\n\t\t\t\t<div class=\"elementor-widget-container\">\n\t\t\t\t\t\t\t<div class=\"elementor-gallery__container\">\n\t\t\t\t\t\t\t<a class=\"e-gallery-item elementor-gallery-item elementor-animated-content\" href=\"https:\/\/pc.sc.gov.br\/\/wp-content\/uploads\/2024\/12\/WhatsApp-Image-2024-12-18-at-21.07.16.jpeg\" data-elementor-open-lightbox=\"yes\" data-elementor-lightbox-slideshow=\"4282ed1\" data-elementor-lightbox-title=\"WhatsApp Image 2024-12-18 at 21.07.16\" data-e-action-hash=\"#elementor-action%3Aaction%3Dlightbox%26settings%3DeyJpZCI6MjU1OTYsInVybCI6Imh0dHBzOlwvXC9wYy5zYy5nb3YuYnJcL1wvd3AtY29udGVudFwvdXBsb2Fkc1wvMjAyNFwvMTJcL1doYXRzQXBwLUltYWdlLTIwMjQtMTItMTgtYXQtMjEuMDcuMTYuanBlZyIsInNsaWRlc2hvdyI6IjQyODJlZDEifQ%3D%3D\">\n\t\t\t\t\t<div class=\"e-gallery-image elementor-gallery-item__image\" data-thumbnail=\"https:\/\/pc.sc.gov.br\/\/wp-content\/uploads\/2024\/12\/WhatsApp-Image-2024-12-18-at-21.07.16-225x300.jpeg\" data-width=\"225\" data-height=\"300\" aria-label=\"\" role=\"img\" ><\/div>\n\t\t\t\t\t\t\t\t\t\t\t<div class=\"elementor-gallery-item__overlay\"><\/div>\n\t\t\t\t\t\t\t\t\t\t\t\t\t\t<\/a>\n\t\t\t\t\t\t\t<a class=\"e-gallery-item elementor-gallery-item elementor-animated-content\" href=\"https:\/\/pc.sc.gov.br\/\/wp-content\/uploads\/2024\/12\/WhatsApp-Image-2024-12-18-at-21.07.15-1.jpeg\" data-elementor-open-lightbox=\"yes\" data-elementor-lightbox-slideshow=\"4282ed1\" data-elementor-lightbox-title=\"WhatsApp Image 2024-12-18 at 21.07.15 (1)\" data-e-action-hash=\"#elementor-action%3Aaction%3Dlightbox%26settings%3DeyJpZCI6MjU1OTUsInVybCI6Imh0dHBzOlwvXC9wYy5zYy5nb3YuYnJcL1wvd3AtY29udGVudFwvdXBsb2Fkc1wvMjAyNFwvMTJcL1doYXRzQXBwLUltYWdlLTIwMjQtMTItMTgtYXQtMjEuMDcuMTUtMS5qcGVnIiwic2xpZGVzaG93IjoiNDI4MmVkMSJ9\">\n\t\t\t\t\t<div class=\"e-gallery-image elementor-gallery-item__image\" data-thumbnail=\"https:\/\/pc.sc.gov.br\/\/wp-content\/uploads\/2024\/12\/WhatsApp-Image-2024-12-18-at-21.07.15-1-300x300.jpeg\" data-width=\"300\" data-height=\"300\" aria-label=\"\" role=\"img\" ><\/div>\n\t\t\t\t\t\t\t\t\t\t\t<div class=\"elementor-gallery-item__overlay\"><\/div>\n\t\t\t\t\t\t\t\t\t\t\t\t\t\t<\/a>\n\t\t\t\t\t\t\t<a class=\"e-gallery-item elementor-gallery-item elementor-animated-content\" href=\"https:\/\/pc.sc.gov.br\/\/wp-content\/uploads\/2024\/12\/WhatsApp-Image-2024-12-18-at-21.07.15.jpeg\" data-elementor-open-lightbox=\"yes\" data-elementor-lightbox-slideshow=\"4282ed1\" data-elementor-lightbox-title=\"WhatsApp Image 2024-12-18 at 21.07.15\" data-e-action-hash=\"#elementor-action%3Aaction%3Dlightbox%26settings%3DeyJpZCI6MjU1OTQsInVybCI6Imh0dHBzOlwvXC9wYy5zYy5nb3YuYnJcL1wvd3AtY29udGVudFwvdXBsb2Fkc1wvMjAyNFwvMTJcL1doYXRzQXBwLUltYWdlLTIwMjQtMTItMTgtYXQtMjEuMDcuMTUuanBlZyIsInNsaWRlc2hvdyI6IjQyODJlZDEifQ%3D%3D\">\n\t\t\t\t\t<div class=\"e-gallery-image elementor-gallery-item__image\" data-thumbnail=\"https:\/\/pc.sc.gov.br\/\/wp-content\/uploads\/2024\/12\/WhatsApp-Image-2024-12-18-at-21.07.15-300x286.jpeg\" data-width=\"300\" data-height=\"286\" aria-label=\"\" role=\"img\" ><\/div>\n\t\t\t\t\t\t\t\t\t\t\t<div class=\"elementor-gallery-item__overlay\"><\/div>\n\t\t\t\t\t\t\t\t\t\t\t\t\t\t<\/a>\n\t\t\t\t\t<\/div>\n\t\t\t\t\t<\/div>\n\t\t\t\t<\/div>\n\t\t\t\t\t<\/div>\n\t\t<\/div>\n\t\t\t\t\t<\/div>\n\t\t<\/section>\n\t\t\t\t<\/div>\n\t\t","protected":false},"excerpt":{"rendered":"<p>Pol\u00edcia Civil apresenta resultados da opera\u00e7\u00e3o \u201cProtetor\u201d em 2024, com preju\u00edzo milion\u00e1rio para o crime organizado na regi\u00e3o oeste de SC A Pol\u00edcia Civil de Santa Catarina, por meio da Diretoria de Pol\u00edcia de Fronteira (DIFRON), apresentou, nesta quarta-feira (18\/12), os n\u00fameros da Opera\u00e7\u00e3o \u201cProtetor\u201d referente ao ano de 2024. O foco da opera\u00e7\u00e3o \u201cProtetor [&hellip;]<\/p>\n","protected":false},"author":5,"featured_media":25596,"comment_status":"closed","ping_status":"open","sticky":false,"template":"","format":"standard","meta":{"_monsterinsights_skip_tracking":false,"_monsterinsights_sitenote_active":false,"_monsterinsights_sitenote_note":"","_monsterinsights_sitenote_category":0,"footnotes":""},"categories":[1],"tags":[],"class_list":["post-25592","post","type-post","status-publish","format-standard","has-post-thumbnail","hentry","category-sem-categoria"],"_links":{"self":[{"href":"https:\/\/pc.sc.gov.br\/index.php?rest_route=\/wp\/v2\/posts\/25592","targetHints":{"allow":["GET"]}}],"collection":[{"href":"https:\/\/pc.sc.gov.br\/index.php?rest_route=\/wp\/v2\/posts"}],"about":[{"href":"https:\/\/pc.sc.gov.br\/index.php?rest_route=\/wp\/v2\/types\/post"}],"author":[{"embeddable":true,"href":"https:\/\/pc.sc.gov.br\/index.php?rest_route=\/wp\/v2\/users\/5"}],"replies":[{"embeddable":true,"href":"https:\/\/pc.sc.gov.br\/index.php?rest_route=%2Fwp%2Fv2%2Fcomments&post=25592"}],"version-history":[{"count":8,"href":"https:\/\/pc.sc.gov.br\/index.php?rest_route=\/wp\/v2\/posts\/25592\/revisions"}],"predecessor-version":[{"id":25611,"href":"https:\/\/pc.sc.gov.br\/index.php?rest_route=\/wp\/v2\/posts\/25592\/revisions\/25611"}],"wp:featuredmedia":[{"embeddable":true,"href":"https:\/\/pc.sc.gov.br\/index.php?rest_route=\/wp\/v2\/media\/25596"}],"wp:attachment":[{"href":"https:\/\/pc.sc.gov.br\/index.php?rest_route=%2Fwp%2Fv2%2Fmedia&parent=25592"}],"wp:term":[{"taxonomy":"category","embeddable":true,"href":"https:\/\/pc.sc.gov.br\/index.php?rest_route=%2Fwp%2Fv2%2Fcategories&post=25592"},{"taxonomy":"post_tag","embeddable":true,"href":"https:\/\/pc.sc.gov.br\/index.php?rest_route=%2Fwp%2Fv2%2Ftags&post=25592"}],"curies":[{"name":"wp","href":"https:\/\/api.w.org\/{rel}","templated":true}]}}