{"id":25654,"date":"2025-01-06T14:46:24","date_gmt":"2025-01-06T17:46:24","guid":{"rendered":"https:\/\/pc.sc.gov.br\/?p=25654"},"modified":"2025-01-06T15:02:53","modified_gmt":"2025-01-06T18:02:53","slug":"pcsc-delegacia-de-repressao-ao-crime-organizado-causa-prejuizo-de-mais-de-r-400-milhoes-as-organizacoes-criminosas","status":"publish","type":"post","link":"https:\/\/pc.sc.gov.br\/?p=25654","title":{"rendered":"PCSC: Delegacia de Repress\u00e3o ao Crime Organizado causa preju\u00edzo de mais de R$ 400 milh\u00f5es \u00e0s organiza\u00e7\u00f5es criminosas"},"content":{"rendered":"\t\t<div data-elementor-type=\"wp-post\" data-elementor-id=\"25654\" class=\"elementor elementor-25654\" data-elementor-post-type=\"post\">\n\t\t\t\t\t\t<section class=\"elementor-section elementor-top-section elementor-element elementor-element-7ea57ef elementor-section-boxed elementor-section-height-default elementor-section-height-default\" data-id=\"7ea57ef\" data-element_type=\"section\">\n\t\t\t\t\t\t<div class=\"elementor-container elementor-column-gap-default\">\n\t\t\t\t\t<div class=\"elementor-column elementor-col-100 elementor-top-column elementor-element elementor-element-b016e2e\" data-id=\"b016e2e\" data-element_type=\"column\">\n\t\t\t<div class=\"elementor-widget-wrap elementor-element-populated\">\n\t\t\t\t\t\t<div class=\"elementor-element elementor-element-cf597c2 elementor-widget elementor-widget-heading\" data-id=\"cf597c2\" data-element_type=\"widget\" data-widget_type=\"heading.default\">\n\t\t\t\t<div class=\"elementor-widget-container\">\n\t\t\t\t\t<h2 class=\"elementor-heading-title elementor-size-default\">Delegacia de Repress\u00e3o ao Crime Organizado da PCSC causa preju\u00edzo de mais de R$ 400 milh\u00f5es \u00e0s organiza\u00e7\u00f5es criminosas<\/h2>\t\t\t\t<\/div>\n\t\t\t\t<\/div>\n\t\t\t\t\t<\/div>\n\t\t<\/div>\n\t\t\t\t\t<\/div>\n\t\t<\/section>\n\t\t\t\t<section class=\"elementor-section elementor-top-section elementor-element elementor-element-a99b85f elementor-section-boxed elementor-section-height-default elementor-section-height-default\" data-id=\"a99b85f\" data-element_type=\"section\">\n\t\t\t\t\t\t<div class=\"elementor-container elementor-column-gap-default\">\n\t\t\t\t\t<div class=\"elementor-column elementor-col-100 elementor-top-column elementor-element elementor-element-c06d09e\" data-id=\"c06d09e\" data-element_type=\"column\">\n\t\t\t<div class=\"elementor-widget-wrap elementor-element-populated\">\n\t\t\t\t\t\t<div class=\"elementor-element elementor-element-420963d elementor-widget elementor-widget-image\" data-id=\"420963d\" data-element_type=\"widget\" data-widget_type=\"image.default\">\n\t\t\t\t<div class=\"elementor-widget-container\">\n\t\t\t\t\t\t\t\t\t\t\t\t\t\t\t<img fetchpriority=\"high\" decoding=\"async\" width=\"696\" height=\"521\" src=\"https:\/\/pc.sc.gov.br\/\/wp-content\/uploads\/2025\/01\/WhatsApp-Image-2024-08-29-at-14.50.34-1024x766.jpeg\" class=\"attachment-large size-large wp-image-25655\" alt=\"\" srcset=\"https:\/\/pc.sc.gov.br\/\/wp-content\/uploads\/2025\/01\/WhatsApp-Image-2024-08-29-at-14.50.34-1024x766.jpeg 1024w, https:\/\/pc.sc.gov.br\/\/wp-content\/uploads\/2025\/01\/WhatsApp-Image-2024-08-29-at-14.50.34-300x224.jpeg 300w, https:\/\/pc.sc.gov.br\/\/wp-content\/uploads\/2025\/01\/WhatsApp-Image-2024-08-29-at-14.50.34-768x575.jpeg 768w, https:\/\/pc.sc.gov.br\/\/wp-content\/uploads\/2025\/01\/WhatsApp-Image-2024-08-29-at-14.50.34-1536x1149.jpeg 1536w, https:\/\/pc.sc.gov.br\/\/wp-content\/uploads\/2025\/01\/WhatsApp-Image-2024-08-29-at-14.50.34.jpeg 1600w\" sizes=\"(max-width: 696px) 100vw, 696px\" \/>\t\t\t\t\t\t\t\t\t\t\t\t\t\t\t<\/div>\n\t\t\t\t<\/div>\n\t\t\t\t\t<\/div>\n\t\t<\/div>\n\t\t\t\t\t<\/div>\n\t\t<\/section>\n\t\t\t\t<section class=\"elementor-section elementor-top-section elementor-element elementor-element-7fd909c elementor-section-boxed elementor-section-height-default elementor-section-height-default\" data-id=\"7fd909c\" data-element_type=\"section\">\n\t\t\t\t\t\t<div class=\"elementor-container elementor-column-gap-default\">\n\t\t\t\t\t<div class=\"elementor-column elementor-col-100 elementor-top-column elementor-element elementor-element-feeaeda\" data-id=\"feeaeda\" data-element_type=\"column\">\n\t\t\t<div class=\"elementor-widget-wrap elementor-element-populated\">\n\t\t\t\t\t\t<div class=\"elementor-element elementor-element-aac498c elementor-widget elementor-widget-text-editor\" data-id=\"aac498c\" data-element_type=\"widget\" data-widget_type=\"text-editor.default\">\n\t\t\t\t<div class=\"elementor-widget-container\">\n\t\t\t\t\t\t\t\t\t<p>A Pol\u00edcia Civil de Santa Catarina tem acentuado as a\u00e7\u00f5es de combate ao crime organizado. Prova disso s\u00e3o os resultados alcan\u00e7ados pela Delegacia de Repress\u00e3o ao Crime Organizado (DRACO), uma das especializadas da Diretoria Estadual de Investiga\u00e7\u00f5es Criminais (DEIC).<\/p><p>Para se ter um ideia do trabalho desenvolvido pelo delegado Antonio Claudio Seixas J\u00f3ca, titular da DRACO, e sua equipe, ao longo de 2024 foram cumpridos 360 mandados de busca e efetuadas 93 pris\u00f5es, o que representa um crescimento de 186%, se comparado com o ano anterior. Tamb\u00e9m foram realizadas 24 opera\u00e7\u00f5es policiais, com destaque para a \u201cRenorcrim\u201d, de \u00e2mbito nacional quando em SC foram cumpridos 218 ordens judiciais em Santa Catarina, S\u00e3o Paulo, Rio Grande do Sul, Mato Grosso do Sul e Tocantins. Cerca de 300 policiais foram mobilizados.\u00a0 \u00a0\u00a0<\/p><p>Outro fato que merece destaque no balan\u00e7o do ano da DRACO foi a apreens\u00e3o de 1,1 tonelada de entorpecentes ao longo do ano. Uma das principais apreens\u00f5es foi resultado da intercepta\u00e7\u00e3o de um caminh\u00e3o que transportava 700 quilos de coca\u00edna, em Santo Amaro da Imperatriz. Nas a\u00e7\u00f5es da DRACO, que miram o crime organizado, foram sequestrados ainda 37 ve\u00edculos e 3 im\u00f3veis. O preju\u00edzo financeiro ao crime organizado ultrapassou os R$ 413 milh\u00f5es.<\/p><p>V\u00eddeo: Delegado Ant\u00f4nio Claudio Seixas J\u00f3ca<\/p>\t\t\t\t\t\t\t\t<\/div>\n\t\t\t\t<\/div>\n\t\t\t\t\t<\/div>\n\t\t<\/div>\n\t\t\t\t\t<\/div>\n\t\t<\/section>\n\t\t\t\t<section class=\"elementor-section elementor-top-section elementor-element elementor-element-bb639cd elementor-section-boxed elementor-section-height-default elementor-section-height-default\" data-id=\"bb639cd\" data-element_type=\"section\">\n\t\t\t\t\t\t<div class=\"elementor-container elementor-column-gap-default\">\n\t\t\t\t\t<div class=\"elementor-column elementor-col-100 elementor-top-column elementor-element elementor-element-a21e26c\" data-id=\"a21e26c\" data-element_type=\"column\">\n\t\t\t<div class=\"elementor-widget-wrap elementor-element-populated\">\n\t\t\t\t\t\t<div class=\"elementor-element elementor-element-1b2d780 elementor-widget elementor-widget-video\" data-id=\"1b2d780\" data-element_type=\"widget\" data-settings=\"{&quot;video_type&quot;:&quot;hosted&quot;,&quot;controls&quot;:&quot;yes&quot;}\" data-widget_type=\"video.default\">\n\t\t\t\t<div class=\"elementor-widget-container\">\n\t\t\t\t\t\t\t<div class=\"e-hosted-video elementor-wrapper elementor-open-inline\">\n\t\t\t\t\t<video class=\"elementor-video\" src=\"https:\/\/pc.sc.gov.br\/wp-content\/uploads\/2025\/01\/WhatsApp-Video-2024-12-09-at-17.14.58.mp4\" controls=\"\" preload=\"metadata\" controlsList=\"nodownload\"><\/video>\n\t\t\t\t<\/div>\n\t\t\t\t\t\t<\/div>\n\t\t\t\t<\/div>\n\t\t\t\t\t<\/div>\n\t\t<\/div>\n\t\t\t\t\t<\/div>\n\t\t<\/section>\n\t\t\t\t<\/div>\n\t\t","protected":false},"excerpt":{"rendered":"<p>Delegacia de Repress\u00e3o ao Crime Organizado da PCSC causa preju\u00edzo de mais de R$ 400 milh\u00f5es \u00e0s organiza\u00e7\u00f5es criminosas A Pol\u00edcia Civil de Santa Catarina tem acentuado as a\u00e7\u00f5es de combate ao crime organizado. Prova disso s\u00e3o os resultados alcan\u00e7ados pela Delegacia de Repress\u00e3o ao Crime Organizado (DRACO), uma das especializadas da Diretoria Estadual de [&hellip;]<\/p>\n","protected":false},"author":5,"featured_media":25655,"comment_status":"closed","ping_status":"open","sticky":false,"template":"","format":"standard","meta":{"_monsterinsights_skip_tracking":false,"_monsterinsights_sitenote_active":false,"_monsterinsights_sitenote_note":"","_monsterinsights_sitenote_category":0,"footnotes":""},"categories":[1],"tags":[],"class_list":["post-25654","post","type-post","status-publish","format-standard","has-post-thumbnail","hentry","category-sem-categoria"],"_links":{"self":[{"href":"https:\/\/pc.sc.gov.br\/index.php?rest_route=\/wp\/v2\/posts\/25654","targetHints":{"allow":["GET"]}}],"collection":[{"href":"https:\/\/pc.sc.gov.br\/index.php?rest_route=\/wp\/v2\/posts"}],"about":[{"href":"https:\/\/pc.sc.gov.br\/index.php?rest_route=\/wp\/v2\/types\/post"}],"author":[{"embeddable":true,"href":"https:\/\/pc.sc.gov.br\/index.php?rest_route=\/wp\/v2\/users\/5"}],"replies":[{"embeddable":true,"href":"https:\/\/pc.sc.gov.br\/index.php?rest_route=%2Fwp%2Fv2%2Fcomments&post=25654"}],"version-history":[{"count":3,"href":"https:\/\/pc.sc.gov.br\/index.php?rest_route=\/wp\/v2\/posts\/25654\/revisions"}],"predecessor-version":[{"id":25659,"href":"https:\/\/pc.sc.gov.br\/index.php?rest_route=\/wp\/v2\/posts\/25654\/revisions\/25659"}],"wp:featuredmedia":[{"embeddable":true,"href":"https:\/\/pc.sc.gov.br\/index.php?rest_route=\/wp\/v2\/media\/25655"}],"wp:attachment":[{"href":"https:\/\/pc.sc.gov.br\/index.php?rest_route=%2Fwp%2Fv2%2Fmedia&parent=25654"}],"wp:term":[{"taxonomy":"category","embeddable":true,"href":"https:\/\/pc.sc.gov.br\/index.php?rest_route=%2Fwp%2Fv2%2Fcategories&post=25654"},{"taxonomy":"post_tag","embeddable":true,"href":"https:\/\/pc.sc.gov.br\/index.php?rest_route=%2Fwp%2Fv2%2Ftags&post=25654"}],"curies":[{"name":"wp","href":"https:\/\/api.w.org\/{rel}","templated":true}]}}