{"id":25708,"date":"2025-01-06T17:40:58","date_gmt":"2025-01-06T20:40:58","guid":{"rendered":"https:\/\/pc.sc.gov.br\/?p=25708"},"modified":"2025-01-06T17:45:14","modified_gmt":"2025-01-06T20:45:14","slug":"estacao-verao-pcsc-distribui-mais-de-45-mil-pulseirinhas-no-litoral-sul-grande-florianopolis-e-litoral-norte","status":"publish","type":"post","link":"https:\/\/pc.sc.gov.br\/?p=25708","title":{"rendered":"Esta\u00e7\u00e3o Ver\u00e3o: PCSC distribui mais de 45 mil pulseirinhas no Litoral Sul, Grande Florian\u00f3polis e Litoral Norte"},"content":{"rendered":"\t\t<div data-elementor-type=\"wp-post\" data-elementor-id=\"25708\" class=\"elementor elementor-25708\" data-elementor-post-type=\"post\">\n\t\t\t\t\t\t<section class=\"elementor-section elementor-top-section elementor-element elementor-element-8108a84 elementor-section-boxed elementor-section-height-default elementor-section-height-default\" data-id=\"8108a84\" data-element_type=\"section\">\n\t\t\t\t\t\t<div class=\"elementor-container elementor-column-gap-default\">\n\t\t\t\t\t<div class=\"elementor-column elementor-col-100 elementor-top-column elementor-element elementor-element-ee55c2f\" data-id=\"ee55c2f\" data-element_type=\"column\">\n\t\t\t<div class=\"elementor-widget-wrap elementor-element-populated\">\n\t\t\t\t\t\t<div class=\"elementor-element elementor-element-3953778 elementor-widget elementor-widget-heading\" data-id=\"3953778\" data-element_type=\"widget\" data-widget_type=\"heading.default\">\n\t\t\t\t<div class=\"elementor-widget-container\">\n\t\t\t\t\t<h2 class=\"elementor-heading-title elementor-size-default\">Esta\u00e7\u00e3o Ver\u00e3o: PCSC distribui mais de 45 mil pulseirinhas no Litoral Sul, Grande Florian\u00f3polis e Litoral Norte<\/h2>\t\t\t\t<\/div>\n\t\t\t\t<\/div>\n\t\t\t\t\t<\/div>\n\t\t<\/div>\n\t\t\t\t\t<\/div>\n\t\t<\/section>\n\t\t\t\t<section class=\"elementor-section elementor-top-section elementor-element elementor-element-4e9f9e5 elementor-section-boxed elementor-section-height-default elementor-section-height-default\" data-id=\"4e9f9e5\" data-element_type=\"section\">\n\t\t\t\t\t\t<div class=\"elementor-container elementor-column-gap-default\">\n\t\t\t\t\t<div class=\"elementor-column elementor-col-100 elementor-top-column elementor-element elementor-element-95b03f0\" data-id=\"95b03f0\" data-element_type=\"column\">\n\t\t\t<div class=\"elementor-widget-wrap elementor-element-populated\">\n\t\t\t\t\t\t<div class=\"elementor-element elementor-element-a2a9396 elementor-widget elementor-widget-image\" data-id=\"a2a9396\" data-element_type=\"widget\" data-widget_type=\"image.default\">\n\t\t\t\t<div class=\"elementor-widget-container\">\n\t\t\t\t\t\t\t\t\t\t\t\t\t\t\t<img fetchpriority=\"high\" decoding=\"async\" width=\"696\" height=\"464\" src=\"https:\/\/pc.sc.gov.br\/\/wp-content\/uploads\/2025\/01\/OV-INGLESES-fotor-2025010617342-1024x683.jpg\" class=\"attachment-large size-large wp-image-25709\" alt=\"\" srcset=\"https:\/\/pc.sc.gov.br\/\/wp-content\/uploads\/2025\/01\/OV-INGLESES-fotor-2025010617342-1024x683.jpg 1024w, https:\/\/pc.sc.gov.br\/\/wp-content\/uploads\/2025\/01\/OV-INGLESES-fotor-2025010617342-300x200.jpg 300w, https:\/\/pc.sc.gov.br\/\/wp-content\/uploads\/2025\/01\/OV-INGLESES-fotor-2025010617342-768x512.jpg 768w, https:\/\/pc.sc.gov.br\/\/wp-content\/uploads\/2025\/01\/OV-INGLESES-fotor-2025010617342-1536x1024.jpg 1536w, https:\/\/pc.sc.gov.br\/\/wp-content\/uploads\/2025\/01\/OV-INGLESES-fotor-2025010617342-2048x1366.jpg 2048w\" sizes=\"(max-width: 696px) 100vw, 696px\" \/>\t\t\t\t\t\t\t\t\t\t\t\t\t\t\t<\/div>\n\t\t\t\t<\/div>\n\t\t\t\t\t<\/div>\n\t\t<\/div>\n\t\t\t\t\t<\/div>\n\t\t<\/section>\n\t\t\t\t<section class=\"elementor-section elementor-top-section elementor-element elementor-element-dd2f7f7 elementor-section-boxed elementor-section-height-default elementor-section-height-default\" data-id=\"dd2f7f7\" data-element_type=\"section\">\n\t\t\t\t\t\t<div class=\"elementor-container elementor-column-gap-default\">\n\t\t\t\t\t<div class=\"elementor-column elementor-col-100 elementor-top-column elementor-element elementor-element-e89b9f1\" data-id=\"e89b9f1\" data-element_type=\"column\">\n\t\t\t<div class=\"elementor-widget-wrap elementor-element-populated\">\n\t\t\t\t\t\t<div class=\"elementor-element elementor-element-fd18de8 elementor-widget elementor-widget-text-editor\" data-id=\"fd18de8\" data-element_type=\"widget\" data-widget_type=\"text-editor.default\">\n\t\t\t\t<div class=\"elementor-widget-container\">\n\t\t\t\t\t\t\t\t\t<p>A Pol\u00edcia Civil de Santa Catarina est\u00e1 com diversas atividades nas praias com maior fluxo de veranistas, a fim de garantir a seguran\u00e7a da popula\u00e7\u00e3o. Al\u00e9m de mobilizar cerca de 1,6 mil policiais ao longo da temporada e manter delegacias funcionando 24 horas (veja aqui), uma a\u00e7\u00e3o\u00a0 que est\u00e1 chamando a aten\u00e7\u00e3o \u00e9 a entrega de pulseirinhas de identifica\u00e7\u00e3o para as crian\u00e7as. Ao todo foram confeccionadas mais de 45 mil unidades que est\u00e3o sendo entregues nas praias.\u00a0<\/p><p>Os policiais civis tamb\u00e9m fazem um trabalho com conscientiza\u00e7\u00e3o quanto ao desaparecimento de crian\u00e7as e\/ou pessoas com defici\u00eancia (PcD) em todo litoral catarinense, praias e locais p\u00fablicos de grande circula\u00e7\u00e3o de turistas durante a Opera\u00e7\u00e3o Esta\u00e7\u00e3o Ver\u00e3o 24-25. A equipe policial do Ver\u00e3o Seguro tamb\u00e9m faz um trabalho de aproxima\u00e7\u00e3o e de forma l\u00fadica demonstra a import\u00e2ncia da Pol\u00edcia Civil junto \u00e0s crian\u00e7as, ofertando um distintivo de Policial Mirim, que faz sucesso entre os pequenos.<\/p><p>A equipe policial Ver\u00e3o Seguro, leva at\u00e9 os pais ou respons\u00e1veis a import\u00e2ncia de estarem atentos \u00e0s crian\u00e7as, adolescentes e pessoas portadoras de algum tipo de defici\u00eancia em locais de praias, rios, ou de grande circula\u00e7\u00e3o de pessoas, evitando desta forma acidentes e desaparecimentos.<\/p>\t\t\t\t\t\t\t\t<\/div>\n\t\t\t\t<\/div>\n\t\t\t\t\t<\/div>\n\t\t<\/div>\n\t\t\t\t\t<\/div>\n\t\t<\/section>\n\t\t\t\t<\/div>\n\t\t","protected":false},"excerpt":{"rendered":"<p>Esta\u00e7\u00e3o Ver\u00e3o: PCSC distribui mais de 45 mil pulseirinhas no Litoral Sul, Grande Florian\u00f3polis e Litoral Norte A Pol\u00edcia Civil de Santa Catarina est\u00e1 com diversas atividades nas praias com maior fluxo de veranistas, a fim de garantir a seguran\u00e7a da popula\u00e7\u00e3o. Al\u00e9m de mobilizar cerca de 1,6 mil policiais ao longo da temporada e [&hellip;]<\/p>\n","protected":false},"author":5,"featured_media":25710,"comment_status":"closed","ping_status":"open","sticky":false,"template":"","format":"standard","meta":{"_monsterinsights_skip_tracking":false,"_monsterinsights_sitenote_active":false,"_monsterinsights_sitenote_note":"","_monsterinsights_sitenote_category":0,"footnotes":""},"categories":[1],"tags":[],"class_list":["post-25708","post","type-post","status-publish","format-standard","has-post-thumbnail","hentry","category-sem-categoria"],"_links":{"self":[{"href":"https:\/\/pc.sc.gov.br\/index.php?rest_route=\/wp\/v2\/posts\/25708","targetHints":{"allow":["GET"]}}],"collection":[{"href":"https:\/\/pc.sc.gov.br\/index.php?rest_route=\/wp\/v2\/posts"}],"about":[{"href":"https:\/\/pc.sc.gov.br\/index.php?rest_route=\/wp\/v2\/types\/post"}],"author":[{"embeddable":true,"href":"https:\/\/pc.sc.gov.br\/index.php?rest_route=\/wp\/v2\/users\/5"}],"replies":[{"embeddable":true,"href":"https:\/\/pc.sc.gov.br\/index.php?rest_route=%2Fwp%2Fv2%2Fcomments&post=25708"}],"version-history":[{"count":3,"href":"https:\/\/pc.sc.gov.br\/index.php?rest_route=\/wp\/v2\/posts\/25708\/revisions"}],"predecessor-version":[{"id":25714,"href":"https:\/\/pc.sc.gov.br\/index.php?rest_route=\/wp\/v2\/posts\/25708\/revisions\/25714"}],"wp:featuredmedia":[{"embeddable":true,"href":"https:\/\/pc.sc.gov.br\/index.php?rest_route=\/wp\/v2\/media\/25710"}],"wp:attachment":[{"href":"https:\/\/pc.sc.gov.br\/index.php?rest_route=%2Fwp%2Fv2%2Fmedia&parent=25708"}],"wp:term":[{"taxonomy":"category","embeddable":true,"href":"https:\/\/pc.sc.gov.br\/index.php?rest_route=%2Fwp%2Fv2%2Fcategories&post=25708"},{"taxonomy":"post_tag","embeddable":true,"href":"https:\/\/pc.sc.gov.br\/index.php?rest_route=%2Fwp%2Fv2%2Ftags&post=25708"}],"curies":[{"name":"wp","href":"https:\/\/api.w.org\/{rel}","templated":true}]}}