{"id":25715,"date":"2025-01-06T18:21:29","date_gmt":"2025-01-06T21:21:29","guid":{"rendered":"https:\/\/pc.sc.gov.br\/?p=25715"},"modified":"2025-01-06T18:46:19","modified_gmt":"2025-01-06T21:46:19","slug":"estacao-verao-pcsc-distribui-mais-de-45-mil-pulseirinhas-e-orienta-veranistas-no-litoral-catarinense","status":"publish","type":"post","link":"https:\/\/pc.sc.gov.br\/?p=25715","title":{"rendered":"Esta\u00e7\u00e3o Ver\u00e3o: PCSC distribui mais de 45 mil pulseirinhas e orienta veranistas no Litoral Catarinense"},"content":{"rendered":"\t\t<div data-elementor-type=\"wp-post\" data-elementor-id=\"25715\" class=\"elementor elementor-25715\" data-elementor-post-type=\"post\">\n\t\t\t\t\t\t<section class=\"elementor-section elementor-top-section elementor-element elementor-element-8c54798 elementor-section-boxed elementor-section-height-default elementor-section-height-default\" data-id=\"8c54798\" data-element_type=\"section\">\n\t\t\t\t\t\t<div class=\"elementor-container elementor-column-gap-default\">\n\t\t\t\t\t<div class=\"elementor-column elementor-col-100 elementor-top-column elementor-element elementor-element-d1abe14\" data-id=\"d1abe14\" data-element_type=\"column\">\n\t\t\t<div class=\"elementor-widget-wrap elementor-element-populated\">\n\t\t\t\t\t\t<div class=\"elementor-element elementor-element-66835c8 elementor-widget elementor-widget-heading\" data-id=\"66835c8\" data-element_type=\"widget\" data-widget_type=\"heading.default\">\n\t\t\t\t<div class=\"elementor-widget-container\">\n\t\t\t\t\t<h2 class=\"elementor-heading-title elementor-size-default\">Esta\u00e7\u00e3o Ver\u00e3o: PCSC distribui mais de 45 mil pulseirinhas e orienta veranistas no Litoral Catarinense<\/h2>\t\t\t\t<\/div>\n\t\t\t\t<\/div>\n\t\t\t\t\t<\/div>\n\t\t<\/div>\n\t\t\t\t\t<\/div>\n\t\t<\/section>\n\t\t\t\t<section class=\"elementor-section elementor-top-section elementor-element elementor-element-c51e0c5 elementor-section-boxed elementor-section-height-default elementor-section-height-default\" data-id=\"c51e0c5\" data-element_type=\"section\">\n\t\t\t\t\t\t<div class=\"elementor-container elementor-column-gap-default\">\n\t\t\t\t\t<div class=\"elementor-column elementor-col-100 elementor-top-column elementor-element elementor-element-740caa7\" data-id=\"740caa7\" data-element_type=\"column\">\n\t\t\t<div class=\"elementor-widget-wrap elementor-element-populated\">\n\t\t\t\t\t\t<div class=\"elementor-element elementor-element-0bb4ed1 elementor-widget elementor-widget-image\" data-id=\"0bb4ed1\" data-element_type=\"widget\" data-widget_type=\"image.default\">\n\t\t\t\t<div class=\"elementor-widget-container\">\n\t\t\t\t\t\t\t\t\t\t\t\t\t\t\t<img fetchpriority=\"high\" decoding=\"async\" width=\"696\" height=\"464\" src=\"https:\/\/pc.sc.gov.br\/\/wp-content\/uploads\/2025\/01\/PALMAS-fotor-20250106181246-1024x683.jpg\" class=\"attachment-large size-large wp-image-25716\" alt=\"\" srcset=\"https:\/\/pc.sc.gov.br\/\/wp-content\/uploads\/2025\/01\/PALMAS-fotor-20250106181246-1024x683.jpg 1024w, https:\/\/pc.sc.gov.br\/\/wp-content\/uploads\/2025\/01\/PALMAS-fotor-20250106181246-300x200.jpg 300w, https:\/\/pc.sc.gov.br\/\/wp-content\/uploads\/2025\/01\/PALMAS-fotor-20250106181246-768x512.jpg 768w, https:\/\/pc.sc.gov.br\/\/wp-content\/uploads\/2025\/01\/PALMAS-fotor-20250106181246-1536x1024.jpg 1536w, https:\/\/pc.sc.gov.br\/\/wp-content\/uploads\/2025\/01\/PALMAS-fotor-20250106181246-2048x1365.jpg 2048w\" sizes=\"(max-width: 696px) 100vw, 696px\" \/>\t\t\t\t\t\t\t\t\t\t\t\t\t\t\t<\/div>\n\t\t\t\t<\/div>\n\t\t\t\t\t<\/div>\n\t\t<\/div>\n\t\t\t\t\t<\/div>\n\t\t<\/section>\n\t\t\t\t<section class=\"elementor-section elementor-top-section elementor-element elementor-element-1cd40d1 elementor-section-boxed elementor-section-height-default elementor-section-height-default\" data-id=\"1cd40d1\" data-element_type=\"section\">\n\t\t\t\t\t\t<div class=\"elementor-container elementor-column-gap-default\">\n\t\t\t\t\t<div class=\"elementor-column elementor-col-100 elementor-top-column elementor-element elementor-element-6654def\" data-id=\"6654def\" data-element_type=\"column\">\n\t\t\t<div class=\"elementor-widget-wrap elementor-element-populated\">\n\t\t\t\t\t\t<div class=\"elementor-element elementor-element-d18e803 elementor-widget elementor-widget-text-editor\" data-id=\"d18e803\" data-element_type=\"widget\" data-widget_type=\"text-editor.default\">\n\t\t\t\t<div class=\"elementor-widget-container\">\n\t\t\t\t\t\t\t\t\t<p>A Pol\u00edcia Civil de Santa Catarina est\u00e1 com diversas atividades nas praias com maior fluxo de veranistas, a fim de garantir a seguran\u00e7a da popula\u00e7\u00e3o. Al\u00e9m de mobilizar cerca de 1,6 mil policiais ao longo da temporada e manter delegacias funcionando 24 horas (veja aqui), uma a\u00e7\u00e3o\u00a0 que est\u00e1 chamando a aten\u00e7\u00e3o \u00e9 a entrega de pulseirinhas de identifica\u00e7\u00e3o para as crian\u00e7as. Ao todo foram confeccionadas mais de 45 mil unidades que est\u00e3o sendo entregues nas praias.\u00a0<\/p><p>Al\u00e9m de dicas de seguran\u00e7a, os policiais civis tamb\u00e9m fazem um trabalho com conscientiza\u00e7\u00e3o quanto ao desaparecimento de crian\u00e7as e\/ou pessoas com defici\u00eancia (PcD) em todo litoral catarinense, praias e locais p\u00fablicos de grande circula\u00e7\u00e3o de turistas durante a Opera\u00e7\u00e3o Esta\u00e7\u00e3o Ver\u00e3o 24-25. A equipe policial do Ver\u00e3o Seguro tamb\u00e9m faz um trabalho de aproxima\u00e7\u00e3o e de forma l\u00fadica demonstra a import\u00e2ncia da Pol\u00edcia Civil junto \u00e0s crian\u00e7as, ofertando um distintivo de Policial Mirim, que faz sucesso entre os pequenos.\u00a0<\/p><p>A equipe policial Ver\u00e3o Seguro, leva at\u00e9 os pais ou respons\u00e1veis a import\u00e2ncia de estarem atentos \u00e0s crian\u00e7as, adolescentes e pessoas portadoras de algum tipo de defici\u00eancia em locais de praias, rios, ou de grande circula\u00e7\u00e3o de pessoas, evitando desta forma acidentes e desaparecimentos.<\/p><div>\u00a0<\/div>\t\t\t\t\t\t\t\t<\/div>\n\t\t\t\t<\/div>\n\t\t\t\t\t<\/div>\n\t\t<\/div>\n\t\t\t\t\t<\/div>\n\t\t<\/section>\n\t\t\t\t<section class=\"elementor-section elementor-top-section elementor-element elementor-element-f8ed3ea elementor-section-boxed elementor-section-height-default elementor-section-height-default\" data-id=\"f8ed3ea\" data-element_type=\"section\">\n\t\t\t\t\t\t<div class=\"elementor-container elementor-column-gap-default\">\n\t\t\t\t\t<div class=\"elementor-column elementor-col-100 elementor-top-column elementor-element elementor-element-90584c2\" data-id=\"90584c2\" data-element_type=\"column\">\n\t\t\t<div class=\"elementor-widget-wrap elementor-element-populated\">\n\t\t\t\t\t\t<div class=\"elementor-element elementor-element-fc77a6b elementor-widget elementor-widget-gallery\" data-id=\"fc77a6b\" data-element_type=\"widget\" data-settings=\"{&quot;lazyload&quot;:&quot;yes&quot;,&quot;gallery_layout&quot;:&quot;grid&quot;,&quot;columns&quot;:4,&quot;columns_tablet&quot;:2,&quot;columns_mobile&quot;:1,&quot;gap&quot;:{&quot;unit&quot;:&quot;px&quot;,&quot;size&quot;:10,&quot;sizes&quot;:[]},&quot;gap_tablet&quot;:{&quot;unit&quot;:&quot;px&quot;,&quot;size&quot;:10,&quot;sizes&quot;:[]},&quot;gap_mobile&quot;:{&quot;unit&quot;:&quot;px&quot;,&quot;size&quot;:10,&quot;sizes&quot;:[]},&quot;link_to&quot;:&quot;file&quot;,&quot;aspect_ratio&quot;:&quot;3:2&quot;,&quot;show_all_galleries&quot;:&quot;yes&quot;,&quot;overlay_background&quot;:&quot;yes&quot;,&quot;content_hover_animation&quot;:&quot;fade-in&quot;}\" data-widget_type=\"gallery.default\">\n\t\t\t\t<div class=\"elementor-widget-container\">\n\t\t\t\t\t\t\t\t<div class=\"elementor-gallery__titles-container e--pointer-underline e--animation-fade\" aria-label=\"Gallery filter\">\n\t\t\t\t\t\t\t\t\t<a class=\"elementor-item elementor-gallery-title\" role=\"button\" tabindex=\"0\" data-gallery-index=\"all\">\n\t\t\t\t\t\tAll\t\t\t\t\t<\/a>\n\t\t\t\t\n\t\t\t\t\t\t\t\t\t<a class=\"elementor-item elementor-gallery-title\" role=\"button\" tabindex=\"0\" data-gallery-index=\"0\">\n\t\t\t\t\t\t\t\t\t\t\t<\/a>\n\t\t\t\t\t\t\t\t\t\t<a class=\"elementor-item elementor-gallery-title\" role=\"button\" tabindex=\"0\" data-gallery-index=\"1\">\n\t\t\t\t\t\t\t\t\t\t\t<\/a>\n\t\t\t\t\t\t\t\t\t\t<a class=\"elementor-item elementor-gallery-title\" role=\"button\" tabindex=\"0\" data-gallery-index=\"2\">\n\t\t\t\t\t\t\t\t\t\t\t<\/a>\n\t\t\t\t\t\t\t\t\t\t<a class=\"elementor-item elementor-gallery-title\" role=\"button\" tabindex=\"0\" data-gallery-index=\"4\">\n\t\t\t\t\t\tNew Gallery\t\t\t\t\t<\/a>\n\t\t\t\t\t\t\t\t<\/div>\n\t\t\t\t\t<div class=\"elementor-gallery__container\">\n\t\t\t\t\t\t\t<a class=\"e-gallery-item elementor-gallery-item elementor-animated-content\" data-e-gallery-tags=\"0,1\" href=\"https:\/\/pc.sc.gov.br\/\/wp-content\/uploads\/2025\/01\/OV-PINHEIRA-fotor-2025010617234-scaled.jpg\" data-elementor-open-lightbox=\"yes\" data-elementor-lightbox-slideshow=\"fc77a6b\" data-elementor-lightbox-title=\"OV PINHEIRA-fotor-2025010617234\" data-e-action-hash=\"#elementor-action%3Aaction%3Dlightbox%26settings%3DeyJpZCI6MjU3MTAsInVybCI6Imh0dHBzOlwvXC9wYy5zYy5nb3YuYnJcL1wvd3AtY29udGVudFwvdXBsb2Fkc1wvMjAyNVwvMDFcL09WLVBJTkhFSVJBLWZvdG9yLTIwMjUwMTA2MTcyMzQtc2NhbGVkLmpwZyIsInNsaWRlc2hvdyI6ImZjNzdhNmIifQ%3D%3D\">\n\t\t\t\t\t<div class=\"e-gallery-image elementor-gallery-item__image\" data-thumbnail=\"https:\/\/pc.sc.gov.br\/\/wp-content\/uploads\/2025\/01\/OV-PINHEIRA-fotor-2025010617234-300x200.jpg\" data-width=\"300\" data-height=\"200\" aria-label=\"\" role=\"img\" ><\/div>\n\t\t\t\t\t\t\t\t\t\t\t<div class=\"elementor-gallery-item__overlay\"><\/div>\n\t\t\t\t\t\t\t\t\t\t\t\t\t\t<\/a>\n\t\t\t\t\t\t\t<a class=\"e-gallery-item elementor-gallery-item elementor-animated-content\" data-e-gallery-tags=\"0,1\" href=\"https:\/\/pc.sc.gov.br\/\/wp-content\/uploads\/2025\/01\/OV-INGLESES-fotor-2025010617342-scaled.jpg\" data-elementor-open-lightbox=\"yes\" data-elementor-lightbox-slideshow=\"fc77a6b\" data-elementor-lightbox-title=\"OV INGLESES-fotor-2025010617342\" data-e-action-hash=\"#elementor-action%3Aaction%3Dlightbox%26settings%3DeyJpZCI6MjU3MDksInVybCI6Imh0dHBzOlwvXC9wYy5zYy5nb3YuYnJcL1wvd3AtY29udGVudFwvdXBsb2Fkc1wvMjAyNVwvMDFcL09WLUlOR0xFU0VTLWZvdG9yLTIwMjUwMTA2MTczNDItc2NhbGVkLmpwZyIsInNsaWRlc2hvdyI6ImZjNzdhNmIifQ%3D%3D\">\n\t\t\t\t\t<div class=\"e-gallery-image elementor-gallery-item__image\" data-thumbnail=\"https:\/\/pc.sc.gov.br\/\/wp-content\/uploads\/2025\/01\/OV-INGLESES-fotor-2025010617342-300x200.jpg\" data-width=\"300\" data-height=\"200\" aria-label=\"\" role=\"img\" ><\/div>\n\t\t\t\t\t\t\t\t\t\t\t<div class=\"elementor-gallery-item__overlay\"><\/div>\n\t\t\t\t\t\t\t\t\t\t\t\t\t\t<\/a>\n\t\t\t\t\t\t\t<a class=\"e-gallery-item elementor-gallery-item elementor-animated-content\" data-e-gallery-tags=\"2\" href=\"https:\/\/pc.sc.gov.br\/\/wp-content\/uploads\/2025\/01\/a25cb491-dd93-428c-91ab-85ef7c752b6d-fotor-2025010618754.jpg\" data-elementor-open-lightbox=\"yes\" data-elementor-lightbox-slideshow=\"fc77a6b\" data-elementor-lightbox-title=\"a25cb491-dd93-428c-91ab-85ef7c752b6d-fotor-2025010618754\" data-e-action-hash=\"#elementor-action%3Aaction%3Dlightbox%26settings%3DeyJpZCI6MjU3MTcsInVybCI6Imh0dHBzOlwvXC9wYy5zYy5nb3YuYnJcL1wvd3AtY29udGVudFwvdXBsb2Fkc1wvMjAyNVwvMDFcL2EyNWNiNDkxLWRkOTMtNDI4Yy05MWFiLTg1ZWY3Yzc1MmI2ZC1mb3Rvci0yMDI1MDEwNjE4NzU0LmpwZyIsInNsaWRlc2hvdyI6ImZjNzdhNmIifQ%3D%3D\">\n\t\t\t\t\t<div class=\"e-gallery-image elementor-gallery-item__image\" data-thumbnail=\"https:\/\/pc.sc.gov.br\/\/wp-content\/uploads\/2025\/01\/a25cb491-dd93-428c-91ab-85ef7c752b6d-fotor-2025010618754-300x200.jpg\" data-width=\"300\" data-height=\"200\" aria-label=\"\" role=\"img\" ><\/div>\n\t\t\t\t\t\t\t\t\t\t\t<div class=\"elementor-gallery-item__overlay\"><\/div>\n\t\t\t\t\t\t\t\t\t\t\t\t\t\t<\/a>\n\t\t\t\t\t\t\t<a class=\"e-gallery-item elementor-gallery-item elementor-animated-content\" data-e-gallery-tags=\"4\" href=\"https:\/\/pc.sc.gov.br\/\/wp-content\/uploads\/2025\/01\/e7fdbec6-2350-48ab-b71c-d62fe82e5f02-fotor-20250106184333-scaled.jpg\" data-elementor-open-lightbox=\"yes\" data-elementor-lightbox-slideshow=\"fc77a6b\" data-elementor-lightbox-title=\"e7fdbec6-2350-48ab-b71c-d62fe82e5f02-fotor-20250106184333\" data-e-action-hash=\"#elementor-action%3Aaction%3Dlightbox%26settings%3DeyJpZCI6MjU3MTgsInVybCI6Imh0dHBzOlwvXC9wYy5zYy5nb3YuYnJcL1wvd3AtY29udGVudFwvdXBsb2Fkc1wvMjAyNVwvMDFcL2U3ZmRiZWM2LTIzNTAtNDhhYi1iNzFjLWQ2MmZlODJlNWYwMi1mb3Rvci0yMDI1MDEwNjE4NDMzMy1zY2FsZWQuanBnIiwic2xpZGVzaG93IjoiZmM3N2E2YiJ9\">\n\t\t\t\t\t<div class=\"e-gallery-image elementor-gallery-item__image\" data-thumbnail=\"https:\/\/pc.sc.gov.br\/\/wp-content\/uploads\/2025\/01\/e7fdbec6-2350-48ab-b71c-d62fe82e5f02-fotor-20250106184333-300x200.jpg\" data-width=\"300\" data-height=\"200\" aria-label=\"\" role=\"img\" ><\/div>\n\t\t\t\t\t\t\t\t\t\t\t<div class=\"elementor-gallery-item__overlay\"><\/div>\n\t\t\t\t\t\t\t\t\t\t\t\t\t\t<\/a>\n\t\t\t\t\t<\/div>\n\t\t\t\t\t<\/div>\n\t\t\t\t<\/div>\n\t\t\t\t\t<\/div>\n\t\t<\/div>\n\t\t\t\t\t<\/div>\n\t\t<\/section>\n\t\t\t\t<\/div>\n\t\t","protected":false},"excerpt":{"rendered":"<p>Esta\u00e7\u00e3o Ver\u00e3o: PCSC distribui mais de 45 mil pulseirinhas e orienta veranistas no Litoral Catarinense A Pol\u00edcia Civil de Santa Catarina est\u00e1 com diversas atividades nas praias com maior fluxo de veranistas, a fim de garantir a seguran\u00e7a da popula\u00e7\u00e3o. Al\u00e9m de mobilizar cerca de 1,6 mil policiais ao longo da temporada e manter delegacias [&hellip;]<\/p>\n","protected":false},"author":5,"featured_media":25718,"comment_status":"closed","ping_status":"open","sticky":false,"template":"","format":"standard","meta":{"_monsterinsights_skip_tracking":false,"_monsterinsights_sitenote_active":false,"_monsterinsights_sitenote_note":"","_monsterinsights_sitenote_category":0,"footnotes":""},"categories":[1],"tags":[],"class_list":["post-25715","post","type-post","status-publish","format-standard","has-post-thumbnail","hentry","category-sem-categoria"],"_links":{"self":[{"href":"https:\/\/pc.sc.gov.br\/index.php?rest_route=\/wp\/v2\/posts\/25715","targetHints":{"allow":["GET"]}}],"collection":[{"href":"https:\/\/pc.sc.gov.br\/index.php?rest_route=\/wp\/v2\/posts"}],"about":[{"href":"https:\/\/pc.sc.gov.br\/index.php?rest_route=\/wp\/v2\/types\/post"}],"author":[{"embeddable":true,"href":"https:\/\/pc.sc.gov.br\/index.php?rest_route=\/wp\/v2\/users\/5"}],"replies":[{"embeddable":true,"href":"https:\/\/pc.sc.gov.br\/index.php?rest_route=%2Fwp%2Fv2%2Fcomments&post=25715"}],"version-history":[{"count":3,"href":"https:\/\/pc.sc.gov.br\/index.php?rest_route=\/wp\/v2\/posts\/25715\/revisions"}],"predecessor-version":[{"id":25721,"href":"https:\/\/pc.sc.gov.br\/index.php?rest_route=\/wp\/v2\/posts\/25715\/revisions\/25721"}],"wp:featuredmedia":[{"embeddable":true,"href":"https:\/\/pc.sc.gov.br\/index.php?rest_route=\/wp\/v2\/media\/25718"}],"wp:attachment":[{"href":"https:\/\/pc.sc.gov.br\/index.php?rest_route=%2Fwp%2Fv2%2Fmedia&parent=25715"}],"wp:term":[{"taxonomy":"category","embeddable":true,"href":"https:\/\/pc.sc.gov.br\/index.php?rest_route=%2Fwp%2Fv2%2Fcategories&post=25715"},{"taxonomy":"post_tag","embeddable":true,"href":"https:\/\/pc.sc.gov.br\/index.php?rest_route=%2Fwp%2Fv2%2Ftags&post=25715"}],"curies":[{"name":"wp","href":"https:\/\/api.w.org\/{rel}","templated":true}]}}