{"id":25722,"date":"2025-01-07T18:48:05","date_gmt":"2025-01-07T21:48:05","guid":{"rendered":"https:\/\/pc.sc.gov.br\/?p=25722"},"modified":"2025-01-07T18:49:24","modified_gmt":"2025-01-07T21:49:24","slug":"em-joinville-equipes-da-delegacia-de-homicidios-da-pcsc-prendem-importante-lideranca-de-faccao-criminosa","status":"publish","type":"post","link":"https:\/\/pc.sc.gov.br\/?p=25722","title":{"rendered":"Em Joinville, equipes da Delegacia de Homic\u00eddios da PCSC prendem importante lideran\u00e7a de fac\u00e7\u00e3o criminosa"},"content":{"rendered":"\t\t<div data-elementor-type=\"wp-post\" data-elementor-id=\"25722\" class=\"elementor elementor-25722\" data-elementor-post-type=\"post\">\n\t\t\t\t\t\t<section class=\"elementor-section elementor-top-section elementor-element elementor-element-337f69b elementor-section-boxed elementor-section-height-default elementor-section-height-default\" data-id=\"337f69b\" data-element_type=\"section\">\n\t\t\t\t\t\t<div class=\"elementor-container elementor-column-gap-default\">\n\t\t\t\t\t<div class=\"elementor-column elementor-col-100 elementor-top-column elementor-element elementor-element-9ab212f\" data-id=\"9ab212f\" data-element_type=\"column\">\n\t\t\t<div class=\"elementor-widget-wrap elementor-element-populated\">\n\t\t\t\t\t\t<div class=\"elementor-element elementor-element-ccc7c16 elementor-widget elementor-widget-heading\" data-id=\"ccc7c16\" data-element_type=\"widget\" data-widget_type=\"heading.default\">\n\t\t\t\t<div class=\"elementor-widget-container\">\n\t\t\t\t\t<h2 class=\"elementor-heading-title elementor-size-default\">Em Joinville, equipes da Delegacia de Homic\u00eddios da PCSC prendem importante lideran\u00e7a de fac\u00e7\u00e3o criminosa<\/h2>\t\t\t\t<\/div>\n\t\t\t\t<\/div>\n\t\t\t\t\t<\/div>\n\t\t<\/div>\n\t\t\t\t\t<\/div>\n\t\t<\/section>\n\t\t\t\t<section class=\"elementor-section elementor-top-section elementor-element elementor-element-cd00bec elementor-section-boxed elementor-section-height-default elementor-section-height-default\" data-id=\"cd00bec\" data-element_type=\"section\">\n\t\t\t\t\t\t<div class=\"elementor-container elementor-column-gap-default\">\n\t\t\t\t\t<div class=\"elementor-column elementor-col-100 elementor-top-column elementor-element elementor-element-80effa5\" data-id=\"80effa5\" data-element_type=\"column\">\n\t\t\t<div class=\"elementor-widget-wrap elementor-element-populated\">\n\t\t\t\t\t\t<div class=\"elementor-element elementor-element-666e1e5 elementor-widget elementor-widget-image\" data-id=\"666e1e5\" data-element_type=\"widget\" data-widget_type=\"image.default\">\n\t\t\t\t<div class=\"elementor-widget-container\">\n\t\t\t\t\t\t\t\t\t\t\t\t\t\t\t<img fetchpriority=\"high\" decoding=\"async\" width=\"696\" height=\"465\" src=\"https:\/\/pc.sc.gov.br\/\/wp-content\/uploads\/2025\/01\/bcbd73d6-63ad-4830-9899-e1a2845617ce-fotor-20250107184425.jpg\" class=\"attachment-large size-large wp-image-25723\" alt=\"\" srcset=\"https:\/\/pc.sc.gov.br\/\/wp-content\/uploads\/2025\/01\/bcbd73d6-63ad-4830-9899-e1a2845617ce-fotor-20250107184425.jpg 1011w, https:\/\/pc.sc.gov.br\/\/wp-content\/uploads\/2025\/01\/bcbd73d6-63ad-4830-9899-e1a2845617ce-fotor-20250107184425-300x200.jpg 300w, https:\/\/pc.sc.gov.br\/\/wp-content\/uploads\/2025\/01\/bcbd73d6-63ad-4830-9899-e1a2845617ce-fotor-20250107184425-768x513.jpg 768w\" sizes=\"(max-width: 696px) 100vw, 696px\" \/>\t\t\t\t\t\t\t\t\t\t\t\t\t\t\t<\/div>\n\t\t\t\t<\/div>\n\t\t\t\t\t<\/div>\n\t\t<\/div>\n\t\t\t\t\t<\/div>\n\t\t<\/section>\n\t\t\t\t<section class=\"elementor-section elementor-top-section elementor-element elementor-element-65fa824 elementor-section-boxed elementor-section-height-default elementor-section-height-default\" data-id=\"65fa824\" data-element_type=\"section\">\n\t\t\t\t\t\t<div class=\"elementor-container elementor-column-gap-default\">\n\t\t\t\t\t<div class=\"elementor-column elementor-col-100 elementor-top-column elementor-element elementor-element-98eefd6\" data-id=\"98eefd6\" data-element_type=\"column\">\n\t\t\t<div class=\"elementor-widget-wrap elementor-element-populated\">\n\t\t\t\t\t\t<div class=\"elementor-element elementor-element-b736af6 elementor-widget elementor-widget-text-editor\" data-id=\"b736af6\" data-element_type=\"widget\" data-widget_type=\"text-editor.default\">\n\t\t\t\t<div class=\"elementor-widget-container\">\n\t\t\t\t\t\t\t\t\t<p>A Pol\u00edcia Civil de Santa Catarina, por meio da Delegacia de Homic\u00eddios de Joinville, prendeu nesta ter\u00e7a-feira (7) uma importante lideran\u00e7a de uma fac\u00e7\u00e3o criminosa. De acordo com a investiga\u00e7\u00e3o, o homem preso hoje e outro suspeito estariam envolvidos em homic\u00eddio ocorrido no m\u00eas de setembro do ano de 2024, quando um homem foi executado dentro do seu ve\u00edculo quando estacionado em frente a um condom\u00ednio habitacional em bairro da zona norte de Joinville.\u00a0<\/p><p>Ao longo da apura\u00e7\u00e3o dos fatos, a equipe da DH de Joinville identificou os dois suspeitos e ap\u00f3s coleta de ind\u00edcios de autoria e materialidade da a\u00e7\u00e3o delituosa, a autoridade policial representou pela pris\u00e3o preventiva da dupla. Com a manifesta\u00e7\u00e3o favor\u00e1vel do Minist\u00e9rio P\u00fablico foram expedidas ordens de pris\u00e3o preventiva contra os autores pelo ju\u00edzo da Vara do Tribunal do J\u00fari da Comarca de Joinville.<\/p><p>Os policiais da DH come\u00e7aram o trabalho de acompanhamento e monitoramento sendo que nesta ter\u00e7a-feira um dos investigados foi preso. O segundo autor encontra-se foragido at\u00e9 o momento.<\/p><p>Ap\u00f3s a pris\u00e3o e os trabalhos cartor\u00e1rios o indiv\u00edduo foi encaminhado ao Pres\u00eddio Regional de Joinville onde ficar\u00e1 \u00e0 disposi\u00e7\u00e3o da Justi\u00e7a.<\/p>\t\t\t\t\t\t\t\t<\/div>\n\t\t\t\t<\/div>\n\t\t\t\t\t<\/div>\n\t\t<\/div>\n\t\t\t\t\t<\/div>\n\t\t<\/section>\n\t\t\t\t<\/div>\n\t\t","protected":false},"excerpt":{"rendered":"<p>Em Joinville, equipes da Delegacia de Homic\u00eddios da PCSC prendem importante lideran\u00e7a de fac\u00e7\u00e3o criminosa A Pol\u00edcia Civil de Santa Catarina, por meio da Delegacia de Homic\u00eddios de Joinville, prendeu nesta ter\u00e7a-feira (7) uma importante lideran\u00e7a de uma fac\u00e7\u00e3o criminosa. De acordo com a investiga\u00e7\u00e3o, o homem preso hoje e outro suspeito estariam envolvidos em [&hellip;]<\/p>\n","protected":false},"author":5,"featured_media":25723,"comment_status":"closed","ping_status":"open","sticky":false,"template":"","format":"standard","meta":{"_monsterinsights_skip_tracking":false,"_monsterinsights_sitenote_active":false,"_monsterinsights_sitenote_note":"","_monsterinsights_sitenote_category":0,"footnotes":""},"categories":[1],"tags":[],"class_list":["post-25722","post","type-post","status-publish","format-standard","has-post-thumbnail","hentry","category-sem-categoria"],"_links":{"self":[{"href":"https:\/\/pc.sc.gov.br\/index.php?rest_route=\/wp\/v2\/posts\/25722","targetHints":{"allow":["GET"]}}],"collection":[{"href":"https:\/\/pc.sc.gov.br\/index.php?rest_route=\/wp\/v2\/posts"}],"about":[{"href":"https:\/\/pc.sc.gov.br\/index.php?rest_route=\/wp\/v2\/types\/post"}],"author":[{"embeddable":true,"href":"https:\/\/pc.sc.gov.br\/index.php?rest_route=\/wp\/v2\/users\/5"}],"replies":[{"embeddable":true,"href":"https:\/\/pc.sc.gov.br\/index.php?rest_route=%2Fwp%2Fv2%2Fcomments&post=25722"}],"version-history":[{"count":4,"href":"https:\/\/pc.sc.gov.br\/index.php?rest_route=\/wp\/v2\/posts\/25722\/revisions"}],"predecessor-version":[{"id":25727,"href":"https:\/\/pc.sc.gov.br\/index.php?rest_route=\/wp\/v2\/posts\/25722\/revisions\/25727"}],"wp:featuredmedia":[{"embeddable":true,"href":"https:\/\/pc.sc.gov.br\/index.php?rest_route=\/wp\/v2\/media\/25723"}],"wp:attachment":[{"href":"https:\/\/pc.sc.gov.br\/index.php?rest_route=%2Fwp%2Fv2%2Fmedia&parent=25722"}],"wp:term":[{"taxonomy":"category","embeddable":true,"href":"https:\/\/pc.sc.gov.br\/index.php?rest_route=%2Fwp%2Fv2%2Fcategories&post=25722"},{"taxonomy":"post_tag","embeddable":true,"href":"https:\/\/pc.sc.gov.br\/index.php?rest_route=%2Fwp%2Fv2%2Ftags&post=25722"}],"curies":[{"name":"wp","href":"https:\/\/api.w.org\/{rel}","templated":true}]}}