{"id":25729,"date":"2025-01-07T19:15:12","date_gmt":"2025-01-07T22:15:12","guid":{"rendered":"https:\/\/pc.sc.gov.br\/?p=25729"},"modified":"2025-01-07T19:15:51","modified_gmt":"2025-01-07T22:15:51","slug":"policia-civil-promove-a-campanha-volta-as-aulas-para-arrecadacao-de-materiais-escolares","status":"publish","type":"post","link":"https:\/\/pc.sc.gov.br\/?p=25729","title":{"rendered":"Pol\u00edcia Civil promove a Campanha &#8220;Volta \u00e0s Aulas&#8221; para arrecada\u00e7\u00e3o de materiais escolares"},"content":{"rendered":"\t\t<div data-elementor-type=\"wp-post\" data-elementor-id=\"25729\" class=\"elementor elementor-25729\" data-elementor-post-type=\"post\">\n\t\t\t\t\t\t<section class=\"elementor-section elementor-top-section elementor-element elementor-element-4757d0a elementor-section-boxed elementor-section-height-default elementor-section-height-default\" data-id=\"4757d0a\" data-element_type=\"section\">\n\t\t\t\t\t\t<div class=\"elementor-container elementor-column-gap-default\">\n\t\t\t\t\t<div class=\"elementor-column elementor-col-100 elementor-top-column elementor-element elementor-element-51ac3c8\" data-id=\"51ac3c8\" data-element_type=\"column\">\n\t\t\t<div class=\"elementor-widget-wrap elementor-element-populated\">\n\t\t\t\t\t\t<div class=\"elementor-element elementor-element-191128a elementor-widget elementor-widget-heading\" data-id=\"191128a\" data-element_type=\"widget\" data-widget_type=\"heading.default\">\n\t\t\t\t<div class=\"elementor-widget-container\">\n\t\t\t\t\t<h2 class=\"elementor-heading-title elementor-size-default\">Pol\u00edcia Civil promove a Campanha \"Volta \u00e0s Aulas\" para arrecada\u00e7\u00e3o de materiais escolares<\/h2>\t\t\t\t<\/div>\n\t\t\t\t<\/div>\n\t\t\t\t\t<\/div>\n\t\t<\/div>\n\t\t\t\t\t<\/div>\n\t\t<\/section>\n\t\t\t\t<section class=\"elementor-section elementor-top-section elementor-element elementor-element-3db205e elementor-section-boxed elementor-section-height-default elementor-section-height-default\" data-id=\"3db205e\" data-element_type=\"section\">\n\t\t\t\t\t\t<div class=\"elementor-container elementor-column-gap-default\">\n\t\t\t\t\t<div class=\"elementor-column elementor-col-100 elementor-top-column elementor-element elementor-element-93a6aaf\" data-id=\"93a6aaf\" data-element_type=\"column\">\n\t\t\t<div class=\"elementor-widget-wrap elementor-element-populated\">\n\t\t\t\t\t\t<div class=\"elementor-element elementor-element-beb8fca elementor-widget elementor-widget-image\" data-id=\"beb8fca\" data-element_type=\"widget\" data-widget_type=\"image.default\">\n\t\t\t\t<div class=\"elementor-widget-container\">\n\t\t\t\t\t\t\t\t\t\t\t\t\t\t\t<img fetchpriority=\"high\" decoding=\"async\" width=\"696\" height=\"870\" src=\"https:\/\/pc.sc.gov.br\/\/wp-content\/uploads\/2025\/01\/WhatsApp-Image-2025-01-07-at-18.43.30-819x1024.jpeg\" class=\"attachment-large size-large wp-image-25730\" alt=\"\" srcset=\"https:\/\/pc.sc.gov.br\/\/wp-content\/uploads\/2025\/01\/WhatsApp-Image-2025-01-07-at-18.43.30-819x1024.jpeg 819w, https:\/\/pc.sc.gov.br\/\/wp-content\/uploads\/2025\/01\/WhatsApp-Image-2025-01-07-at-18.43.30-240x300.jpeg 240w, https:\/\/pc.sc.gov.br\/\/wp-content\/uploads\/2025\/01\/WhatsApp-Image-2025-01-07-at-18.43.30-768x960.jpeg 768w, https:\/\/pc.sc.gov.br\/\/wp-content\/uploads\/2025\/01\/WhatsApp-Image-2025-01-07-at-18.43.30-1229x1536.jpeg 1229w, https:\/\/pc.sc.gov.br\/\/wp-content\/uploads\/2025\/01\/WhatsApp-Image-2025-01-07-at-18.43.30.jpeg 1280w\" sizes=\"(max-width: 696px) 100vw, 696px\" \/>\t\t\t\t\t\t\t\t\t\t\t\t\t\t\t<\/div>\n\t\t\t\t<\/div>\n\t\t\t\t\t<\/div>\n\t\t<\/div>\n\t\t\t\t\t<\/div>\n\t\t<\/section>\n\t\t\t\t<section class=\"elementor-section elementor-top-section elementor-element elementor-element-befeffa elementor-section-boxed elementor-section-height-default elementor-section-height-default\" data-id=\"befeffa\" data-element_type=\"section\">\n\t\t\t\t\t\t<div class=\"elementor-container elementor-column-gap-default\">\n\t\t\t\t\t<div class=\"elementor-column elementor-col-100 elementor-top-column elementor-element elementor-element-a0c6eaa\" data-id=\"a0c6eaa\" data-element_type=\"column\">\n\t\t\t<div class=\"elementor-widget-wrap elementor-element-populated\">\n\t\t\t\t\t\t<div class=\"elementor-element elementor-element-445c87e elementor-widget elementor-widget-text-editor\" data-id=\"445c87e\" data-element_type=\"widget\" data-widget_type=\"text-editor.default\">\n\t\t\t\t<div class=\"elementor-widget-container\">\n\t\t\t\t\t\t\t\t\t<p>A Pol\u00edcia Civil de Santa Catarina lan\u00e7a a <strong>CAMPANHA VOLTA \u00c0S AULAS DA POL\u00cdCIA CIVIL<\/strong>, uma iniciativa que mobilizar\u00e1 policiais civis de todo o Estado na arrecada\u00e7\u00e3o de materiais escolares. A campanha ser\u00e1 realizada de forma regionalizada por meio das Delegacias Regionais de Pol\u00edcia, ACADEPOL, DEIC, DPGF, CORPC, Ouvidoria, DPPD, GEFID, POLINTER, COPC e demais Coordenadorias.<\/p><p>A a\u00e7\u00e3o ter\u00e1 in\u00edcio no dia <strong>7 de janeiro<\/strong> e se estender\u00e1 at\u00e9 <strong>3 de fevereiro de 2025<\/strong>, com o objetivo de beneficiar institui\u00e7\u00f5es sociais.<\/p><p><strong>Como ser\u00e1 a arrecada\u00e7\u00e3o e distribui\u00e7\u00e3o<\/strong><\/p><p>As Diretorias, Ger\u00eancias e Coordenadorias vinculadas \u00e0 Delegacia-Geral ser\u00e3o respons\u00e1veis por entregar o material arrecadado ao Setor de Opera\u00e7\u00f5es, que far\u00e1 a destina\u00e7\u00e3o \u00e0s institui\u00e7\u00f5es selecionadas.<\/p><p><strong>Participe da Campanha \u201cVolta \u00e0s Aulas\u201d<\/strong><\/p><p>A Pol\u00edcia Civil refor\u00e7a o convite para que todos contribuam com esta importante iniciativa, que busca promover a educa\u00e7\u00e3o e proporcionar melhores condi\u00e7\u00f5es para o retorno \u00e0s aulas de crian\u00e7as e jovens em situa\u00e7\u00e3o de vulnerabilidade.<\/p><p>Para mais informa\u00e7\u00f5es, procure a Delegacia Regional de sua regi\u00e3o ou entre em contato com os canais oficiais da Pol\u00edcia Civil.<\/p>\t\t\t\t\t\t\t\t<\/div>\n\t\t\t\t<\/div>\n\t\t\t\t\t<\/div>\n\t\t<\/div>\n\t\t\t\t\t<\/div>\n\t\t<\/section>\n\t\t\t\t<\/div>\n\t\t","protected":false},"excerpt":{"rendered":"<p>Pol\u00edcia Civil promove a Campanha &#8220;Volta \u00e0s Aulas&#8221; para arrecada\u00e7\u00e3o de materiais escolares A Pol\u00edcia Civil de Santa Catarina lan\u00e7a a CAMPANHA VOLTA \u00c0S AULAS DA POL\u00cdCIA CIVIL, uma iniciativa que mobilizar\u00e1 policiais civis de todo o Estado na arrecada\u00e7\u00e3o de materiais escolares. A campanha ser\u00e1 realizada de forma regionalizada por meio das Delegacias Regionais [&hellip;]<\/p>\n","protected":false},"author":5,"featured_media":25730,"comment_status":"closed","ping_status":"open","sticky":false,"template":"","format":"standard","meta":{"_monsterinsights_skip_tracking":false,"_monsterinsights_sitenote_active":false,"_monsterinsights_sitenote_note":"","_monsterinsights_sitenote_category":0,"footnotes":""},"categories":[1],"tags":[],"class_list":["post-25729","post","type-post","status-publish","format-standard","has-post-thumbnail","hentry","category-sem-categoria"],"_links":{"self":[{"href":"https:\/\/pc.sc.gov.br\/index.php?rest_route=\/wp\/v2\/posts\/25729","targetHints":{"allow":["GET"]}}],"collection":[{"href":"https:\/\/pc.sc.gov.br\/index.php?rest_route=\/wp\/v2\/posts"}],"about":[{"href":"https:\/\/pc.sc.gov.br\/index.php?rest_route=\/wp\/v2\/types\/post"}],"author":[{"embeddable":true,"href":"https:\/\/pc.sc.gov.br\/index.php?rest_route=\/wp\/v2\/users\/5"}],"replies":[{"embeddable":true,"href":"https:\/\/pc.sc.gov.br\/index.php?rest_route=%2Fwp%2Fv2%2Fcomments&post=25729"}],"version-history":[{"count":4,"href":"https:\/\/pc.sc.gov.br\/index.php?rest_route=\/wp\/v2\/posts\/25729\/revisions"}],"predecessor-version":[{"id":25734,"href":"https:\/\/pc.sc.gov.br\/index.php?rest_route=\/wp\/v2\/posts\/25729\/revisions\/25734"}],"wp:featuredmedia":[{"embeddable":true,"href":"https:\/\/pc.sc.gov.br\/index.php?rest_route=\/wp\/v2\/media\/25730"}],"wp:attachment":[{"href":"https:\/\/pc.sc.gov.br\/index.php?rest_route=%2Fwp%2Fv2%2Fmedia&parent=25729"}],"wp:term":[{"taxonomy":"category","embeddable":true,"href":"https:\/\/pc.sc.gov.br\/index.php?rest_route=%2Fwp%2Fv2%2Fcategories&post=25729"},{"taxonomy":"post_tag","embeddable":true,"href":"https:\/\/pc.sc.gov.br\/index.php?rest_route=%2Fwp%2Fv2%2Ftags&post=25729"}],"curies":[{"name":"wp","href":"https:\/\/api.w.org\/{rel}","templated":true}]}}