{"id":25735,"date":"2025-01-08T13:50:00","date_gmt":"2025-01-08T16:50:00","guid":{"rendered":"https:\/\/pc.sc.gov.br\/?p=25735"},"modified":"2025-01-08T13:51:08","modified_gmt":"2025-01-08T16:51:08","slug":"delegacia-de-policia-de-sangao-prende-foragido-pelo-crime-de-trafico-de-drogas","status":"publish","type":"post","link":"https:\/\/pc.sc.gov.br\/?p=25735","title":{"rendered":"Delegacia de Pol\u00edcia de Sang\u00e3o prende foragido pelo crime de tr\u00e1fico de drogas"},"content":{"rendered":"\t\t<div data-elementor-type=\"wp-post\" data-elementor-id=\"25735\" class=\"elementor elementor-25735\" data-elementor-post-type=\"post\">\n\t\t\t\t\t\t<section class=\"elementor-section elementor-top-section elementor-element elementor-element-54ff63c elementor-section-boxed elementor-section-height-default elementor-section-height-default\" data-id=\"54ff63c\" data-element_type=\"section\">\n\t\t\t\t\t\t<div class=\"elementor-container elementor-column-gap-default\">\n\t\t\t\t\t<div class=\"elementor-column elementor-col-100 elementor-top-column elementor-element elementor-element-7288cc4\" data-id=\"7288cc4\" data-element_type=\"column\">\n\t\t\t<div class=\"elementor-widget-wrap elementor-element-populated\">\n\t\t\t\t\t\t<div class=\"elementor-element elementor-element-20cfb5b elementor-widget elementor-widget-heading\" data-id=\"20cfb5b\" data-element_type=\"widget\" data-widget_type=\"heading.default\">\n\t\t\t\t<div class=\"elementor-widget-container\">\n\t\t\t\t\t<h2 class=\"elementor-heading-title elementor-size-default\">Delegacia de Pol\u00edcia de Sang\u00e3o prende foragido pelo crime de tr\u00e1fico de drogas <\/h2>\t\t\t\t<\/div>\n\t\t\t\t<\/div>\n\t\t\t\t\t<\/div>\n\t\t<\/div>\n\t\t\t\t\t<\/div>\n\t\t<\/section>\n\t\t\t\t<section class=\"elementor-section elementor-top-section elementor-element elementor-element-26bb369 elementor-section-boxed elementor-section-height-default elementor-section-height-default\" data-id=\"26bb369\" data-element_type=\"section\">\n\t\t\t\t\t\t<div class=\"elementor-container elementor-column-gap-default\">\n\t\t\t\t\t<div class=\"elementor-column elementor-col-100 elementor-top-column elementor-element elementor-element-2b34048\" data-id=\"2b34048\" data-element_type=\"column\">\n\t\t\t<div class=\"elementor-widget-wrap elementor-element-populated\">\n\t\t\t\t\t\t<div class=\"elementor-element elementor-element-c833ff2 elementor-widget elementor-widget-image\" data-id=\"c833ff2\" data-element_type=\"widget\" data-widget_type=\"image.default\">\n\t\t\t\t<div class=\"elementor-widget-container\">\n\t\t\t\t\t\t\t\t\t\t\t\t\t\t\t<img fetchpriority=\"high\" decoding=\"async\" width=\"696\" height=\"674\" src=\"https:\/\/pc.sc.gov.br\/\/wp-content\/uploads\/2025\/01\/dbe3dcc6-7c27-4d8b-951d-7b8b879b20cc-fotor-20250108133640-1024x991.jpg\" class=\"attachment-large size-large wp-image-25736\" alt=\"\" srcset=\"https:\/\/pc.sc.gov.br\/\/wp-content\/uploads\/2025\/01\/dbe3dcc6-7c27-4d8b-951d-7b8b879b20cc-fotor-20250108133640-1024x991.jpg 1024w, https:\/\/pc.sc.gov.br\/\/wp-content\/uploads\/2025\/01\/dbe3dcc6-7c27-4d8b-951d-7b8b879b20cc-fotor-20250108133640-300x290.jpg 300w, https:\/\/pc.sc.gov.br\/\/wp-content\/uploads\/2025\/01\/dbe3dcc6-7c27-4d8b-951d-7b8b879b20cc-fotor-20250108133640-768x744.jpg 768w, https:\/\/pc.sc.gov.br\/\/wp-content\/uploads\/2025\/01\/dbe3dcc6-7c27-4d8b-951d-7b8b879b20cc-fotor-20250108133640.jpg 1194w\" sizes=\"(max-width: 696px) 100vw, 696px\" \/>\t\t\t\t\t\t\t\t\t\t\t\t\t\t\t<\/div>\n\t\t\t\t<\/div>\n\t\t\t\t\t<\/div>\n\t\t<\/div>\n\t\t\t\t\t<\/div>\n\t\t<\/section>\n\t\t\t\t<section class=\"elementor-section elementor-top-section elementor-element elementor-element-a9f81e0 elementor-section-boxed elementor-section-height-default elementor-section-height-default\" data-id=\"a9f81e0\" data-element_type=\"section\">\n\t\t\t\t\t\t<div class=\"elementor-container elementor-column-gap-default\">\n\t\t\t\t\t<div class=\"elementor-column elementor-col-100 elementor-top-column elementor-element elementor-element-f636155\" data-id=\"f636155\" data-element_type=\"column\">\n\t\t\t<div class=\"elementor-widget-wrap elementor-element-populated\">\n\t\t\t\t\t\t<div class=\"elementor-element elementor-element-b4baf74 elementor-widget elementor-widget-text-editor\" data-id=\"b4baf74\" data-element_type=\"widget\" data-widget_type=\"text-editor.default\">\n\t\t\t\t<div class=\"elementor-widget-container\">\n\t\t\t\t\t\t\t\t\t<p>A Pol\u00edcia Civil de Santa Catarina, por interm\u00e9dio da Delegacia de Pol\u00edcia de Sang\u00e3o (SC), deu cumprimento nesta ter\u00e7a-feira (7) um mandado de pris\u00e3o preventiva, expedido pelo Ju\u00edzo da Vara Criminal da Comarca de Laguna (SC), em desfavor de um homem, acusado da pr\u00e1tica do crime de tr\u00e1fico de drogas.\u00a0<\/p><p>O investigado foi capturado e encaminhado ao Pres\u00eddio Regional de Tubar\u00e3o (SC), onde permanecer\u00e1 \u00e0 disposi\u00e7\u00e3o da Justi\u00e7a.<\/p>\t\t\t\t\t\t\t\t<\/div>\n\t\t\t\t<\/div>\n\t\t\t\t\t<\/div>\n\t\t<\/div>\n\t\t\t\t\t<\/div>\n\t\t<\/section>\n\t\t\t\t<\/div>\n\t\t","protected":false},"excerpt":{"rendered":"<p>Delegacia de Pol\u00edcia de Sang\u00e3o prende foragido pelo crime de tr\u00e1fico de drogas A Pol\u00edcia Civil de Santa Catarina, por interm\u00e9dio da Delegacia de Pol\u00edcia de Sang\u00e3o (SC), deu cumprimento nesta ter\u00e7a-feira (7) um mandado de pris\u00e3o preventiva, expedido pelo Ju\u00edzo da Vara Criminal da Comarca de Laguna (SC), em desfavor de um homem, acusado [&hellip;]<\/p>\n","protected":false},"author":5,"featured_media":25736,"comment_status":"closed","ping_status":"open","sticky":false,"template":"","format":"standard","meta":{"_monsterinsights_skip_tracking":false,"_monsterinsights_sitenote_active":false,"_monsterinsights_sitenote_note":"","_monsterinsights_sitenote_category":0,"footnotes":""},"categories":[1],"tags":[],"class_list":["post-25735","post","type-post","status-publish","format-standard","has-post-thumbnail","hentry","category-sem-categoria"],"_links":{"self":[{"href":"https:\/\/pc.sc.gov.br\/index.php?rest_route=\/wp\/v2\/posts\/25735","targetHints":{"allow":["GET"]}}],"collection":[{"href":"https:\/\/pc.sc.gov.br\/index.php?rest_route=\/wp\/v2\/posts"}],"about":[{"href":"https:\/\/pc.sc.gov.br\/index.php?rest_route=\/wp\/v2\/types\/post"}],"author":[{"embeddable":true,"href":"https:\/\/pc.sc.gov.br\/index.php?rest_route=\/wp\/v2\/users\/5"}],"replies":[{"embeddable":true,"href":"https:\/\/pc.sc.gov.br\/index.php?rest_route=%2Fwp%2Fv2%2Fcomments&post=25735"}],"version-history":[{"count":4,"href":"https:\/\/pc.sc.gov.br\/index.php?rest_route=\/wp\/v2\/posts\/25735\/revisions"}],"predecessor-version":[{"id":25740,"href":"https:\/\/pc.sc.gov.br\/index.php?rest_route=\/wp\/v2\/posts\/25735\/revisions\/25740"}],"wp:featuredmedia":[{"embeddable":true,"href":"https:\/\/pc.sc.gov.br\/index.php?rest_route=\/wp\/v2\/media\/25736"}],"wp:attachment":[{"href":"https:\/\/pc.sc.gov.br\/index.php?rest_route=%2Fwp%2Fv2%2Fmedia&parent=25735"}],"wp:term":[{"taxonomy":"category","embeddable":true,"href":"https:\/\/pc.sc.gov.br\/index.php?rest_route=%2Fwp%2Fv2%2Fcategories&post=25735"},{"taxonomy":"post_tag","embeddable":true,"href":"https:\/\/pc.sc.gov.br\/index.php?rest_route=%2Fwp%2Fv2%2Ftags&post=25735"}],"curies":[{"name":"wp","href":"https:\/\/api.w.org\/{rel}","templated":true}]}}