{"id":25741,"date":"2025-01-08T14:25:10","date_gmt":"2025-01-08T17:25:10","guid":{"rendered":"https:\/\/pc.sc.gov.br\/?p=25741"},"modified":"2025-01-08T14:51:23","modified_gmt":"2025-01-08T17:51:23","slug":"dp-de-imbituba-deflagra-operacao-castelo-de-barro-que-apura-desvio-de-recursos-em-prefeitura-e-bloqueia-mais-de-r-1-milhao","status":"publish","type":"post","link":"https:\/\/pc.sc.gov.br\/?p=25741","title":{"rendered":"DP de Imbituba deflagra opera\u00e7\u00e3o &#8220;Castelo de Barro&#8221; que apura desvio de recursos em prefeitura e bloqueia mais de R$ 1 milh\u00e3o"},"content":{"rendered":"\t\t<div data-elementor-type=\"wp-post\" data-elementor-id=\"25741\" class=\"elementor elementor-25741\" data-elementor-post-type=\"post\">\n\t\t\t\t\t\t<section class=\"elementor-section elementor-top-section elementor-element elementor-element-db3243c elementor-section-boxed elementor-section-height-default elementor-section-height-default\" data-id=\"db3243c\" data-element_type=\"section\">\n\t\t\t\t\t\t<div class=\"elementor-container elementor-column-gap-default\">\n\t\t\t\t\t<div class=\"elementor-column elementor-col-100 elementor-top-column elementor-element elementor-element-a8bc9c5\" data-id=\"a8bc9c5\" data-element_type=\"column\">\n\t\t\t<div class=\"elementor-widget-wrap elementor-element-populated\">\n\t\t\t\t\t\t<div class=\"elementor-element elementor-element-f0a95b6 elementor-widget elementor-widget-heading\" data-id=\"f0a95b6\" data-element_type=\"widget\" data-widget_type=\"heading.default\">\n\t\t\t\t<div class=\"elementor-widget-container\">\n\t\t\t\t\t<h2 class=\"elementor-heading-title elementor-size-default\">DP de Imbituba deflagra opera\u00e7\u00e3o \"Castelo de Barro\" que apura desvio de recursos em prefeitura e bloqueia mais de R$ 1 milh\u00e3o<\/h2>\t\t\t\t<\/div>\n\t\t\t\t<\/div>\n\t\t\t\t\t<\/div>\n\t\t<\/div>\n\t\t\t\t\t<\/div>\n\t\t<\/section>\n\t\t\t\t<section class=\"elementor-section elementor-top-section elementor-element elementor-element-cbd2c33 elementor-section-boxed elementor-section-height-default elementor-section-height-default\" data-id=\"cbd2c33\" data-element_type=\"section\">\n\t\t\t\t\t\t<div class=\"elementor-container elementor-column-gap-default\">\n\t\t\t\t\t<div class=\"elementor-column elementor-col-100 elementor-top-column elementor-element elementor-element-38c1cb0\" data-id=\"38c1cb0\" data-element_type=\"column\">\n\t\t\t<div class=\"elementor-widget-wrap elementor-element-populated\">\n\t\t\t\t\t\t<div class=\"elementor-element elementor-element-c97e6e8 elementor-widget elementor-widget-image\" data-id=\"c97e6e8\" data-element_type=\"widget\" data-widget_type=\"image.default\">\n\t\t\t\t<div class=\"elementor-widget-container\">\n\t\t\t\t\t\t\t\t\t\t\t\t\t\t\t<img fetchpriority=\"high\" decoding=\"async\" width=\"696\" height=\"392\" src=\"https:\/\/pc.sc.gov.br\/\/wp-content\/uploads\/2025\/01\/WhatsApp-Image-2025-01-08-at-14.47.33-1024x576.jpeg\" class=\"attachment-large size-large wp-image-25751\" alt=\"\" srcset=\"https:\/\/pc.sc.gov.br\/\/wp-content\/uploads\/2025\/01\/WhatsApp-Image-2025-01-08-at-14.47.33-1024x576.jpeg 1024w, https:\/\/pc.sc.gov.br\/\/wp-content\/uploads\/2025\/01\/WhatsApp-Image-2025-01-08-at-14.47.33-300x169.jpeg 300w, https:\/\/pc.sc.gov.br\/\/wp-content\/uploads\/2025\/01\/WhatsApp-Image-2025-01-08-at-14.47.33-768x432.jpeg 768w, https:\/\/pc.sc.gov.br\/\/wp-content\/uploads\/2025\/01\/WhatsApp-Image-2025-01-08-at-14.47.33-1536x864.jpeg 1536w, https:\/\/pc.sc.gov.br\/\/wp-content\/uploads\/2025\/01\/WhatsApp-Image-2025-01-08-at-14.47.33.jpeg 1600w\" sizes=\"(max-width: 696px) 100vw, 696px\" \/>\t\t\t\t\t\t\t\t\t\t\t\t\t\t\t<\/div>\n\t\t\t\t<\/div>\n\t\t\t\t\t<\/div>\n\t\t<\/div>\n\t\t\t\t\t<\/div>\n\t\t<\/section>\n\t\t\t\t<section class=\"elementor-section elementor-top-section elementor-element elementor-element-e0bf7ef elementor-section-boxed elementor-section-height-default elementor-section-height-default\" data-id=\"e0bf7ef\" data-element_type=\"section\">\n\t\t\t\t\t\t<div class=\"elementor-container elementor-column-gap-default\">\n\t\t\t\t\t<div class=\"elementor-column elementor-col-100 elementor-top-column elementor-element elementor-element-621b673\" data-id=\"621b673\" data-element_type=\"column\">\n\t\t\t<div class=\"elementor-widget-wrap elementor-element-populated\">\n\t\t\t\t\t\t<div class=\"elementor-element elementor-element-19f5536 elementor-widget elementor-widget-text-editor\" data-id=\"19f5536\" data-element_type=\"widget\" data-widget_type=\"text-editor.default\">\n\t\t\t\t<div class=\"elementor-widget-container\">\n\t\t\t\t\t\t\t\t\t<p>A Pol\u00edcia Civil de Santa Catarina, por meio da Delegacia de Pol\u00edcia da Comarca de Imbituba, deflagrou nesta quarta-feira (8), a opera\u00e7\u00e3o \u201cCastelo de Barro\u201d. A a\u00e7\u00e3o foi para dar cumprimento a dois mandados de pris\u00e3o preventiva, sete mandados de busca e apreens\u00e3o e um afastamento de cargo de funcion\u00e1rio P\u00fablico. As ordens judiciais foram concedidas em raz\u00e3o de uma investiga\u00e7\u00e3o que apura supostos crimes na execu\u00e7\u00e3o de licita\u00e7\u00f5es, praticados por empres\u00e1rios em conluio com funcion\u00e1rios p\u00fablicos lotados na prefeitura de Imbituba. As ordens judiciais foram cumpridas em Garopaba (duas pris\u00f5es), Imbituba e Imaru\u00ed.<\/p><p><b>Entenda o caso:<\/b><\/p><p>Em outubro de 2024, a PCSC observou movimenta\u00e7\u00f5es at\u00edpicas na aquisi\u00e7\u00e3o de saibro pelo munic\u00edpio de Imbituba, onde a quantidade adquirida do material era bastante superior aos anos anteriores, sem que houvesse qualquer justificativa plaus\u00edvel.<\/p><p>O munic\u00edpio de Imbituba realizou um processo licitat\u00f3rio para aquisi\u00e7\u00e3o do material, cuja empresa vencedora ficaria obrigada ao fornecimento de saibro, pelo prazo de um ano. A contrata\u00e7\u00e3o desta empresa, sediada em Imaru\u00ed, ocorreu em junho de 2024.<\/p><p>As investiga\u00e7\u00f5es encontraram uma quantidade de entrega de \u201csaibro\u201d durante os meses de julho, agosto, setembro e in\u00edcio de outubro de 2024, superior em 100% ao que tinha sido adquirido em todo o ano anterior (2023\/2024), e, em 50% de toda a aquisi\u00e7\u00e3o do ano de 2022\/2023. Apurou-se que a empresa vencedora do certame entregava em m\u00e9dia tr\u00eas cargas para cada 10 que faturava e recebia dos cofres p\u00fablicos. Ocorreram ainda cargas de \u201csaibro\u201d desviadas para endere\u00e7os particulares e empresas nas cidades de Imbituba, Imaru\u00ed e Garopaba, tendo ainda ocorrido desvios para obras p\u00fablicas no munic\u00edpio de Imaru\u00ed. Outro ponto que chamou a aten\u00e7\u00e3o dos investigadores foi a execu\u00e7\u00e3o da licita\u00e7\u00e3o, quase que em sua totalidade nos tr\u00eas meses iniciais do contrato, que coincidiu com o per\u00edodo eleitoral.<\/p><p>Diante da gravidade dos fatos, a Pol\u00edcia Civil representou pela pris\u00e3o preventiva dos propriet\u00e1rios da empresa contratada e por busca e apreens\u00e3o nas resid\u00eancias de todos os envolvidos, empres\u00e1rios e funcion\u00e1rios p\u00fablicos, sendo todos os pedidos acatados pelo Poder Judici\u00e1rio, ap\u00f3s manifesta\u00e7\u00e3o favor\u00e1vel do Minist\u00e9rio P\u00fablico. Al\u00e9m disso, determinou-se o bloqueio de valores em at\u00e9 R$1.050.000,00, valor aproximado dos desvios apurados nesta investiga\u00e7\u00e3o at\u00e9 este momento, e o afastamento de um funcion\u00e1rio p\u00fablico, respons\u00e1vel pela fiscaliza\u00e7\u00e3o e que autorizou o pagamento de toda a quantidade de saibro desviada no per\u00edodo.<\/p><p>O nome da opera\u00e7\u00e3o \u00e9 uma alus\u00e3o a enorme quantidade de saibro supostamente entregue, o que geraria um verdadeiro castelo de barro, fruto dos 1.840 caminh\u00f5es de barro supostamente entregues, o que geraria 22.080 metros c\u00fabicos deste material.<\/p>\t\t\t\t\t\t\t\t<\/div>\n\t\t\t\t<\/div>\n\t\t\t\t\t<\/div>\n\t\t<\/div>\n\t\t\t\t\t<\/div>\n\t\t<\/section>\n\t\t\t\t<section class=\"elementor-section elementor-top-section elementor-element elementor-element-13023b0 elementor-section-boxed elementor-section-height-default elementor-section-height-default\" data-id=\"13023b0\" data-element_type=\"section\">\n\t\t\t\t\t\t<div class=\"elementor-container elementor-column-gap-default\">\n\t\t\t\t\t<div class=\"elementor-column elementor-col-100 elementor-top-column elementor-element elementor-element-4241432\" data-id=\"4241432\" data-element_type=\"column\">\n\t\t\t<div class=\"elementor-widget-wrap elementor-element-populated\">\n\t\t\t\t\t\t<div class=\"elementor-element elementor-element-c03c923 elementor-widget elementor-widget-image\" data-id=\"c03c923\" data-element_type=\"widget\" data-widget_type=\"image.default\">\n\t\t\t\t<div class=\"elementor-widget-container\">\n\t\t\t\t\t\t\t\t\t\t\t\t\t\t\t<img decoding=\"async\" width=\"696\" height=\"928\" src=\"https:\/\/pc.sc.gov.br\/\/wp-content\/uploads\/2025\/01\/WhatsApp-Image-2025-01-08-at-14.49.54-768x1024.jpeg\" class=\"attachment-large size-large wp-image-25755\" alt=\"\" srcset=\"https:\/\/pc.sc.gov.br\/\/wp-content\/uploads\/2025\/01\/WhatsApp-Image-2025-01-08-at-14.49.54-768x1024.jpeg 768w, https:\/\/pc.sc.gov.br\/\/wp-content\/uploads\/2025\/01\/WhatsApp-Image-2025-01-08-at-14.49.54-225x300.jpeg 225w, https:\/\/pc.sc.gov.br\/\/wp-content\/uploads\/2025\/01\/WhatsApp-Image-2025-01-08-at-14.49.54-1152x1536.jpeg 1152w, https:\/\/pc.sc.gov.br\/\/wp-content\/uploads\/2025\/01\/WhatsApp-Image-2025-01-08-at-14.49.54.jpeg 1200w\" sizes=\"(max-width: 696px) 100vw, 696px\" \/>\t\t\t\t\t\t\t\t\t\t\t\t\t\t\t<\/div>\n\t\t\t\t<\/div>\n\t\t\t\t\t<\/div>\n\t\t<\/div>\n\t\t\t\t\t<\/div>\n\t\t<\/section>\n\t\t\t\t<\/div>\n\t\t","protected":false},"excerpt":{"rendered":"<p>DP de Imbituba deflagra opera\u00e7\u00e3o &#8220;Castelo de Barro&#8221; que apura desvio de recursos em prefeitura e bloqueia mais de R$ 1 milh\u00e3o A Pol\u00edcia Civil de Santa Catarina, por meio da Delegacia de Pol\u00edcia da Comarca de Imbituba, deflagrou nesta quarta-feira (8), a opera\u00e7\u00e3o \u201cCastelo de Barro\u201d. A a\u00e7\u00e3o foi para dar cumprimento a dois [&hellip;]<\/p>\n","protected":false},"author":5,"featured_media":25751,"comment_status":"closed","ping_status":"open","sticky":false,"template":"","format":"standard","meta":{"_monsterinsights_skip_tracking":false,"_monsterinsights_sitenote_active":false,"_monsterinsights_sitenote_note":"","_monsterinsights_sitenote_category":0,"footnotes":""},"categories":[1],"tags":[],"class_list":["post-25741","post","type-post","status-publish","format-standard","has-post-thumbnail","hentry","category-sem-categoria"],"_links":{"self":[{"href":"https:\/\/pc.sc.gov.br\/index.php?rest_route=\/wp\/v2\/posts\/25741","targetHints":{"allow":["GET"]}}],"collection":[{"href":"https:\/\/pc.sc.gov.br\/index.php?rest_route=\/wp\/v2\/posts"}],"about":[{"href":"https:\/\/pc.sc.gov.br\/index.php?rest_route=\/wp\/v2\/types\/post"}],"author":[{"embeddable":true,"href":"https:\/\/pc.sc.gov.br\/index.php?rest_route=\/wp\/v2\/users\/5"}],"replies":[{"embeddable":true,"href":"https:\/\/pc.sc.gov.br\/index.php?rest_route=%2Fwp%2Fv2%2Fcomments&post=25741"}],"version-history":[{"count":13,"href":"https:\/\/pc.sc.gov.br\/index.php?rest_route=\/wp\/v2\/posts\/25741\/revisions"}],"predecessor-version":[{"id":25758,"href":"https:\/\/pc.sc.gov.br\/index.php?rest_route=\/wp\/v2\/posts\/25741\/revisions\/25758"}],"wp:featuredmedia":[{"embeddable":true,"href":"https:\/\/pc.sc.gov.br\/index.php?rest_route=\/wp\/v2\/media\/25751"}],"wp:attachment":[{"href":"https:\/\/pc.sc.gov.br\/index.php?rest_route=%2Fwp%2Fv2%2Fmedia&parent=25741"}],"wp:term":[{"taxonomy":"category","embeddable":true,"href":"https:\/\/pc.sc.gov.br\/index.php?rest_route=%2Fwp%2Fv2%2Fcategories&post=25741"},{"taxonomy":"post_tag","embeddable":true,"href":"https:\/\/pc.sc.gov.br\/index.php?rest_route=%2Fwp%2Fv2%2Ftags&post=25741"}],"curies":[{"name":"wp","href":"https:\/\/api.w.org\/{rel}","templated":true}]}}