{"id":25766,"date":"2025-01-08T18:28:56","date_gmt":"2025-01-08T21:28:56","guid":{"rendered":"https:\/\/pc.sc.gov.br\/?p=25766"},"modified":"2025-01-08T18:33:57","modified_gmt":"2025-01-08T21:33:57","slug":"drr-de-criciuma-prende-um-indicia-tres-investigados-por-roubos-de-veiculos-e-em-residencia","status":"publish","type":"post","link":"https:\/\/pc.sc.gov.br\/?p=25766","title":{"rendered":"DRR de Crici\u00fama prende um e indicia tr\u00eas investigados por roubos de ve\u00edculos e em resid\u00eancia"},"content":{"rendered":"\t\t<div data-elementor-type=\"wp-post\" data-elementor-id=\"25766\" class=\"elementor elementor-25766\" data-elementor-post-type=\"post\">\n\t\t\t\t\t\t<section class=\"elementor-section elementor-top-section elementor-element elementor-element-8083a89 elementor-section-boxed elementor-section-height-default elementor-section-height-default\" data-id=\"8083a89\" data-element_type=\"section\">\n\t\t\t\t\t\t<div class=\"elementor-container elementor-column-gap-default\">\n\t\t\t\t\t<div class=\"elementor-column elementor-col-100 elementor-top-column elementor-element elementor-element-22c0aa1\" data-id=\"22c0aa1\" data-element_type=\"column\">\n\t\t\t<div class=\"elementor-widget-wrap elementor-element-populated\">\n\t\t\t\t\t\t<div class=\"elementor-element elementor-element-f062091 elementor-widget elementor-widget-heading\" data-id=\"f062091\" data-element_type=\"widget\" data-widget_type=\"heading.default\">\n\t\t\t\t<div class=\"elementor-widget-container\">\n\t\t\t\t\t<h2 class=\"elementor-heading-title elementor-size-default\">DRR de Crici\u00fama prende um e indicia tr\u00eas investigados por roubos de ve\u00edculos e em resid\u00eancia no munic\u00edpio<\/h2>\t\t\t\t<\/div>\n\t\t\t\t<\/div>\n\t\t\t\t\t<\/div>\n\t\t<\/div>\n\t\t\t\t\t<\/div>\n\t\t<\/section>\n\t\t\t\t<section class=\"elementor-section elementor-top-section elementor-element elementor-element-2d4eaaa elementor-section-boxed elementor-section-height-default elementor-section-height-default\" data-id=\"2d4eaaa\" data-element_type=\"section\">\n\t\t\t\t\t\t<div class=\"elementor-container elementor-column-gap-default\">\n\t\t\t\t\t<div class=\"elementor-column elementor-col-100 elementor-top-column elementor-element elementor-element-0365af4\" data-id=\"0365af4\" data-element_type=\"column\">\n\t\t\t<div class=\"elementor-widget-wrap elementor-element-populated\">\n\t\t\t\t\t\t<div class=\"elementor-element elementor-element-429291f elementor-widget elementor-widget-image\" data-id=\"429291f\" data-element_type=\"widget\" data-widget_type=\"image.default\">\n\t\t\t\t<div class=\"elementor-widget-container\">\n\t\t\t\t\t\t\t\t\t\t\t\t\t\t\t<img fetchpriority=\"high\" decoding=\"async\" width=\"696\" height=\"449\" src=\"https:\/\/pc.sc.gov.br\/\/wp-content\/uploads\/2025\/01\/WhatsApp-Image-2025-01-08-at-18.12.12-1-1024x660.jpeg\" class=\"attachment-large size-large wp-image-25767\" alt=\"\" srcset=\"https:\/\/pc.sc.gov.br\/\/wp-content\/uploads\/2025\/01\/WhatsApp-Image-2025-01-08-at-18.12.12-1-1024x660.jpeg 1024w, https:\/\/pc.sc.gov.br\/\/wp-content\/uploads\/2025\/01\/WhatsApp-Image-2025-01-08-at-18.12.12-1-300x194.jpeg 300w, https:\/\/pc.sc.gov.br\/\/wp-content\/uploads\/2025\/01\/WhatsApp-Image-2025-01-08-at-18.12.12-1-768x495.jpeg 768w, https:\/\/pc.sc.gov.br\/\/wp-content\/uploads\/2025\/01\/WhatsApp-Image-2025-01-08-at-18.12.12-1.jpeg 1200w\" sizes=\"(max-width: 696px) 100vw, 696px\" \/>\t\t\t\t\t\t\t\t\t\t\t\t\t\t\t<\/div>\n\t\t\t\t<\/div>\n\t\t\t\t\t<\/div>\n\t\t<\/div>\n\t\t\t\t\t<\/div>\n\t\t<\/section>\n\t\t\t\t<section class=\"elementor-section elementor-top-section elementor-element elementor-element-6fbef4c elementor-section-boxed elementor-section-height-default elementor-section-height-default\" data-id=\"6fbef4c\" data-element_type=\"section\">\n\t\t\t\t\t\t<div class=\"elementor-container elementor-column-gap-default\">\n\t\t\t\t\t<div class=\"elementor-column elementor-col-100 elementor-top-column elementor-element elementor-element-99ed704\" data-id=\"99ed704\" data-element_type=\"column\">\n\t\t\t<div class=\"elementor-widget-wrap elementor-element-populated\">\n\t\t\t\t\t\t<div class=\"elementor-element elementor-element-1a4ee4c elementor-widget elementor-widget-text-editor\" data-id=\"1a4ee4c\" data-element_type=\"widget\" data-widget_type=\"text-editor.default\">\n\t\t\t\t<div class=\"elementor-widget-container\">\n\t\t\t\t\t\t\t\t\t<p>A Pol\u00edcia Civil de Santa Catarina, por meio da Delegacia de Repress\u00e3o a Roubos (DRR\/DIC Crici\u00fama), coordenada pelo Delegado Yuri Miqueluzzi, finalizou investiga\u00e7\u00f5es de roubos ocorridos em Crici\u00fama. Tr\u00eas homens foram identificados e indiciados, ap\u00f3s encerrado o trabalho policial. Um dos autores teve a pris\u00e3o preventiva decretada, sendo cumprida pela Pol\u00edcia Civil.<\/p><p>O primeiro fato criminoso ocorreu no bairro Vila Manaus, onde houve uma invas\u00e3o de resid\u00eancia para subtra\u00e7\u00e3o de objetos. Outros dois casos envolveram o roubo de autom\u00f3veis com uso de arma de fogo, nos bairros Santa Augusta e Pinheirinho. Os crimes foram registrados no segundo semestre do ano passado. Um dos autores foi preso pelos policiais civis ap\u00f3s requerimento de pris\u00e3o formalizado pela DRR\/DIC Crici\u00fama, respons\u00e1vel pela investiga\u00e7\u00e3o. A apura\u00e7\u00e3o contou com apoio do SAER e da Pol\u00edcia Cient\u00edfica.<\/p>\t\t\t\t\t\t\t\t<\/div>\n\t\t\t\t<\/div>\n\t\t\t\t\t<\/div>\n\t\t<\/div>\n\t\t\t\t\t<\/div>\n\t\t<\/section>\n\t\t\t\t<\/div>\n\t\t","protected":false},"excerpt":{"rendered":"<p>DRR de Crici\u00fama prende um e indicia tr\u00eas investigados por roubos de ve\u00edculos e em resid\u00eancia no munic\u00edpio A Pol\u00edcia Civil de Santa Catarina, por meio da Delegacia de Repress\u00e3o a Roubos (DRR\/DIC Crici\u00fama), coordenada pelo Delegado Yuri Miqueluzzi, finalizou investiga\u00e7\u00f5es de roubos ocorridos em Crici\u00fama. Tr\u00eas homens foram identificados e indiciados, ap\u00f3s encerrado o [&hellip;]<\/p>\n","protected":false},"author":5,"featured_media":25767,"comment_status":"closed","ping_status":"open","sticky":false,"template":"","format":"standard","meta":{"_monsterinsights_skip_tracking":false,"_monsterinsights_sitenote_active":false,"_monsterinsights_sitenote_note":"","_monsterinsights_sitenote_category":0,"footnotes":""},"categories":[1],"tags":[],"class_list":["post-25766","post","type-post","status-publish","format-standard","has-post-thumbnail","hentry","category-sem-categoria"],"_links":{"self":[{"href":"https:\/\/pc.sc.gov.br\/index.php?rest_route=\/wp\/v2\/posts\/25766","targetHints":{"allow":["GET"]}}],"collection":[{"href":"https:\/\/pc.sc.gov.br\/index.php?rest_route=\/wp\/v2\/posts"}],"about":[{"href":"https:\/\/pc.sc.gov.br\/index.php?rest_route=\/wp\/v2\/types\/post"}],"author":[{"embeddable":true,"href":"https:\/\/pc.sc.gov.br\/index.php?rest_route=\/wp\/v2\/users\/5"}],"replies":[{"embeddable":true,"href":"https:\/\/pc.sc.gov.br\/index.php?rest_route=%2Fwp%2Fv2%2Fcomments&post=25766"}],"version-history":[{"count":9,"href":"https:\/\/pc.sc.gov.br\/index.php?rest_route=\/wp\/v2\/posts\/25766\/revisions"}],"predecessor-version":[{"id":25776,"href":"https:\/\/pc.sc.gov.br\/index.php?rest_route=\/wp\/v2\/posts\/25766\/revisions\/25776"}],"wp:featuredmedia":[{"embeddable":true,"href":"https:\/\/pc.sc.gov.br\/index.php?rest_route=\/wp\/v2\/media\/25767"}],"wp:attachment":[{"href":"https:\/\/pc.sc.gov.br\/index.php?rest_route=%2Fwp%2Fv2%2Fmedia&parent=25766"}],"wp:term":[{"taxonomy":"category","embeddable":true,"href":"https:\/\/pc.sc.gov.br\/index.php?rest_route=%2Fwp%2Fv2%2Fcategories&post=25766"},{"taxonomy":"post_tag","embeddable":true,"href":"https:\/\/pc.sc.gov.br\/index.php?rest_route=%2Fwp%2Fv2%2Ftags&post=25766"}],"curies":[{"name":"wp","href":"https:\/\/api.w.org\/{rel}","templated":true}]}}