{"id":25802,"date":"2025-01-09T16:17:01","date_gmt":"2025-01-09T19:17:01","guid":{"rendered":"https:\/\/pc.sc.gov.br\/?p=25802"},"modified":"2025-01-10T18:23:48","modified_gmt":"2025-01-10T21:23:48","slug":"em-itapema-delegacia-de-repressao-as-drogas-da-deic-prende-condenado-que-estava-foragido-havia-dois-anos","status":"publish","type":"post","link":"https:\/\/pc.sc.gov.br\/?p=25802","title":{"rendered":"Em Itapema, Delegacia de Repress\u00e3o \u00e0s Drogas da DEIC prende condenado que estava foragido havia dois anos"},"content":{"rendered":"\t\t<div data-elementor-type=\"wp-post\" data-elementor-id=\"25802\" class=\"elementor elementor-25802\" data-elementor-post-type=\"post\">\n\t\t\t\t\t\t<section class=\"elementor-section elementor-top-section elementor-element elementor-element-f81acf8 elementor-section-boxed elementor-section-height-default elementor-section-height-default\" data-id=\"f81acf8\" data-element_type=\"section\">\n\t\t\t\t\t\t<div class=\"elementor-container elementor-column-gap-default\">\n\t\t\t\t\t<div class=\"elementor-column elementor-col-100 elementor-top-column elementor-element elementor-element-80ce76a\" data-id=\"80ce76a\" data-element_type=\"column\">\n\t\t\t<div class=\"elementor-widget-wrap elementor-element-populated\">\n\t\t\t\t\t\t<div class=\"elementor-element elementor-element-ddb0cad elementor-widget elementor-widget-heading\" data-id=\"ddb0cad\" data-element_type=\"widget\" data-widget_type=\"heading.default\">\n\t\t\t\t<div class=\"elementor-widget-container\">\n\t\t\t\t\t<h2 class=\"elementor-heading-title elementor-size-default\">Em Itapema, Delegacia de Repress\u00e3o \u00e0s Drogas da DEIC prende condenado que estava foragido havia dois anos<\/h2>\t\t\t\t<\/div>\n\t\t\t\t<\/div>\n\t\t\t\t\t<\/div>\n\t\t<\/div>\n\t\t\t\t\t<\/div>\n\t\t<\/section>\n\t\t\t\t<section class=\"elementor-section elementor-top-section elementor-element elementor-element-5c03e95 elementor-section-boxed elementor-section-height-default elementor-section-height-default\" data-id=\"5c03e95\" data-element_type=\"section\">\n\t\t\t\t\t\t<div class=\"elementor-container elementor-column-gap-default\">\n\t\t\t\t\t<div class=\"elementor-column elementor-col-100 elementor-top-column elementor-element elementor-element-0221cae\" data-id=\"0221cae\" data-element_type=\"column\">\n\t\t\t<div class=\"elementor-widget-wrap elementor-element-populated\">\n\t\t\t\t\t\t<div class=\"elementor-element elementor-element-ae31d94 elementor-widget elementor-widget-image\" data-id=\"ae31d94\" data-element_type=\"widget\" data-widget_type=\"image.default\">\n\t\t\t\t<div class=\"elementor-widget-container\">\n\t\t\t\t\t\t\t\t\t\t\t\t\t\t\t<img fetchpriority=\"high\" decoding=\"async\" width=\"696\" height=\"517\" src=\"https:\/\/pc.sc.gov.br\/\/wp-content\/uploads\/2024\/11\/a2dbb181-8fea-4491-9f21-ab050c390973-fotor-20240314152921.jpg\" class=\"attachment-large size-large wp-image-24763\" alt=\"\" srcset=\"https:\/\/pc.sc.gov.br\/\/wp-content\/uploads\/2024\/11\/a2dbb181-8fea-4491-9f21-ab050c390973-fotor-20240314152921.jpg 805w, https:\/\/pc.sc.gov.br\/\/wp-content\/uploads\/2024\/11\/a2dbb181-8fea-4491-9f21-ab050c390973-fotor-20240314152921-300x223.jpg 300w, https:\/\/pc.sc.gov.br\/\/wp-content\/uploads\/2024\/11\/a2dbb181-8fea-4491-9f21-ab050c390973-fotor-20240314152921-768x571.jpg 768w\" sizes=\"(max-width: 696px) 100vw, 696px\" \/>\t\t\t\t\t\t\t\t\t\t\t\t\t\t\t<\/div>\n\t\t\t\t<\/div>\n\t\t\t\t\t<\/div>\n\t\t<\/div>\n\t\t\t\t\t<\/div>\n\t\t<\/section>\n\t\t\t\t<section class=\"elementor-section elementor-top-section elementor-element elementor-element-c947d78 elementor-section-boxed elementor-section-height-default elementor-section-height-default\" data-id=\"c947d78\" data-element_type=\"section\">\n\t\t\t\t\t\t<div class=\"elementor-container elementor-column-gap-default\">\n\t\t\t\t\t<div class=\"elementor-column elementor-col-100 elementor-top-column elementor-element elementor-element-7127b38\" data-id=\"7127b38\" data-element_type=\"column\">\n\t\t\t<div class=\"elementor-widget-wrap elementor-element-populated\">\n\t\t\t\t\t\t<div class=\"elementor-element elementor-element-026804d elementor-widget elementor-widget-text-editor\" data-id=\"026804d\" data-element_type=\"widget\" data-widget_type=\"text-editor.default\">\n\t\t\t\t<div class=\"elementor-widget-container\">\n\t\t\t\t\t\t\t\t\t<p>A Pol\u00edcia Civil de Santa Catarina, por meio da Delegacia de Repress\u00e3o \u00e0s Drogas (DRD\/DEIC), deu cumprimento a um mandado de pris\u00e3o preventiva no in\u00edcio da tarde desta quinta-feira, 09\/01\/2025, em Itapema\/SC.<\/p><p>O indiv\u00edduo, que foi investigado pela DEIC, integrava uma associa\u00e7\u00e3o para o tr\u00e1fico especializada no transporte interestadual de drogas e foi condenado pela segunda vez em 23\/02\/2024, mas j\u00e1 estava foragido desde 16\/03\/2023, h\u00e1 quase dois anos.<\/p><p>O condenado, que \u00e9 natural de S\u00e3o Jos\u00e9\/SC, foi localizado enquanto treinava em uma academia de muscula\u00e7\u00e3o no munic\u00edpio de Itapema, onde utilizou nome falso para cadastro. Ao deixar a academia, foi surpreendido e capturado pelos investigadores da Pol\u00edcia Civil. A a\u00e7\u00e3o contou com o apoio da Delegacia de Pol\u00edcia da Comarca de Itapema. A opera\u00e7\u00e3o foi coordenada pelo Delegado Arthur Lopes, titular da DRD\/DEIC.<\/p>\t\t\t\t\t\t\t\t<\/div>\n\t\t\t\t<\/div>\n\t\t\t\t\t<\/div>\n\t\t<\/div>\n\t\t\t\t\t<\/div>\n\t\t<\/section>\n\t\t\t\t<\/div>\n\t\t","protected":false},"excerpt":{"rendered":"<p>Em Itapema, Delegacia de Repress\u00e3o \u00e0s Drogas da DEIC prende condenado que estava foragido havia dois anos A Pol\u00edcia Civil de Santa Catarina, por meio da Delegacia de Repress\u00e3o \u00e0s Drogas (DRD\/DEIC), deu cumprimento a um mandado de pris\u00e3o preventiva no in\u00edcio da tarde desta quinta-feira, 09\/01\/2025, em Itapema\/SC. O indiv\u00edduo, que foi investigado pela [&hellip;]<\/p>\n","protected":false},"author":5,"featured_media":22493,"comment_status":"closed","ping_status":"open","sticky":false,"template":"","format":"standard","meta":{"_monsterinsights_skip_tracking":false,"_monsterinsights_sitenote_active":false,"_monsterinsights_sitenote_note":"","_monsterinsights_sitenote_category":0,"footnotes":""},"categories":[1],"tags":[],"class_list":["post-25802","post","type-post","status-publish","format-standard","has-post-thumbnail","hentry","category-sem-categoria"],"_links":{"self":[{"href":"https:\/\/pc.sc.gov.br\/index.php?rest_route=\/wp\/v2\/posts\/25802","targetHints":{"allow":["GET"]}}],"collection":[{"href":"https:\/\/pc.sc.gov.br\/index.php?rest_route=\/wp\/v2\/posts"}],"about":[{"href":"https:\/\/pc.sc.gov.br\/index.php?rest_route=\/wp\/v2\/types\/post"}],"author":[{"embeddable":true,"href":"https:\/\/pc.sc.gov.br\/index.php?rest_route=\/wp\/v2\/users\/5"}],"replies":[{"embeddable":true,"href":"https:\/\/pc.sc.gov.br\/index.php?rest_route=%2Fwp%2Fv2%2Fcomments&post=25802"}],"version-history":[{"count":4,"href":"https:\/\/pc.sc.gov.br\/index.php?rest_route=\/wp\/v2\/posts\/25802\/revisions"}],"predecessor-version":[{"id":25810,"href":"https:\/\/pc.sc.gov.br\/index.php?rest_route=\/wp\/v2\/posts\/25802\/revisions\/25810"}],"wp:featuredmedia":[{"embeddable":true,"href":"https:\/\/pc.sc.gov.br\/index.php?rest_route=\/wp\/v2\/media\/22493"}],"wp:attachment":[{"href":"https:\/\/pc.sc.gov.br\/index.php?rest_route=%2Fwp%2Fv2%2Fmedia&parent=25802"}],"wp:term":[{"taxonomy":"category","embeddable":true,"href":"https:\/\/pc.sc.gov.br\/index.php?rest_route=%2Fwp%2Fv2%2Fcategories&post=25802"},{"taxonomy":"post_tag","embeddable":true,"href":"https:\/\/pc.sc.gov.br\/index.php?rest_route=%2Fwp%2Fv2%2Ftags&post=25802"}],"curies":[{"name":"wp","href":"https:\/\/api.w.org\/{rel}","templated":true}]}}