{"id":25832,"date":"2025-01-10T13:59:26","date_gmt":"2025-01-10T16:59:26","guid":{"rendered":"https:\/\/pc.sc.gov.br\/?p=25832"},"modified":"2025-01-10T14:00:23","modified_gmt":"2025-01-10T17:00:23","slug":"policia-civil-apreende-em-flagrante-adolescente-por-trafico-de-drogas-no-bairro-canasvieiras-na-capital","status":"publish","type":"post","link":"https:\/\/pc.sc.gov.br\/?p=25832","title":{"rendered":"Pol\u00edcia Civil apreende em flagrante adolescente por tr\u00e1fico de drogas no bairro Canasvieiras na Capital"},"content":{"rendered":"\t\t<div data-elementor-type=\"wp-post\" data-elementor-id=\"25832\" class=\"elementor elementor-25832\" data-elementor-post-type=\"post\">\n\t\t\t\t\t\t<section class=\"elementor-section elementor-top-section elementor-element elementor-element-19ed8cf elementor-section-boxed elementor-section-height-default elementor-section-height-default\" data-id=\"19ed8cf\" data-element_type=\"section\">\n\t\t\t\t\t\t<div class=\"elementor-container elementor-column-gap-default\">\n\t\t\t\t\t<div class=\"elementor-column elementor-col-100 elementor-top-column elementor-element elementor-element-d36a822\" data-id=\"d36a822\" data-element_type=\"column\">\n\t\t\t<div class=\"elementor-widget-wrap elementor-element-populated\">\n\t\t\t\t\t\t<div class=\"elementor-element elementor-element-20c1eb5 elementor-widget elementor-widget-heading\" data-id=\"20c1eb5\" data-element_type=\"widget\" data-widget_type=\"heading.default\">\n\t\t\t\t<div class=\"elementor-widget-container\">\n\t\t\t\t\t<h2 class=\"elementor-heading-title elementor-size-default\">Pol\u00edcia Civil apreende em flagrante adolescente por tr\u00e1fico de drogas no bairro Canasvieiras na Capital<\/h2>\t\t\t\t<\/div>\n\t\t\t\t<\/div>\n\t\t\t\t\t<\/div>\n\t\t<\/div>\n\t\t\t\t\t<\/div>\n\t\t<\/section>\n\t\t\t\t<section class=\"elementor-section elementor-top-section elementor-element elementor-element-53cb4a2 elementor-section-boxed elementor-section-height-default elementor-section-height-default\" data-id=\"53cb4a2\" data-element_type=\"section\">\n\t\t\t\t\t\t<div class=\"elementor-container elementor-column-gap-default\">\n\t\t\t\t\t<div class=\"elementor-column elementor-col-100 elementor-top-column elementor-element elementor-element-e38835a\" data-id=\"e38835a\" data-element_type=\"column\">\n\t\t\t<div class=\"elementor-widget-wrap elementor-element-populated\">\n\t\t\t\t\t\t<div class=\"elementor-element elementor-element-b8f92a7 elementor-widget elementor-widget-image\" data-id=\"b8f92a7\" data-element_type=\"widget\" data-widget_type=\"image.default\">\n\t\t\t\t<div class=\"elementor-widget-container\">\n\t\t\t\t\t\t\t\t\t\t\t\t\t\t\t<img fetchpriority=\"high\" decoding=\"async\" width=\"696\" height=\"504\" src=\"https:\/\/pc.sc.gov.br\/\/wp-content\/uploads\/2024\/11\/WhatsApp-Image-2024-10-23-at-20.23.01-1-1024x742.jpeg\" class=\"attachment-large size-large wp-image-24785\" alt=\"\" srcset=\"https:\/\/pc.sc.gov.br\/\/wp-content\/uploads\/2024\/11\/WhatsApp-Image-2024-10-23-at-20.23.01-1-1024x742.jpeg 1024w, https:\/\/pc.sc.gov.br\/\/wp-content\/uploads\/2024\/11\/WhatsApp-Image-2024-10-23-at-20.23.01-1-300x217.jpeg 300w, https:\/\/pc.sc.gov.br\/\/wp-content\/uploads\/2024\/11\/WhatsApp-Image-2024-10-23-at-20.23.01-1-768x556.jpeg 768w, https:\/\/pc.sc.gov.br\/\/wp-content\/uploads\/2024\/11\/WhatsApp-Image-2024-10-23-at-20.23.01-1.jpeg 1179w\" sizes=\"(max-width: 696px) 100vw, 696px\" \/>\t\t\t\t\t\t\t\t\t\t\t\t\t\t\t<\/div>\n\t\t\t\t<\/div>\n\t\t\t\t\t<\/div>\n\t\t<\/div>\n\t\t\t\t\t<\/div>\n\t\t<\/section>\n\t\t\t\t<section class=\"elementor-section elementor-top-section elementor-element elementor-element-e7b6ed3 elementor-section-boxed elementor-section-height-default elementor-section-height-default\" data-id=\"e7b6ed3\" data-element_type=\"section\">\n\t\t\t\t\t\t<div class=\"elementor-container elementor-column-gap-default\">\n\t\t\t\t\t<div class=\"elementor-column elementor-col-100 elementor-top-column elementor-element elementor-element-23bbb26\" data-id=\"23bbb26\" data-element_type=\"column\">\n\t\t\t<div class=\"elementor-widget-wrap elementor-element-populated\">\n\t\t\t\t\t\t<div class=\"elementor-element elementor-element-9bd8abe elementor-widget elementor-widget-text-editor\" data-id=\"9bd8abe\" data-element_type=\"widget\" data-widget_type=\"text-editor.default\">\n\t\t\t\t<div class=\"elementor-widget-container\">\n\t\t\t\t\t\t\t\t\t<p>A Pol\u00edcia Civil de Santa Catarina, por meio da Delegacia de Combate \u00e0s Drogas do Departamento de Investiga\u00e7\u00e3o Criminal de Florian\u00f3polis (DECOD\/DIC), realizou uma opera\u00e7\u00e3o que culminou na apreens\u00e3o de um adolescente, menor de idade, em flagrante delito, enquanto comercializava entorpecentes no bairro Canasvieiras, na Capital. A regi\u00e3o \u00e9 conhecida por sua intensa movimenta\u00e7\u00e3o durante o ver\u00e3o, sendo frequentada por turistas nacionais e estrangeiros.<\/p><p>A abordagem foi resultado de investiga\u00e7\u00f5es anteriores que apontavam o adolescente como um dos principais operadores das atividades criminosas relacionadas ao tr\u00e1fico de drogas na localidade. Ao perceber a presen\u00e7a dos agentes, o suspeito tentou fugir. Mesmo diante da resist\u00eancia, o adolescente foi contido pela equipe da DECOD.<\/p><p>Por ser menor de idade, o adolescente foi conduzido \u00e0 Delegacia Especializada para os procedimentos cab\u00edveis. Durante a apura\u00e7\u00e3o, constatou-se que ele possu\u00eda mais de 40 registros policiais por crimes diversos, incluindo envolvimento em homic\u00eddios.<\/p><p>A investiga\u00e7\u00e3o que precedeu a opera\u00e7\u00e3o forneceu subs\u00eddios para que a autoridade policial representasse pela apreens\u00e3o do menor, agora tamb\u00e9m responsabilizado pelos crimes de resist\u00eancia e amea\u00e7a, al\u00e9m das infra\u00e7\u00f5es relacionadas ao tr\u00e1fico de entorpecentes.<\/p><p>A DECOD reitera o convite \u00e0 popula\u00e7\u00e3o para que participe. As informa\u00e7\u00f5es podem ser enviadas anonimamente por meio do n\u00famero 181, pelo WhatsApp da Pol\u00edcia Civil de Santa Catarina (48 98844-0011), ou diretamente \u00e0 DECOD.<\/p>\t\t\t\t\t\t\t\t<\/div>\n\t\t\t\t<\/div>\n\t\t\t\t\t<\/div>\n\t\t<\/div>\n\t\t\t\t\t<\/div>\n\t\t<\/section>\n\t\t\t\t<\/div>\n\t\t","protected":false},"excerpt":{"rendered":"<p>Pol\u00edcia Civil apreende em flagrante adolescente por tr\u00e1fico de drogas no bairro Canasvieiras na Capital A Pol\u00edcia Civil de Santa Catarina, por meio da Delegacia de Combate \u00e0s Drogas do Departamento de Investiga\u00e7\u00e3o Criminal de Florian\u00f3polis (DECOD\/DIC), realizou uma opera\u00e7\u00e3o que culminou na apreens\u00e3o de um adolescente, menor de idade, em flagrante delito, enquanto comercializava [&hellip;]<\/p>\n","protected":false},"author":5,"featured_media":24517,"comment_status":"closed","ping_status":"open","sticky":false,"template":"","format":"standard","meta":{"_monsterinsights_skip_tracking":false,"_monsterinsights_sitenote_active":false,"_monsterinsights_sitenote_note":"","_monsterinsights_sitenote_category":0,"footnotes":""},"categories":[1],"tags":[],"class_list":["post-25832","post","type-post","status-publish","format-standard","has-post-thumbnail","hentry","category-sem-categoria"],"_links":{"self":[{"href":"https:\/\/pc.sc.gov.br\/index.php?rest_route=\/wp\/v2\/posts\/25832","targetHints":{"allow":["GET"]}}],"collection":[{"href":"https:\/\/pc.sc.gov.br\/index.php?rest_route=\/wp\/v2\/posts"}],"about":[{"href":"https:\/\/pc.sc.gov.br\/index.php?rest_route=\/wp\/v2\/types\/post"}],"author":[{"embeddable":true,"href":"https:\/\/pc.sc.gov.br\/index.php?rest_route=\/wp\/v2\/users\/5"}],"replies":[{"embeddable":true,"href":"https:\/\/pc.sc.gov.br\/index.php?rest_route=%2Fwp%2Fv2%2Fcomments&post=25832"}],"version-history":[{"count":4,"href":"https:\/\/pc.sc.gov.br\/index.php?rest_route=\/wp\/v2\/posts\/25832\/revisions"}],"predecessor-version":[{"id":25836,"href":"https:\/\/pc.sc.gov.br\/index.php?rest_route=\/wp\/v2\/posts\/25832\/revisions\/25836"}],"wp:featuredmedia":[{"embeddable":true,"href":"https:\/\/pc.sc.gov.br\/index.php?rest_route=\/wp\/v2\/media\/24517"}],"wp:attachment":[{"href":"https:\/\/pc.sc.gov.br\/index.php?rest_route=%2Fwp%2Fv2%2Fmedia&parent=25832"}],"wp:term":[{"taxonomy":"category","embeddable":true,"href":"https:\/\/pc.sc.gov.br\/index.php?rest_route=%2Fwp%2Fv2%2Fcategories&post=25832"},{"taxonomy":"post_tag","embeddable":true,"href":"https:\/\/pc.sc.gov.br\/index.php?rest_route=%2Fwp%2Fv2%2Ftags&post=25832"}],"curies":[{"name":"wp","href":"https:\/\/api.w.org\/{rel}","templated":true}]}}