{"id":25890,"date":"2025-01-13T18:32:41","date_gmt":"2025-01-13T21:32:41","guid":{"rendered":"https:\/\/pc.sc.gov.br\/?p=25890"},"modified":"2025-01-13T18:34:35","modified_gmt":"2025-01-13T21:34:35","slug":"em-itapema-pcsc-lanca-a-segunda-etapa-da-operacao-estacao-verao-com-o-reforco-do-efetivo-e-acoes-de-preventivas-de-seguranca","status":"publish","type":"post","link":"https:\/\/pc.sc.gov.br\/?p=25890","title":{"rendered":"Em Itapema, PCSC lan\u00e7a a segunda etapa da Opera\u00e7\u00e3o Esta\u00e7\u00e3o Ver\u00e3o com o refor\u00e7o do efetivo e a\u00e7\u00f5es de preventivas de seguran\u00e7a"},"content":{"rendered":"\t\t<div data-elementor-type=\"wp-post\" data-elementor-id=\"25890\" class=\"elementor elementor-25890\" data-elementor-post-type=\"post\">\n\t\t\t\t\t\t<section class=\"elementor-section elementor-top-section elementor-element elementor-element-ef99d24 elementor-section-boxed elementor-section-height-default elementor-section-height-default\" data-id=\"ef99d24\" data-element_type=\"section\">\n\t\t\t\t\t\t<div class=\"elementor-container elementor-column-gap-default\">\n\t\t\t\t\t<div class=\"elementor-column elementor-col-100 elementor-top-column elementor-element elementor-element-332a680\" data-id=\"332a680\" data-element_type=\"column\">\n\t\t\t<div class=\"elementor-widget-wrap elementor-element-populated\">\n\t\t\t\t\t\t<div class=\"elementor-element elementor-element-daaabdf elementor-widget elementor-widget-heading\" data-id=\"daaabdf\" data-element_type=\"widget\" data-widget_type=\"heading.default\">\n\t\t\t\t<div class=\"elementor-widget-container\">\n\t\t\t\t\t<h2 class=\"elementor-heading-title elementor-size-default\">Em Itapema, PCSC lan\u00e7a a segunda etapa da Opera\u00e7\u00e3o Esta\u00e7\u00e3o Ver\u00e3o com o refor\u00e7o do efetivo e a\u00e7\u00f5es de preventivas de seguran\u00e7a<\/h2>\t\t\t\t<\/div>\n\t\t\t\t<\/div>\n\t\t\t\t\t<\/div>\n\t\t<\/div>\n\t\t\t\t\t<\/div>\n\t\t<\/section>\n\t\t\t\t<section class=\"elementor-section elementor-top-section elementor-element elementor-element-11c5b66 elementor-section-boxed elementor-section-height-default elementor-section-height-default\" data-id=\"11c5b66\" data-element_type=\"section\">\n\t\t\t\t\t\t<div class=\"elementor-container elementor-column-gap-default\">\n\t\t\t\t\t<div class=\"elementor-column elementor-col-100 elementor-top-column elementor-element elementor-element-34f4d1b\" data-id=\"34f4d1b\" data-element_type=\"column\">\n\t\t\t<div class=\"elementor-widget-wrap elementor-element-populated\">\n\t\t\t\t\t\t<div class=\"elementor-element elementor-element-06219ad elementor-widget elementor-widget-image\" data-id=\"06219ad\" data-element_type=\"widget\" data-widget_type=\"image.default\">\n\t\t\t\t<div class=\"elementor-widget-container\">\n\t\t\t\t\t\t\t\t\t\t\t\t\t\t\t<img fetchpriority=\"high\" decoding=\"async\" width=\"696\" height=\"464\" src=\"https:\/\/pc.sc.gov.br\/\/wp-content\/uploads\/2025\/01\/IMG_0626-1024x683.jpg\" class=\"attachment-large size-large wp-image-25898\" alt=\"\" srcset=\"https:\/\/pc.sc.gov.br\/\/wp-content\/uploads\/2025\/01\/IMG_0626-1024x683.jpg 1024w, https:\/\/pc.sc.gov.br\/\/wp-content\/uploads\/2025\/01\/IMG_0626-300x200.jpg 300w, https:\/\/pc.sc.gov.br\/\/wp-content\/uploads\/2025\/01\/IMG_0626-768x512.jpg 768w, https:\/\/pc.sc.gov.br\/\/wp-content\/uploads\/2025\/01\/IMG_0626-1536x1024.jpg 1536w, https:\/\/pc.sc.gov.br\/\/wp-content\/uploads\/2025\/01\/IMG_0626-2048x1365.jpg 2048w\" sizes=\"(max-width: 696px) 100vw, 696px\" \/>\t\t\t\t\t\t\t\t\t\t\t\t\t\t\t<\/div>\n\t\t\t\t<\/div>\n\t\t\t\t\t<\/div>\n\t\t<\/div>\n\t\t\t\t\t<\/div>\n\t\t<\/section>\n\t\t\t\t<section class=\"elementor-section elementor-top-section elementor-element elementor-element-16c0372 elementor-section-boxed elementor-section-height-default elementor-section-height-default\" data-id=\"16c0372\" data-element_type=\"section\">\n\t\t\t\t\t\t<div class=\"elementor-container elementor-column-gap-default\">\n\t\t\t\t\t<div class=\"elementor-column elementor-col-100 elementor-top-column elementor-element elementor-element-024006a\" data-id=\"024006a\" data-element_type=\"column\">\n\t\t\t<div class=\"elementor-widget-wrap elementor-element-populated\">\n\t\t\t\t\t\t<div class=\"elementor-element elementor-element-e776c61 elementor-widget elementor-widget-text-editor\" data-id=\"e776c61\" data-element_type=\"widget\" data-widget_type=\"text-editor.default\">\n\t\t\t\t<div class=\"elementor-widget-container\">\n\t\t\t\t\t\t\t\t\t<p>A Pol\u00edcia Civil de Santa Catarina apresentou nesta segunda-feira, 13, em Itapema, os 27 policiais civis que atuar\u00e3o nas delegacias dos munic\u00edpios integrantes da Delegacia Regional de Pol\u00edcia (DRP) de Balne\u00e1rio Cambori\u00fa. O efetivo de Itapema ganhou refor\u00e7o com mais sete policiais civis para atender as demandas neste per\u00edodo de alta temporada. Ao todo, a Pol\u00edcia Civil de Santa Catarina mobilizou 1,6 mil policiais para atuar ao longo da Esta\u00e7\u00e3o Ver\u00e3o, que termina dia 04 de mar\u00e7o.\u00a0<\/p><p>O ato contou coma presen\u00e7a do delegado-geral da PCSC, Ulisses Gabriel; do prefeito de Itapema, Alexandre Xepa; do Diretor de Pol\u00edcia do Litoral, delegado Fabio Os\u00f3rio; do Delegado Aden Klaus, da Delegacia de Itapema, representantes da PMSC, e Bombeiro Militar, entre outras autoridades. O Servi\u00e7o Aeropolicial (SAER) da PCSC e a Coordenadoria de Opera\u00e7\u00f5es e Recursos Especiais (CORE) e o N\u00facleo de Opera\u00e7\u00f5es com C\u00e3es tamb\u00e9m participaram do evento.<\/p><p>Coordenada pelo Governo do Estado, a Esta\u00e7\u00e3o Ver\u00e3o envolve a\u00e7\u00f5es de todos os \u00f3rg\u00e3os do governo ao longo da temporada para a prote\u00e7\u00e3o dos veranistas. No \u00e2mbito da PCSC, a opera\u00e7\u00e3o Esta\u00e7\u00e3o Ver\u00e3o divide-se em quatro per\u00edodos. Os policiais apresentados na solenidade desta segunda-feira atuar\u00e3o no segundo per\u00edodo da opera\u00e7\u00e3o, substituindo os policiais que integraram o primeiro per\u00edodo, que iniciou no dia 20 de dezembro de 2024 e foi at\u00e9 o dia 10 de janeiro deste ano.\u00a0<\/p><p>Dessa forma, no total, durante toda a opera\u00e7\u00e3o, que vai at\u00e9 o dia 04 de mar\u00e7o deste ano, 32 policiais civis atuar\u00e3o especificamente em Itapema. No total 108 policiais civis refor\u00e7am o efetivo munic\u00edpios integrantes da DRP de Balne\u00e1rio Cambori\u00fa.\u00a0\u00a0<\/p><p>De acordo com o delegado-geral da PCSC, Ulisses Gabriel, a institui\u00e7\u00e3o est\u00e1 mobilizada manter Santa Catarina como o estado mais seguro do Brasil. \u201cCriamos um planejamento estrat\u00e9gico para dimensionar as necessidades de atendimento nos locais onde h\u00e1 maior fluxo de visitantes, ao longo do nosso litoral, sem comprometer o atendimento das delegacias de pol\u00edcia em todo o nosso estado\u201d, assinalou.<\/p><p>O prefeito de Itapema destacou a import\u00e2ncia da parceria com a Pol\u00edcia Civil para o munic\u00edpio de Itapema. Disse ainda que j\u00e1 alinhou com o delegado-geral outras a\u00e7\u00f5es de combate \u00e0 criminalidade, al\u00e9m do refor\u00e7o de uma estrutura de combate \u00e0 corrup\u00e7\u00e3o.<\/p><p>A participa\u00e7\u00e3o da PCSC na opera\u00e7\u00e3o \u201cEsta\u00e7\u00e3o Ver\u00e3o\u201d tem como objetivo promover diversas a\u00e7\u00f5es no \u00e2mbito da seguran\u00e7a p\u00fablica, objetivando uma resposta r\u00e1pida e efetiva para o cidad\u00e3o v\u00edtima de algum tipo de crime, refor\u00e7ando a seguran\u00e7a de todos nas praias catarinenses. Importante destacar que os policiais civis, al\u00e9m dos registros de ocorr\u00eancia, tamb\u00e9m refor\u00e7am as equipes de investiga\u00e7\u00e3o, entre outras a\u00e7\u00f5es espec\u00edficas, com o fim de levar uma pronta resposta \u00e0 sociedade catarinense e aos turistas.<\/p><p>A PCSC tamb\u00e9m desenvolve a\u00e7\u00f5es preventivas de seguran\u00e7a como, por exemplo, o Ver\u00e3o Seguro. Trata-se da distribui\u00e7\u00e3o de pulseirinhas de identifica\u00e7\u00e3o para crian\u00e7as e pessoas com defici\u00eancia, a fim de facilitar a localiza\u00e7\u00e3o dos respons\u00e1veis, caso a crian\u00e7a se perca dos pais em locais movimentados. As pulseirinhas est\u00e3o sendo entregues Os policiais civis tamb\u00e9m orientam os pais com dicas de seguran\u00e7a em todo litoral, praias, pra\u00e7as, shopping centers e locais p\u00fablicos durante a esta\u00e7\u00e3o ver\u00e3o 2024-2025.<\/p><p>Os policiais tamb\u00e9m utilizam quadriciclos para facilitar a mobilidade em toda a extens\u00e3o da faixa de areia, entrega de distintivos de policiais mirins para as crian\u00e7as, com o objetivo de aproximar a comunidade da institui\u00e7\u00e3o policial. Importante destacar que a integra\u00e7\u00e3o da PCSC ao Centro de Controle Operacional de Balne\u00e1rio Cambori\u00fa, com as demais for\u00e7as de seguran\u00e7a.<\/p>\t\t\t\t\t\t\t\t<\/div>\n\t\t\t\t<\/div>\n\t\t\t\t\t<\/div>\n\t\t<\/div>\n\t\t\t\t\t<\/div>\n\t\t<\/section>\n\t\t\t\t<section class=\"elementor-section elementor-top-section elementor-element elementor-element-d30b67a elementor-section-boxed elementor-section-height-default elementor-section-height-default\" data-id=\"d30b67a\" data-element_type=\"section\">\n\t\t\t\t\t\t<div class=\"elementor-container elementor-column-gap-default\">\n\t\t\t\t\t<div class=\"elementor-column elementor-col-100 elementor-top-column elementor-element elementor-element-17c1dc4\" data-id=\"17c1dc4\" data-element_type=\"column\">\n\t\t\t<div class=\"elementor-widget-wrap elementor-element-populated\">\n\t\t\t\t\t\t<div class=\"elementor-element elementor-element-5e5ad30 elementor-widget elementor-widget-gallery\" data-id=\"5e5ad30\" data-element_type=\"widget\" data-settings=\"{&quot;lazyload&quot;:&quot;yes&quot;,&quot;gallery_layout&quot;:&quot;grid&quot;,&quot;columns&quot;:4,&quot;columns_tablet&quot;:2,&quot;columns_mobile&quot;:1,&quot;gap&quot;:{&quot;unit&quot;:&quot;px&quot;,&quot;size&quot;:10,&quot;sizes&quot;:[]},&quot;gap_tablet&quot;:{&quot;unit&quot;:&quot;px&quot;,&quot;size&quot;:10,&quot;sizes&quot;:[]},&quot;gap_mobile&quot;:{&quot;unit&quot;:&quot;px&quot;,&quot;size&quot;:10,&quot;sizes&quot;:[]},&quot;link_to&quot;:&quot;file&quot;,&quot;aspect_ratio&quot;:&quot;3:2&quot;,&quot;show_all_galleries&quot;:&quot;yes&quot;,&quot;overlay_background&quot;:&quot;yes&quot;,&quot;content_hover_animation&quot;:&quot;fade-in&quot;}\" data-widget_type=\"gallery.default\">\n\t\t\t\t<div class=\"elementor-widget-container\">\n\t\t\t\t\t\t\t\t<div class=\"elementor-gallery__titles-container e--pointer-underline e--animation-fade\" aria-label=\"Gallery filter\">\n\t\t\t\t\t\t\t\t\t<a class=\"elementor-item elementor-gallery-title\" role=\"button\" tabindex=\"0\" data-gallery-index=\"all\">\n\t\t\t\t\t\tAll\t\t\t\t\t<\/a>\n\t\t\t\t\n\t\t\t\t\t\t\t\t\t<a class=\"elementor-item elementor-gallery-title\" role=\"button\" tabindex=\"0\" data-gallery-index=\"0\">\n\t\t\t\t\t\t\t\t\t\t\t<\/a>\n\t\t\t\t\t\t\t\t\t\t<a class=\"elementor-item elementor-gallery-title\" role=\"button\" tabindex=\"0\" data-gallery-index=\"1\">\n\t\t\t\t\t\t\t\t\t\t\t<\/a>\n\t\t\t\t\t\t\t\t\t\t<a class=\"elementor-item elementor-gallery-title\" role=\"button\" tabindex=\"0\" data-gallery-index=\"2\">\n\t\t\t\t\t\t\t\t\t\t\t<\/a>\n\t\t\t\t\t\t\t\t\t\t<a class=\"elementor-item elementor-gallery-title\" role=\"button\" tabindex=\"0\" data-gallery-index=\"3\">\n\t\t\t\t\t\t\t\t\t\t\t<\/a>\n\t\t\t\t\t\t\t\t\t\t<a class=\"elementor-item elementor-gallery-title\" role=\"button\" tabindex=\"0\" data-gallery-index=\"4\">\n\t\t\t\t\t\t\t\t\t\t\t<\/a>\n\t\t\t\t\t\t\t\t\t\t<a class=\"elementor-item elementor-gallery-title\" role=\"button\" tabindex=\"0\" data-gallery-index=\"5\">\n\t\t\t\t\t\t\t\t\t\t\t<\/a>\n\t\t\t\t\t\t\t\t\t\t<a class=\"elementor-item elementor-gallery-title\" role=\"button\" tabindex=\"0\" data-gallery-index=\"6\">\n\t\t\t\t\t\t\t\t\t\t\t<\/a>\n\t\t\t\t\t\t\t\t<\/div>\n\t\t\t\t\t<div class=\"elementor-gallery__container\">\n\t\t\t\t\t\t\t<a class=\"e-gallery-item elementor-gallery-item elementor-animated-content\" data-e-gallery-tags=\"0\" href=\"https:\/\/pc.sc.gov.br\/\/wp-content\/uploads\/2025\/01\/ITA-DEL-ADEN-scaled.jpg\" data-elementor-open-lightbox=\"yes\" data-elementor-lightbox-slideshow=\"5e5ad30\" data-elementor-lightbox-title=\"ITA DEL ADEN\" data-e-action-hash=\"#elementor-action%3Aaction%3Dlightbox%26settings%3DeyJpZCI6MjU4OTYsInVybCI6Imh0dHBzOlwvXC9wYy5zYy5nb3YuYnJcL1wvd3AtY29udGVudFwvdXBsb2Fkc1wvMjAyNVwvMDFcL0lUQS1ERUwtQURFTi1zY2FsZWQuanBnIiwic2xpZGVzaG93IjoiNWU1YWQzMCJ9\">\n\t\t\t\t\t<div class=\"e-gallery-image elementor-gallery-item__image\" data-thumbnail=\"https:\/\/pc.sc.gov.br\/\/wp-content\/uploads\/2025\/01\/ITA-DEL-ADEN-300x200.jpg\" data-width=\"300\" data-height=\"200\" aria-label=\"\" role=\"img\" ><\/div>\n\t\t\t\t\t\t\t\t\t\t\t<div class=\"elementor-gallery-item__overlay\"><\/div>\n\t\t\t\t\t\t\t\t\t\t\t\t\t\t<\/a>\n\t\t\t\t\t\t\t<a class=\"e-gallery-item elementor-gallery-item elementor-animated-content\" data-e-gallery-tags=\"0\" href=\"https:\/\/pc.sc.gov.br\/\/wp-content\/uploads\/2025\/01\/ITA-DEL-OSORIO-scaled.jpg\" data-elementor-open-lightbox=\"yes\" data-elementor-lightbox-slideshow=\"5e5ad30\" data-elementor-lightbox-title=\"ITA DEL OSORIO\" data-e-action-hash=\"#elementor-action%3Aaction%3Dlightbox%26settings%3DeyJpZCI6MjU4OTUsInVybCI6Imh0dHBzOlwvXC9wYy5zYy5nb3YuYnJcL1wvd3AtY29udGVudFwvdXBsb2Fkc1wvMjAyNVwvMDFcL0lUQS1ERUwtT1NPUklPLXNjYWxlZC5qcGciLCJzbGlkZXNob3ciOiI1ZTVhZDMwIn0%3D\">\n\t\t\t\t\t<div class=\"e-gallery-image elementor-gallery-item__image\" data-thumbnail=\"https:\/\/pc.sc.gov.br\/\/wp-content\/uploads\/2025\/01\/ITA-DEL-OSORIO-300x200.jpg\" data-width=\"300\" data-height=\"200\" aria-label=\"\" role=\"img\" ><\/div>\n\t\t\t\t\t\t\t\t\t\t\t<div class=\"elementor-gallery-item__overlay\"><\/div>\n\t\t\t\t\t\t\t\t\t\t\t\t\t\t<\/a>\n\t\t\t\t\t\t\t<a class=\"e-gallery-item elementor-gallery-item elementor-animated-content\" data-e-gallery-tags=\"1\" href=\"https:\/\/pc.sc.gov.br\/\/wp-content\/uploads\/2025\/01\/ITA-CERIMONIAL-TELMA-scaled.jpg\" data-elementor-open-lightbox=\"yes\" data-elementor-lightbox-slideshow=\"5e5ad30\" data-elementor-lightbox-title=\"ITA CERIMONIAL TELMA\" data-e-action-hash=\"#elementor-action%3Aaction%3Dlightbox%26settings%3DeyJpZCI6MjU4OTQsInVybCI6Imh0dHBzOlwvXC9wYy5zYy5nb3YuYnJcL1wvd3AtY29udGVudFwvdXBsb2Fkc1wvMjAyNVwvMDFcL0lUQS1DRVJJTU9OSUFMLVRFTE1BLXNjYWxlZC5qcGciLCJzbGlkZXNob3ciOiI1ZTVhZDMwIn0%3D\">\n\t\t\t\t\t<div class=\"e-gallery-image elementor-gallery-item__image\" data-thumbnail=\"https:\/\/pc.sc.gov.br\/\/wp-content\/uploads\/2025\/01\/ITA-CERIMONIAL-TELMA-300x200.jpg\" data-width=\"300\" data-height=\"200\" aria-label=\"\" role=\"img\" ><\/div>\n\t\t\t\t\t\t\t\t\t\t\t<div class=\"elementor-gallery-item__overlay\"><\/div>\n\t\t\t\t\t\t\t\t\t\t\t\t\t\t<\/a>\n\t\t\t\t\t\t\t<a class=\"e-gallery-item elementor-gallery-item elementor-animated-content\" data-e-gallery-tags=\"2\" href=\"https:\/\/pc.sc.gov.br\/\/wp-content\/uploads\/2025\/01\/SAER-ITAPEMA-scaled.jpg\" data-elementor-open-lightbox=\"yes\" data-elementor-lightbox-slideshow=\"5e5ad30\" data-elementor-lightbox-title=\"SAER ITAPEMA\" data-e-action-hash=\"#elementor-action%3Aaction%3Dlightbox%26settings%3DeyJpZCI6MjU4OTMsInVybCI6Imh0dHBzOlwvXC9wYy5zYy5nb3YuYnJcL1wvd3AtY29udGVudFwvdXBsb2Fkc1wvMjAyNVwvMDFcL1NBRVItSVRBUEVNQS1zY2FsZWQuanBnIiwic2xpZGVzaG93IjoiNWU1YWQzMCJ9\">\n\t\t\t\t\t<div class=\"e-gallery-image elementor-gallery-item__image\" data-thumbnail=\"https:\/\/pc.sc.gov.br\/\/wp-content\/uploads\/2025\/01\/SAER-ITAPEMA-300x200.jpg\" data-width=\"300\" data-height=\"200\" aria-label=\"\" role=\"img\" ><\/div>\n\t\t\t\t\t\t\t\t\t\t\t<div class=\"elementor-gallery-item__overlay\"><\/div>\n\t\t\t\t\t\t\t\t\t\t\t\t\t\t<\/a>\n\t\t\t\t\t\t\t<a class=\"e-gallery-item elementor-gallery-item elementor-animated-content\" data-e-gallery-tags=\"3\" href=\"https:\/\/pc.sc.gov.br\/\/wp-content\/uploads\/2025\/01\/IMG_0564-scaled.jpg\" data-elementor-open-lightbox=\"yes\" data-elementor-lightbox-slideshow=\"5e5ad30\" data-elementor-lightbox-title=\"IMG_0564\" data-e-action-hash=\"#elementor-action%3Aaction%3Dlightbox%26settings%3DeyJpZCI6MjU4OTksInVybCI6Imh0dHBzOlwvXC9wYy5zYy5nb3YuYnJcL1wvd3AtY29udGVudFwvdXBsb2Fkc1wvMjAyNVwvMDFcL0lNR18wNTY0LXNjYWxlZC5qcGciLCJzbGlkZXNob3ciOiI1ZTVhZDMwIn0%3D\">\n\t\t\t\t\t<div class=\"e-gallery-image elementor-gallery-item__image\" data-thumbnail=\"https:\/\/pc.sc.gov.br\/\/wp-content\/uploads\/2025\/01\/IMG_0564-300x200.jpg\" data-width=\"300\" data-height=\"200\" aria-label=\"\" role=\"img\" ><\/div>\n\t\t\t\t\t\t\t\t\t\t\t<div class=\"elementor-gallery-item__overlay\"><\/div>\n\t\t\t\t\t\t\t\t\t\t\t\t\t\t<\/a>\n\t\t\t\t\t\t\t<a class=\"e-gallery-item elementor-gallery-item elementor-animated-content\" data-e-gallery-tags=\"4\" href=\"https:\/\/pc.sc.gov.br\/\/wp-content\/uploads\/2025\/01\/ITA-POLICIAIS-scaled.jpg\" data-elementor-open-lightbox=\"yes\" data-elementor-lightbox-slideshow=\"5e5ad30\" data-elementor-lightbox-title=\"ITA POLICIAIS\" data-e-action-hash=\"#elementor-action%3Aaction%3Dlightbox%26settings%3DeyJpZCI6MjU5MDAsInVybCI6Imh0dHBzOlwvXC9wYy5zYy5nb3YuYnJcL1wvd3AtY29udGVudFwvdXBsb2Fkc1wvMjAyNVwvMDFcL0lUQS1QT0xJQ0lBSVMtc2NhbGVkLmpwZyIsInNsaWRlc2hvdyI6IjVlNWFkMzAifQ%3D%3D\">\n\t\t\t\t\t<div class=\"e-gallery-image elementor-gallery-item__image\" data-thumbnail=\"https:\/\/pc.sc.gov.br\/\/wp-content\/uploads\/2025\/01\/ITA-POLICIAIS-300x200.jpg\" data-width=\"300\" data-height=\"200\" aria-label=\"\" role=\"img\" ><\/div>\n\t\t\t\t\t\t\t\t\t\t\t<div class=\"elementor-gallery-item__overlay\"><\/div>\n\t\t\t\t\t\t\t\t\t\t\t\t\t\t<\/a>\n\t\t\t\t\t\t\t<a class=\"e-gallery-item elementor-gallery-item elementor-animated-content\" data-e-gallery-tags=\"5\" href=\"https:\/\/pc.sc.gov.br\/\/wp-content\/uploads\/2025\/01\/IMG_0590-scaled.jpg\" data-elementor-open-lightbox=\"yes\" data-elementor-lightbox-slideshow=\"5e5ad30\" data-elementor-lightbox-title=\"IMG_0590\" data-e-action-hash=\"#elementor-action%3Aaction%3Dlightbox%26settings%3DeyJpZCI6MjU5MDEsInVybCI6Imh0dHBzOlwvXC9wYy5zYy5nb3YuYnJcL1wvd3AtY29udGVudFwvdXBsb2Fkc1wvMjAyNVwvMDFcL0lNR18wNTkwLXNjYWxlZC5qcGciLCJzbGlkZXNob3ciOiI1ZTVhZDMwIn0%3D\">\n\t\t\t\t\t<div class=\"e-gallery-image elementor-gallery-item__image\" data-thumbnail=\"https:\/\/pc.sc.gov.br\/\/wp-content\/uploads\/2025\/01\/IMG_0590-300x200.jpg\" data-width=\"300\" data-height=\"200\" aria-label=\"\" role=\"img\" ><\/div>\n\t\t\t\t\t\t\t\t\t\t\t<div class=\"elementor-gallery-item__overlay\"><\/div>\n\t\t\t\t\t\t\t\t\t\t\t\t\t\t<\/a>\n\t\t\t\t\t\t\t<a class=\"e-gallery-item elementor-gallery-item elementor-animated-content\" data-e-gallery-tags=\"6\" href=\"https:\/\/pc.sc.gov.br\/\/wp-content\/uploads\/2025\/01\/ITA-VTR-scaled.jpg\" data-elementor-open-lightbox=\"yes\" data-elementor-lightbox-slideshow=\"5e5ad30\" data-elementor-lightbox-title=\"ITA VTR\" data-e-action-hash=\"#elementor-action%3Aaction%3Dlightbox%26settings%3DeyJpZCI6MjU5MDIsInVybCI6Imh0dHBzOlwvXC9wYy5zYy5nb3YuYnJcL1wvd3AtY29udGVudFwvdXBsb2Fkc1wvMjAyNVwvMDFcL0lUQS1WVFItc2NhbGVkLmpwZyIsInNsaWRlc2hvdyI6IjVlNWFkMzAifQ%3D%3D\">\n\t\t\t\t\t<div class=\"e-gallery-image elementor-gallery-item__image\" data-thumbnail=\"https:\/\/pc.sc.gov.br\/\/wp-content\/uploads\/2025\/01\/ITA-VTR-300x200.jpg\" data-width=\"300\" data-height=\"200\" aria-label=\"\" role=\"img\" ><\/div>\n\t\t\t\t\t\t\t\t\t\t\t<div class=\"elementor-gallery-item__overlay\"><\/div>\n\t\t\t\t\t\t\t\t\t\t\t\t\t\t<\/a>\n\t\t\t\t\t<\/div>\n\t\t\t\t\t<\/div>\n\t\t\t\t<\/div>\n\t\t\t\t\t<\/div>\n\t\t<\/div>\n\t\t\t\t\t<\/div>\n\t\t<\/section>\n\t\t\t\t<\/div>\n\t\t","protected":false},"excerpt":{"rendered":"<p>Em Itapema, PCSC lan\u00e7a a segunda etapa da Opera\u00e7\u00e3o Esta\u00e7\u00e3o Ver\u00e3o com o refor\u00e7o do efetivo e a\u00e7\u00f5es de preventivas de seguran\u00e7a A Pol\u00edcia Civil de Santa Catarina apresentou nesta segunda-feira, 13, em Itapema, os 27 policiais civis que atuar\u00e3o nas delegacias dos munic\u00edpios integrantes da Delegacia Regional de Pol\u00edcia (DRP) de Balne\u00e1rio Cambori\u00fa. O [&hellip;]<\/p>\n","protected":false},"author":5,"featured_media":25898,"comment_status":"closed","ping_status":"open","sticky":false,"template":"","format":"standard","meta":{"_monsterinsights_skip_tracking":false,"_monsterinsights_sitenote_active":false,"_monsterinsights_sitenote_note":"","_monsterinsights_sitenote_category":0,"footnotes":""},"categories":[1],"tags":[],"class_list":["post-25890","post","type-post","status-publish","format-standard","has-post-thumbnail","hentry","category-sem-categoria"],"_links":{"self":[{"href":"https:\/\/pc.sc.gov.br\/index.php?rest_route=\/wp\/v2\/posts\/25890","targetHints":{"allow":["GET"]}}],"collection":[{"href":"https:\/\/pc.sc.gov.br\/index.php?rest_route=\/wp\/v2\/posts"}],"about":[{"href":"https:\/\/pc.sc.gov.br\/index.php?rest_route=\/wp\/v2\/types\/post"}],"author":[{"embeddable":true,"href":"https:\/\/pc.sc.gov.br\/index.php?rest_route=\/wp\/v2\/users\/5"}],"replies":[{"embeddable":true,"href":"https:\/\/pc.sc.gov.br\/index.php?rest_route=%2Fwp%2Fv2%2Fcomments&post=25890"}],"version-history":[{"count":3,"href":"https:\/\/pc.sc.gov.br\/index.php?rest_route=\/wp\/v2\/posts\/25890\/revisions"}],"predecessor-version":[{"id":25905,"href":"https:\/\/pc.sc.gov.br\/index.php?rest_route=\/wp\/v2\/posts\/25890\/revisions\/25905"}],"wp:featuredmedia":[{"embeddable":true,"href":"https:\/\/pc.sc.gov.br\/index.php?rest_route=\/wp\/v2\/media\/25898"}],"wp:attachment":[{"href":"https:\/\/pc.sc.gov.br\/index.php?rest_route=%2Fwp%2Fv2%2Fmedia&parent=25890"}],"wp:term":[{"taxonomy":"category","embeddable":true,"href":"https:\/\/pc.sc.gov.br\/index.php?rest_route=%2Fwp%2Fv2%2Fcategories&post=25890"},{"taxonomy":"post_tag","embeddable":true,"href":"https:\/\/pc.sc.gov.br\/index.php?rest_route=%2Fwp%2Fv2%2Ftags&post=25890"}],"curies":[{"name":"wp","href":"https:\/\/api.w.org\/{rel}","templated":true}]}}