{"id":25906,"date":"2025-01-13T18:48:27","date_gmt":"2025-01-13T21:48:27","guid":{"rendered":"https:\/\/pc.sc.gov.br\/?p=25906"},"modified":"2025-01-13T18:50:31","modified_gmt":"2025-01-13T21:50:31","slug":"dic-de-ararangua-identifica-corpo-encontrado-em-vala-proximo-a-regiao-central-do-municipio","status":"publish","type":"post","link":"https:\/\/pc.sc.gov.br\/?p=25906","title":{"rendered":"DIC de Ararangu\u00e1 identifica corpo encontrado em vala pr\u00f3ximo \u00e0 regi\u00e3o central do munic\u00edpio"},"content":{"rendered":"\t\t<div data-elementor-type=\"wp-post\" data-elementor-id=\"25906\" class=\"elementor elementor-25906\" data-elementor-post-type=\"post\">\n\t\t\t\t\t\t<section class=\"elementor-section elementor-top-section elementor-element elementor-element-f561cbc elementor-section-boxed elementor-section-height-default elementor-section-height-default\" data-id=\"f561cbc\" data-element_type=\"section\">\n\t\t\t\t\t\t<div class=\"elementor-container elementor-column-gap-default\">\n\t\t\t\t\t<div class=\"elementor-column elementor-col-100 elementor-top-column elementor-element elementor-element-955cc85\" data-id=\"955cc85\" data-element_type=\"column\">\n\t\t\t<div class=\"elementor-widget-wrap elementor-element-populated\">\n\t\t\t\t\t\t<div class=\"elementor-element elementor-element-d2d8838 elementor-widget elementor-widget-heading\" data-id=\"d2d8838\" data-element_type=\"widget\" data-widget_type=\"heading.default\">\n\t\t\t\t<div class=\"elementor-widget-container\">\n\t\t\t\t\t<h2 class=\"elementor-heading-title elementor-size-default\">DIC de Ararangu\u00e1 identifica corpo encontrado em vala pr\u00f3ximo \u00e0 regi\u00e3o central do munic\u00edpio<\/h2>\t\t\t\t<\/div>\n\t\t\t\t<\/div>\n\t\t\t\t\t<\/div>\n\t\t<\/div>\n\t\t\t\t\t<\/div>\n\t\t<\/section>\n\t\t\t\t<section class=\"elementor-section elementor-top-section elementor-element elementor-element-bee81df elementor-section-boxed elementor-section-height-default elementor-section-height-default\" data-id=\"bee81df\" data-element_type=\"section\">\n\t\t\t\t\t\t<div class=\"elementor-container elementor-column-gap-default\">\n\t\t\t\t\t<div class=\"elementor-column elementor-col-100 elementor-top-column elementor-element elementor-element-f4ac7fb\" data-id=\"f4ac7fb\" data-element_type=\"column\">\n\t\t\t<div class=\"elementor-widget-wrap elementor-element-populated\">\n\t\t\t\t\t\t<div class=\"elementor-element elementor-element-f20d60e elementor-widget elementor-widget-image\" data-id=\"f20d60e\" data-element_type=\"widget\" data-widget_type=\"image.default\">\n\t\t\t\t<div class=\"elementor-widget-container\">\n\t\t\t\t\t\t\t\t\t\t\t\t\t\t\t<img fetchpriority=\"high\" decoding=\"async\" width=\"696\" height=\"504\" src=\"https:\/\/pc.sc.gov.br\/\/wp-content\/uploads\/2025\/01\/WhatsApp-Image-2024-10-23-at-20.23.01-1024x742.jpeg\" class=\"attachment-large size-large wp-image-25838\" alt=\"\" srcset=\"https:\/\/pc.sc.gov.br\/\/wp-content\/uploads\/2025\/01\/WhatsApp-Image-2024-10-23-at-20.23.01-1024x742.jpeg 1024w, https:\/\/pc.sc.gov.br\/\/wp-content\/uploads\/2025\/01\/WhatsApp-Image-2024-10-23-at-20.23.01-300x217.jpeg 300w, https:\/\/pc.sc.gov.br\/\/wp-content\/uploads\/2025\/01\/WhatsApp-Image-2024-10-23-at-20.23.01-768x556.jpeg 768w, https:\/\/pc.sc.gov.br\/\/wp-content\/uploads\/2025\/01\/WhatsApp-Image-2024-10-23-at-20.23.01.jpeg 1179w\" sizes=\"(max-width: 696px) 100vw, 696px\" \/>\t\t\t\t\t\t\t\t\t\t\t\t\t\t\t<\/div>\n\t\t\t\t<\/div>\n\t\t\t\t\t<\/div>\n\t\t<\/div>\n\t\t\t\t\t<\/div>\n\t\t<\/section>\n\t\t\t\t<section class=\"elementor-section elementor-top-section elementor-element elementor-element-6883659 elementor-section-boxed elementor-section-height-default elementor-section-height-default\" data-id=\"6883659\" data-element_type=\"section\">\n\t\t\t\t\t\t<div class=\"elementor-container elementor-column-gap-default\">\n\t\t\t\t\t<div class=\"elementor-column elementor-col-100 elementor-top-column elementor-element elementor-element-66bf498\" data-id=\"66bf498\" data-element_type=\"column\">\n\t\t\t<div class=\"elementor-widget-wrap elementor-element-populated\">\n\t\t\t\t\t\t<div class=\"elementor-element elementor-element-7195e90 elementor-widget elementor-widget-text-editor\" data-id=\"7195e90\" data-element_type=\"widget\" data-widget_type=\"text-editor.default\">\n\t\t\t\t<div class=\"elementor-widget-container\">\n\t\t\t\t\t\t\t\t\t<p>A Pol\u00edcia Civil de Santa Catarina, por meio da DIC Ararangu\u00e1, vem realizando a investiga\u00e7\u00e3o acerca do encontro do cad\u00e1ver que foi encontrado boiando, em valo de granja de arroz, na localidade de Sanga do Marco, pr\u00f3ximo \u00e0 regi\u00e3o central desta cidade, no \u00faltimo dia 10, por volta das 11h30min. A Pol\u00edcia Civil, Pol\u00edcia Militar e Pol\u00edcia Cient\u00edfica estiveram no local e realizaram os atendimentos de praxe.<\/p>\n<p>O exame cadav\u00e9rico apontou que a morte da v\u00edtima deu-se h\u00e1 mais de 03 dias, e que n\u00e3o apresentava sinais de luta corporal e\/ou de defesa, tamb\u00e9m n\u00e3o apresentando sinais de perfura\u00e7\u00e3o por disparos de arma de fogo ou de arma branca. Ainda, como causa da morte, atestou que se tratava de causa indeterminada.<\/p>\n<p>Em dilig\u00eancias de investiga\u00e7\u00e3o, a Pol\u00edcia Civil conseguiu informa\u00e7\u00f5es com familiares que a v\u00edtima era usu\u00e1ria contumaz de \u00e1lcool, e fazia tratamentos m\u00e9dicos para esquizofrenia, por\u00e9m nem sempre tomava a medica\u00e7\u00e3o de forma adequada. Vivia em Turvo, mediante ajuda de vizinhos pr\u00f3ximos, em condi\u00e7\u00f5es bem prec\u00e1rias.<\/p>\n<p>Ainda, no dia 03 de janeiro, ele pediu ajuda a um conhecido para nova interna\u00e7\u00e3o acerca do v\u00edcio, tendo sido levado a uma cl\u00ednica de recupera\u00e7\u00e3o na cidade de Ararangu\u00e1. Na madrugada do dia 05 de janeiro, por volta da 01h30min, ele evadiu-se da cl\u00ednica e foi localizado j\u00e1 morto no dia 10. O tempo estimado da morte e o encontro do cad\u00e1ver s\u00e3o condizentes, haja vista o estado adiantado de putrefa\u00e7\u00e3o.<\/p>\n<p>Diante o exposto, considerando a situa\u00e7\u00e3o prec\u00e1ria de sa\u00fade da v\u00edtima, e o fato de n\u00e3o ter sido encontrado nenhum sinal de viol\u00eancia em seu corpo, ao que tudo indica a v\u00edtima, ap\u00f3s evadir-se da cl\u00ednica, acabou entrando no valo, onde se afogou, indo a \u00f3bito. \u00c9 comum o corpo de pessoa afogada imergir num primeiro momento e emergir depois de alguns dias. Finalmente, eventual crime contra a vida est\u00e1 descartado pelo trabalho de investiga\u00e7\u00e3o realizado pela Pol\u00edcia Civil.<\/p>\n<p><span style=\"font-family: var( --e-global-typography-text-font-family ), Sans-serif; font-size: var( --e-global-typography-text-font-size ); font-weight: var( --e-global-typography-text-font-weight );\">V\u00eddeo: Delegado Lu\u00eds Otavio Polhmann, titular da DIC de Ararangu\u00e1<\/span><\/p>\t\t\t\t\t\t\t\t<\/div>\n\t\t\t\t<\/div>\n\t\t\t\t\t<\/div>\n\t\t<\/div>\n\t\t\t\t\t<\/div>\n\t\t<\/section>\n\t\t\t\t<section class=\"elementor-section elementor-top-section elementor-element elementor-element-ec8b968 elementor-section-boxed elementor-section-height-default elementor-section-height-default\" data-id=\"ec8b968\" data-element_type=\"section\">\n\t\t\t\t\t\t<div class=\"elementor-container elementor-column-gap-default\">\n\t\t\t\t\t<div class=\"elementor-column elementor-col-100 elementor-top-column elementor-element elementor-element-0407546\" data-id=\"0407546\" data-element_type=\"column\">\n\t\t\t<div class=\"elementor-widget-wrap elementor-element-populated\">\n\t\t\t\t\t\t<div class=\"elementor-element elementor-element-d5aa8ca elementor-widget elementor-widget-video\" data-id=\"d5aa8ca\" data-element_type=\"widget\" data-settings=\"{&quot;video_type&quot;:&quot;hosted&quot;,&quot;controls&quot;:&quot;yes&quot;}\" data-widget_type=\"video.default\">\n\t\t\t\t<div class=\"elementor-widget-container\">\n\t\t\t\t\t\t\t<div class=\"e-hosted-video elementor-wrapper elementor-open-inline\">\n\t\t\t\t\t<video class=\"elementor-video\" src=\"https:\/\/pc.sc.gov.br\/wp-content\/uploads\/2025\/01\/WhatsApp-Video-2025-01-13-at-17.55.05.mp4\" controls=\"\" preload=\"metadata\"><\/video>\n\t\t\t\t<\/div>\n\t\t\t\t\t\t<\/div>\n\t\t\t\t<\/div>\n\t\t\t\t\t<\/div>\n\t\t<\/div>\n\t\t\t\t\t<\/div>\n\t\t<\/section>\n\t\t\t\t<\/div>\n\t\t","protected":false},"excerpt":{"rendered":"<p>DIC de Ararangu\u00e1 identifica corpo encontrado em vala pr\u00f3ximo \u00e0 regi\u00e3o central do munic\u00edpio A Pol\u00edcia Civil de Santa Catarina, por meio da DIC Ararangu\u00e1, vem realizando a investiga\u00e7\u00e3o acerca do encontro do cad\u00e1ver que foi encontrado boiando, em valo de granja de arroz, na localidade de Sanga do Marco, pr\u00f3ximo \u00e0 regi\u00e3o central desta [&hellip;]<\/p>\n","protected":false},"author":5,"featured_media":25838,"comment_status":"closed","ping_status":"open","sticky":false,"template":"","format":"standard","meta":{"_monsterinsights_skip_tracking":false,"_monsterinsights_sitenote_active":false,"_monsterinsights_sitenote_note":"","_monsterinsights_sitenote_category":0,"footnotes":""},"categories":[1],"tags":[],"class_list":["post-25906","post","type-post","status-publish","format-standard","has-post-thumbnail","hentry","category-sem-categoria"],"_links":{"self":[{"href":"https:\/\/pc.sc.gov.br\/index.php?rest_route=\/wp\/v2\/posts\/25906","targetHints":{"allow":["GET"]}}],"collection":[{"href":"https:\/\/pc.sc.gov.br\/index.php?rest_route=\/wp\/v2\/posts"}],"about":[{"href":"https:\/\/pc.sc.gov.br\/index.php?rest_route=\/wp\/v2\/types\/post"}],"author":[{"embeddable":true,"href":"https:\/\/pc.sc.gov.br\/index.php?rest_route=\/wp\/v2\/users\/5"}],"replies":[{"embeddable":true,"href":"https:\/\/pc.sc.gov.br\/index.php?rest_route=%2Fwp%2Fv2%2Fcomments&post=25906"}],"version-history":[{"count":4,"href":"https:\/\/pc.sc.gov.br\/index.php?rest_route=\/wp\/v2\/posts\/25906\/revisions"}],"predecessor-version":[{"id":25911,"href":"https:\/\/pc.sc.gov.br\/index.php?rest_route=\/wp\/v2\/posts\/25906\/revisions\/25911"}],"wp:featuredmedia":[{"embeddable":true,"href":"https:\/\/pc.sc.gov.br\/index.php?rest_route=\/wp\/v2\/media\/25838"}],"wp:attachment":[{"href":"https:\/\/pc.sc.gov.br\/index.php?rest_route=%2Fwp%2Fv2%2Fmedia&parent=25906"}],"wp:term":[{"taxonomy":"category","embeddable":true,"href":"https:\/\/pc.sc.gov.br\/index.php?rest_route=%2Fwp%2Fv2%2Fcategories&post=25906"},{"taxonomy":"post_tag","embeddable":true,"href":"https:\/\/pc.sc.gov.br\/index.php?rest_route=%2Fwp%2Fv2%2Ftags&post=25906"}],"curies":[{"name":"wp","href":"https:\/\/api.w.org\/{rel}","templated":true}]}}