{"id":25912,"date":"2025-01-14T16:43:28","date_gmt":"2025-01-14T19:43:28","guid":{"rendered":"https:\/\/pc.sc.gov.br\/?p=25912"},"modified":"2025-01-14T16:44:51","modified_gmt":"2025-01-14T19:44:51","slug":"policia-civil-deflagra-operacao-em-paulo-lopes-e-homem-e-preso-por-trafico-de-drogas","status":"publish","type":"post","link":"https:\/\/pc.sc.gov.br\/?p=25912","title":{"rendered":"Pol\u00edcia Civil deflagra opera\u00e7\u00e3o em Paulo Lopes e homem \u00e9 preso por tr\u00e1fico de drogas"},"content":{"rendered":"\t\t<div data-elementor-type=\"wp-post\" data-elementor-id=\"25912\" class=\"elementor elementor-25912\" data-elementor-post-type=\"post\">\n\t\t\t\t\t\t<section class=\"elementor-section elementor-top-section elementor-element elementor-element-9071af3 elementor-section-boxed elementor-section-height-default elementor-section-height-default\" data-id=\"9071af3\" data-element_type=\"section\">\n\t\t\t\t\t\t<div class=\"elementor-container elementor-column-gap-default\">\n\t\t\t\t\t<div class=\"elementor-column elementor-col-100 elementor-top-column elementor-element elementor-element-99f1824\" data-id=\"99f1824\" data-element_type=\"column\">\n\t\t\t<div class=\"elementor-widget-wrap elementor-element-populated\">\n\t\t\t\t\t\t<div class=\"elementor-element elementor-element-357e424 elementor-widget elementor-widget-heading\" data-id=\"357e424\" data-element_type=\"widget\" data-widget_type=\"heading.default\">\n\t\t\t\t<div class=\"elementor-widget-container\">\n\t\t\t\t\t<h2 class=\"elementor-heading-title elementor-size-default\">Pol\u00edcia Civil deflagra opera\u00e7\u00e3o em Paulo Lopes e homem \u00e9 preso por tr\u00e1fico de drogas<\/h2>\t\t\t\t<\/div>\n\t\t\t\t<\/div>\n\t\t\t\t\t<\/div>\n\t\t<\/div>\n\t\t\t\t\t<\/div>\n\t\t<\/section>\n\t\t\t\t<section class=\"elementor-section elementor-top-section elementor-element elementor-element-b1b4629 elementor-section-boxed elementor-section-height-default elementor-section-height-default\" data-id=\"b1b4629\" data-element_type=\"section\">\n\t\t\t\t\t\t<div class=\"elementor-container elementor-column-gap-default\">\n\t\t\t\t\t<div class=\"elementor-column elementor-col-100 elementor-top-column elementor-element elementor-element-0f8b42e\" data-id=\"0f8b42e\" data-element_type=\"column\">\n\t\t\t<div class=\"elementor-widget-wrap elementor-element-populated\">\n\t\t\t\t\t\t<div class=\"elementor-element elementor-element-a6c07da elementor-widget elementor-widget-image\" data-id=\"a6c07da\" data-element_type=\"widget\" data-widget_type=\"image.default\">\n\t\t\t\t<div class=\"elementor-widget-container\">\n\t\t\t\t\t\t\t\t\t\t\t\t\t\t\t<img fetchpriority=\"high\" decoding=\"async\" width=\"472\" height=\"1024\" src=\"https:\/\/pc.sc.gov.br\/\/wp-content\/uploads\/2025\/01\/WhatsApp-Image-2025-01-14-at-13.21.39-472x1024.jpeg\" class=\"attachment-large size-large wp-image-25914\" alt=\"\" srcset=\"https:\/\/pc.sc.gov.br\/\/wp-content\/uploads\/2025\/01\/WhatsApp-Image-2025-01-14-at-13.21.39-472x1024.jpeg 472w, https:\/\/pc.sc.gov.br\/\/wp-content\/uploads\/2025\/01\/WhatsApp-Image-2025-01-14-at-13.21.39-138x300.jpeg 138w, https:\/\/pc.sc.gov.br\/\/wp-content\/uploads\/2025\/01\/WhatsApp-Image-2025-01-14-at-13.21.39.jpeg 590w\" sizes=\"(max-width: 472px) 100vw, 472px\" \/>\t\t\t\t\t\t\t\t\t\t\t\t\t\t\t<\/div>\n\t\t\t\t<\/div>\n\t\t\t\t\t<\/div>\n\t\t<\/div>\n\t\t\t\t\t<\/div>\n\t\t<\/section>\n\t\t\t\t<section class=\"elementor-section elementor-top-section elementor-element elementor-element-0a37f36 elementor-section-boxed elementor-section-height-default elementor-section-height-default\" data-id=\"0a37f36\" data-element_type=\"section\">\n\t\t\t\t\t\t<div class=\"elementor-container elementor-column-gap-default\">\n\t\t\t\t\t<div class=\"elementor-column elementor-col-100 elementor-top-column elementor-element elementor-element-248caab\" data-id=\"248caab\" data-element_type=\"column\">\n\t\t\t<div class=\"elementor-widget-wrap elementor-element-populated\">\n\t\t\t\t\t\t<div class=\"elementor-element elementor-element-535fb55 elementor-widget elementor-widget-text-editor\" data-id=\"535fb55\" data-element_type=\"widget\" data-widget_type=\"text-editor.default\">\n\t\t\t\t<div class=\"elementor-widget-container\">\n\t\t\t\t\t\t\t\t\t<p>Na manh\u00e3 desta ter\u00e7a-feira (14\/01), a Pol\u00edcia Civil de Santa Catarina, por meio da Delegacia de Pol\u00edcia do Munic\u00edpio de Paulo Lopes e da DIC\/DRR de Palho\u00e7a, e a Pol\u00edcia Militar de Paulo Lopes deflagraram opera\u00e7\u00e3o conjunta com o objetivo de cumprir tr\u00eas mandados de busca e apreens\u00e3o, al\u00e9m de dois mandados de pris\u00e3o tempor\u00e1ria, referentes a indiv\u00edduos envolvidos em dois roubos ocorridos nas cidades de Palho\u00e7a e Paulo Lopes, em novembro de 2024, ambos cometidos pelo mesmo grupo criminoso.<\/p><p>Durante as dilig\u00eancias, realizadas na cidade de Paulo Lopes, um dos suspeitos conseguiu se evadir ao avistar os policiais e outro n\u00e3o foi localizado. No entanto, durante as buscas na resid\u00eancia do terceiro integrante do grupo criminoso, foram encontradas diversas por\u00e7\u00f5es de maconha j\u00e1 separadas para o com\u00e9rcio, al\u00e9m de 10 (dez) p\u00e9s de maconha e apetrechos caracter\u00edsticos do crime de tr\u00e1fico de drogas.<\/p><p>Todo o material foi apreendido e o suspeito foi apresentado \u00e0 Central de Plant\u00e3o Policial de Laguna para as provid\u00eancias cab\u00edveis. Al\u00e9m disso, foram arrecadados aparelhos celulares e outros objetos de interesse para a investiga\u00e7\u00e3o dos crimes em quest\u00e3o.<\/p><p>A Pol\u00edcia Civil segue com dilig\u00eancias para localizar os suspeitos e destaca que a colabora\u00e7\u00e3o da comunidade \u00e9 fundamental. Den\u00fancias podem ser feitas de forma an\u00f4nima pelo telefone 181 ou no contato direto com as unidades policiais.<\/p>\t\t\t\t\t\t\t\t<\/div>\n\t\t\t\t<\/div>\n\t\t\t\t\t<\/div>\n\t\t<\/div>\n\t\t\t\t\t<\/div>\n\t\t<\/section>\n\t\t\t\t<section class=\"elementor-section elementor-top-section elementor-element elementor-element-18ab234 elementor-section-boxed elementor-section-height-default elementor-section-height-default\" data-id=\"18ab234\" data-element_type=\"section\">\n\t\t\t\t\t\t<div class=\"elementor-container elementor-column-gap-default\">\n\t\t\t\t\t<div class=\"elementor-column elementor-col-100 elementor-top-column elementor-element elementor-element-d9b5545\" data-id=\"d9b5545\" data-element_type=\"column\">\n\t\t\t<div class=\"elementor-widget-wrap elementor-element-populated\">\n\t\t\t\t\t\t<div class=\"elementor-element elementor-element-8de473e elementor-widget elementor-widget-image\" data-id=\"8de473e\" data-element_type=\"widget\" data-widget_type=\"image.default\">\n\t\t\t\t<div class=\"elementor-widget-container\">\n\t\t\t\t\t\t\t\t\t\t\t\t\t\t\t<img decoding=\"async\" width=\"696\" height=\"392\" src=\"https:\/\/pc.sc.gov.br\/\/wp-content\/uploads\/2025\/01\/WhatsApp-Image-2025-01-14-at-13.21.38-1024x576.jpeg\" class=\"attachment-large size-large wp-image-25913\" alt=\"\" srcset=\"https:\/\/pc.sc.gov.br\/\/wp-content\/uploads\/2025\/01\/WhatsApp-Image-2025-01-14-at-13.21.38-1024x576.jpeg 1024w, https:\/\/pc.sc.gov.br\/\/wp-content\/uploads\/2025\/01\/WhatsApp-Image-2025-01-14-at-13.21.38-300x169.jpeg 300w, https:\/\/pc.sc.gov.br\/\/wp-content\/uploads\/2025\/01\/WhatsApp-Image-2025-01-14-at-13.21.38-768x432.jpeg 768w, https:\/\/pc.sc.gov.br\/\/wp-content\/uploads\/2025\/01\/WhatsApp-Image-2025-01-14-at-13.21.38-1536x864.jpeg 1536w, https:\/\/pc.sc.gov.br\/\/wp-content\/uploads\/2025\/01\/WhatsApp-Image-2025-01-14-at-13.21.38.jpeg 1599w\" sizes=\"(max-width: 696px) 100vw, 696px\" \/>\t\t\t\t\t\t\t\t\t\t\t\t\t\t\t<\/div>\n\t\t\t\t<\/div>\n\t\t\t\t\t<\/div>\n\t\t<\/div>\n\t\t\t\t\t<\/div>\n\t\t<\/section>\n\t\t\t\t<\/div>\n\t\t","protected":false},"excerpt":{"rendered":"<p>Pol\u00edcia Civil deflagra opera\u00e7\u00e3o em Paulo Lopes e homem \u00e9 preso por tr\u00e1fico de drogas Na manh\u00e3 desta ter\u00e7a-feira (14\/01), a Pol\u00edcia Civil de Santa Catarina, por meio da Delegacia de Pol\u00edcia do Munic\u00edpio de Paulo Lopes e da DIC\/DRR de Palho\u00e7a, e a Pol\u00edcia Militar de Paulo Lopes deflagraram opera\u00e7\u00e3o conjunta com o objetivo [&hellip;]<\/p>\n","protected":false},"author":5,"featured_media":25914,"comment_status":"closed","ping_status":"open","sticky":false,"template":"","format":"standard","meta":{"_monsterinsights_skip_tracking":false,"_monsterinsights_sitenote_active":false,"_monsterinsights_sitenote_note":"","_monsterinsights_sitenote_category":0,"footnotes":""},"categories":[1],"tags":[],"class_list":["post-25912","post","type-post","status-publish","format-standard","has-post-thumbnail","hentry","category-sem-categoria"],"_links":{"self":[{"href":"https:\/\/pc.sc.gov.br\/index.php?rest_route=\/wp\/v2\/posts\/25912","targetHints":{"allow":["GET"]}}],"collection":[{"href":"https:\/\/pc.sc.gov.br\/index.php?rest_route=\/wp\/v2\/posts"}],"about":[{"href":"https:\/\/pc.sc.gov.br\/index.php?rest_route=\/wp\/v2\/types\/post"}],"author":[{"embeddable":true,"href":"https:\/\/pc.sc.gov.br\/index.php?rest_route=\/wp\/v2\/users\/5"}],"replies":[{"embeddable":true,"href":"https:\/\/pc.sc.gov.br\/index.php?rest_route=%2Fwp%2Fv2%2Fcomments&post=25912"}],"version-history":[{"count":4,"href":"https:\/\/pc.sc.gov.br\/index.php?rest_route=\/wp\/v2\/posts\/25912\/revisions"}],"predecessor-version":[{"id":25918,"href":"https:\/\/pc.sc.gov.br\/index.php?rest_route=\/wp\/v2\/posts\/25912\/revisions\/25918"}],"wp:featuredmedia":[{"embeddable":true,"href":"https:\/\/pc.sc.gov.br\/index.php?rest_route=\/wp\/v2\/media\/25914"}],"wp:attachment":[{"href":"https:\/\/pc.sc.gov.br\/index.php?rest_route=%2Fwp%2Fv2%2Fmedia&parent=25912"}],"wp:term":[{"taxonomy":"category","embeddable":true,"href":"https:\/\/pc.sc.gov.br\/index.php?rest_route=%2Fwp%2Fv2%2Fcategories&post=25912"},{"taxonomy":"post_tag","embeddable":true,"href":"https:\/\/pc.sc.gov.br\/index.php?rest_route=%2Fwp%2Fv2%2Ftags&post=25912"}],"curies":[{"name":"wp","href":"https:\/\/api.w.org\/{rel}","templated":true}]}}