{"id":25919,"date":"2025-01-14T17:38:45","date_gmt":"2025-01-14T20:38:45","guid":{"rendered":"https:\/\/pc.sc.gov.br\/?p=25919"},"modified":"2025-01-14T17:43:29","modified_gmt":"2025-01-14T20:43:29","slug":"dp-de-braco-do-norte-localiza-e-prende-homicida-que-estava-foragido-da-justica-de-sergipe","status":"publish","type":"post","link":"https:\/\/pc.sc.gov.br\/?p=25919","title":{"rendered":"DP de Bra\u00e7o do Norte localiza e prende homicida que estava foragido da Justi\u00e7a de Sergipe"},"content":{"rendered":"\t\t<div data-elementor-type=\"wp-post\" data-elementor-id=\"25919\" class=\"elementor elementor-25919\" data-elementor-post-type=\"post\">\n\t\t\t\t\t\t<section class=\"elementor-section elementor-top-section elementor-element elementor-element-60880a8 elementor-section-boxed elementor-section-height-default elementor-section-height-default\" data-id=\"60880a8\" data-element_type=\"section\">\n\t\t\t\t\t\t<div class=\"elementor-container elementor-column-gap-default\">\n\t\t\t\t\t<div class=\"elementor-column elementor-col-100 elementor-top-column elementor-element elementor-element-f2bcdc8\" data-id=\"f2bcdc8\" data-element_type=\"column\">\n\t\t\t<div class=\"elementor-widget-wrap elementor-element-populated\">\n\t\t\t\t\t\t<div class=\"elementor-element elementor-element-ff42564 elementor-widget elementor-widget-heading\" data-id=\"ff42564\" data-element_type=\"widget\" data-widget_type=\"heading.default\">\n\t\t\t\t<div class=\"elementor-widget-container\">\n\t\t\t\t\t<h2 class=\"elementor-heading-title elementor-size-default\">DP de Bra\u00e7o do Norte localiza e prende homicida que estava foragido da Justi\u00e7a de Sergipe<\/h2>\t\t\t\t<\/div>\n\t\t\t\t<\/div>\n\t\t\t\t\t<\/div>\n\t\t<\/div>\n\t\t\t\t\t<\/div>\n\t\t<\/section>\n\t\t\t\t<section class=\"elementor-section elementor-top-section elementor-element elementor-element-f9696ae elementor-section-boxed elementor-section-height-default elementor-section-height-default\" data-id=\"f9696ae\" data-element_type=\"section\">\n\t\t\t\t\t\t<div class=\"elementor-container elementor-column-gap-default\">\n\t\t\t\t\t<div class=\"elementor-column elementor-col-100 elementor-top-column elementor-element elementor-element-89e63c0\" data-id=\"89e63c0\" data-element_type=\"column\">\n\t\t\t<div class=\"elementor-widget-wrap elementor-element-populated\">\n\t\t\t\t\t\t<div class=\"elementor-element elementor-element-1cb5739 elementor-widget elementor-widget-image\" data-id=\"1cb5739\" data-element_type=\"widget\" data-widget_type=\"image.default\">\n\t\t\t\t<div class=\"elementor-widget-container\">\n\t\t\t\t\t\t\t\t\t\t\t\t\t\t\t<img fetchpriority=\"high\" decoding=\"async\" width=\"696\" height=\"463\" src=\"https:\/\/pc.sc.gov.br\/\/wp-content\/uploads\/2025\/01\/MOTEL-INTERDITADO-fotor-2025011417401.jpg\" class=\"attachment-large size-large wp-image-25920\" alt=\"\" srcset=\"https:\/\/pc.sc.gov.br\/\/wp-content\/uploads\/2025\/01\/MOTEL-INTERDITADO-fotor-2025011417401.jpg 756w, https:\/\/pc.sc.gov.br\/\/wp-content\/uploads\/2025\/01\/MOTEL-INTERDITADO-fotor-2025011417401-300x200.jpg 300w\" sizes=\"(max-width: 696px) 100vw, 696px\" \/>\t\t\t\t\t\t\t\t\t\t\t\t\t\t\t<\/div>\n\t\t\t\t<\/div>\n\t\t\t\t\t<\/div>\n\t\t<\/div>\n\t\t\t\t\t<\/div>\n\t\t<\/section>\n\t\t\t\t<section class=\"elementor-section elementor-top-section elementor-element elementor-element-da0cca4 elementor-section-boxed elementor-section-height-default elementor-section-height-default\" data-id=\"da0cca4\" data-element_type=\"section\">\n\t\t\t\t\t\t<div class=\"elementor-container elementor-column-gap-default\">\n\t\t\t\t\t<div class=\"elementor-column elementor-col-100 elementor-top-column elementor-element elementor-element-09a2844\" data-id=\"09a2844\" data-element_type=\"column\">\n\t\t\t<div class=\"elementor-widget-wrap elementor-element-populated\">\n\t\t\t\t\t\t<div class=\"elementor-element elementor-element-8a6c60e elementor-widget elementor-widget-text-editor\" data-id=\"8a6c60e\" data-element_type=\"widget\" data-widget_type=\"text-editor.default\">\n\t\t\t\t<div class=\"elementor-widget-container\">\n\t\t\t\t\t\t\t\t\t<p>A Pol\u00edcia Civil de Santa Catarina, por meio da Delegacia de Bra\u00e7o do Norte, em a\u00e7\u00e3o conjunta com o Departamento de Homic\u00eddios e Prote\u00e7\u00e3o \u00e0 Pessoa (DHPP), da Pol\u00edcia Civil de Sergipe, localizou um homem foragido da justi\u00e7a sergipana no munic\u00edpio de Bra\u00e7o do Norte (SC) e deu cumprimento ao mandado de pris\u00e3o por crime de tentativa de homic\u00eddio. O crime aconteceu no dia 30 de maio de 2024, no bairro Santa Maria, em Aracaju. A\u00e7\u00e3o foi divulgada nesta ter\u00e7a-feira, 14.&nbsp;<span style=\"font-family: var( --e-global-typography-primary-font-family ), Sans-serif; font-size: var( --e-global-typography-primary-font-size ); font-weight: var( --e-global-typography-primary-font-weight ); letter-spacing: var( --e-global-typography-primary-letter-spacing );\">Segundo as informa\u00e7\u00f5es policiais, a v\u00edtima estava na casa de um amigo e, ao sair, foi atingida por disparos de arma de fogo. Apesar das les\u00f5es, a v\u00edtima sobreviveu.<\/span><\/p>\n<p>Durante as investiga\u00e7\u00f5es, o suspeito de ser o autor dos disparos foi identificado, por\u00e9m n\u00e3o foi localizado para apresentar sua vers\u00e3o dos fatos, uma vez que fugiu do estado de Sergipe.&nbsp;<\/p>\n<p>Diante disso, o DHPP representou pela pris\u00e3o tempor\u00e1ria, que foi deferida. Assim, foram realizadas dilig\u00eancias da equipe do DHPP, com apoio da Divis\u00e3o de Intelig\u00eancia da Policia Civil (Dipol), que identificou que o suspeito estava no estado de Santa Catarina.<\/p>\n<p>Ap\u00f3s troca de informa\u00e7\u00f5es com a equipe da Pol\u00edcia Civil do munic\u00edpio de Bra\u00e7o do Norte (SC), o mandado foi cumprido, e o suspeito est\u00e1 \u00e0 disposi\u00e7\u00e3o da justi\u00e7a.&nbsp;<\/p>\n<p>\u201cA Pol\u00edcia Civil sergipana agradece pela disponibilidade da Pol\u00edcia Civil do Estado de Santa Catarina, especialmente \u00e0 equipe coordenada pela delegada Jucin\u00eas Ferreira, que n\u00e3o mediu esfor\u00e7os para o \u00eaxito da pris\u00e3o. O trabalho conjunto entre \u00f3rg\u00e3os da Pol\u00edcia Civil e equipes dos outros estados \u00e9 de extrema relev\u00e2ncia para o combate \u00e0 criminalidade e deixa n\u00edtido que, ainda que o suspeito fuja para outro estado, n\u00f3s vamos localiz\u00e1-lo\u201d, ressaltou a delegada Vivianne Jardim, que presidiu a investiga\u00e7\u00e3o.<\/p><p>* Com informa\u00e7\u00f5es da Assessoria de Comunica\u00e7\u00e3o da PCSE.<\/p>\t\t\t\t\t\t\t\t<\/div>\n\t\t\t\t<\/div>\n\t\t\t\t\t<\/div>\n\t\t<\/div>\n\t\t\t\t\t<\/div>\n\t\t<\/section>\n\t\t\t\t<\/div>\n\t\t","protected":false},"excerpt":{"rendered":"<p>DP de Bra\u00e7o do Norte localiza e prende homicida que estava foragido da Justi\u00e7a de Sergipe A Pol\u00edcia Civil de Santa Catarina, por meio da Delegacia de Bra\u00e7o do Norte, em a\u00e7\u00e3o conjunta com o Departamento de Homic\u00eddios e Prote\u00e7\u00e3o \u00e0 Pessoa (DHPP), da Pol\u00edcia Civil de Sergipe, localizou um homem foragido da justi\u00e7a sergipana [&hellip;]<\/p>\n","protected":false},"author":5,"featured_media":25920,"comment_status":"closed","ping_status":"open","sticky":false,"template":"","format":"standard","meta":{"_monsterinsights_skip_tracking":false,"_monsterinsights_sitenote_active":false,"_monsterinsights_sitenote_note":"","_monsterinsights_sitenote_category":0,"footnotes":""},"categories":[1],"tags":[],"class_list":["post-25919","post","type-post","status-publish","format-standard","has-post-thumbnail","hentry","category-sem-categoria"],"_links":{"self":[{"href":"https:\/\/pc.sc.gov.br\/index.php?rest_route=\/wp\/v2\/posts\/25919","targetHints":{"allow":["GET"]}}],"collection":[{"href":"https:\/\/pc.sc.gov.br\/index.php?rest_route=\/wp\/v2\/posts"}],"about":[{"href":"https:\/\/pc.sc.gov.br\/index.php?rest_route=\/wp\/v2\/types\/post"}],"author":[{"embeddable":true,"href":"https:\/\/pc.sc.gov.br\/index.php?rest_route=\/wp\/v2\/users\/5"}],"replies":[{"embeddable":true,"href":"https:\/\/pc.sc.gov.br\/index.php?rest_route=%2Fwp%2Fv2%2Fcomments&post=25919"}],"version-history":[{"count":3,"href":"https:\/\/pc.sc.gov.br\/index.php?rest_route=\/wp\/v2\/posts\/25919\/revisions"}],"predecessor-version":[{"id":25923,"href":"https:\/\/pc.sc.gov.br\/index.php?rest_route=\/wp\/v2\/posts\/25919\/revisions\/25923"}],"wp:featuredmedia":[{"embeddable":true,"href":"https:\/\/pc.sc.gov.br\/index.php?rest_route=\/wp\/v2\/media\/25920"}],"wp:attachment":[{"href":"https:\/\/pc.sc.gov.br\/index.php?rest_route=%2Fwp%2Fv2%2Fmedia&parent=25919"}],"wp:term":[{"taxonomy":"category","embeddable":true,"href":"https:\/\/pc.sc.gov.br\/index.php?rest_route=%2Fwp%2Fv2%2Fcategories&post=25919"},{"taxonomy":"post_tag","embeddable":true,"href":"https:\/\/pc.sc.gov.br\/index.php?rest_route=%2Fwp%2Fv2%2Ftags&post=25919"}],"curies":[{"name":"wp","href":"https:\/\/api.w.org\/{rel}","templated":true}]}}