{"id":25981,"date":"2025-01-16T14:15:29","date_gmt":"2025-01-16T17:15:29","guid":{"rendered":"https:\/\/pc.sc.gov.br\/?p=25981"},"modified":"2025-01-16T14:32:20","modified_gmt":"2025-01-16T17:32:20","slug":"operacao-barrados-dic-de-balneario-camboriu-prende-22-integrantes-de-faccao-criminosa-que-atuavam-no-municipio","status":"publish","type":"post","link":"https:\/\/pc.sc.gov.br\/?p=25981","title":{"rendered":"Opera\u00e7\u00e3o &#8220;Barrados&#8221;: DIC de Balne\u00e1rio Cambori\u00fa prende 22 integrantes de fac\u00e7\u00e3o criminosa atuante no munic\u00edpio"},"content":{"rendered":"\t\t<div data-elementor-type=\"wp-post\" data-elementor-id=\"25981\" class=\"elementor elementor-25981\" data-elementor-post-type=\"post\">\n\t\t\t\t\t\t<section class=\"elementor-section elementor-top-section elementor-element elementor-element-711233d elementor-section-boxed elementor-section-height-default elementor-section-height-default\" data-id=\"711233d\" data-element_type=\"section\">\n\t\t\t\t\t\t<div class=\"elementor-container elementor-column-gap-default\">\n\t\t\t\t\t<div class=\"elementor-column elementor-col-100 elementor-top-column elementor-element elementor-element-751c7a4\" data-id=\"751c7a4\" data-element_type=\"column\">\n\t\t\t<div class=\"elementor-widget-wrap elementor-element-populated\">\n\t\t\t\t\t\t<div class=\"elementor-element elementor-element-3a021ac elementor-widget elementor-widget-heading\" data-id=\"3a021ac\" data-element_type=\"widget\" data-widget_type=\"heading.default\">\n\t\t\t\t<div class=\"elementor-widget-container\">\n\t\t\t\t\t<h2 class=\"elementor-heading-title elementor-size-default\">Opera\u00e7\u00e3o \"Barrados\": DIC de Balne\u00e1rio Cambori\u00fa prende 22 integrantes de fac\u00e7\u00e3o criminosa atuante no munic\u00edpio<\/h2>\t\t\t\t<\/div>\n\t\t\t\t<\/div>\n\t\t\t\t\t<\/div>\n\t\t<\/div>\n\t\t\t\t\t<\/div>\n\t\t<\/section>\n\t\t\t\t<section class=\"elementor-section elementor-top-section elementor-element elementor-element-8609d84 elementor-section-boxed elementor-section-height-default elementor-section-height-default\" data-id=\"8609d84\" data-element_type=\"section\">\n\t\t\t\t\t\t<div class=\"elementor-container elementor-column-gap-default\">\n\t\t\t\t\t<div class=\"elementor-column elementor-col-100 elementor-top-column elementor-element elementor-element-4079e2b\" data-id=\"4079e2b\" data-element_type=\"column\">\n\t\t\t<div class=\"elementor-widget-wrap elementor-element-populated\">\n\t\t\t\t\t\t<div class=\"elementor-element elementor-element-ce0b525 elementor-widget elementor-widget-image\" data-id=\"ce0b525\" data-element_type=\"widget\" data-widget_type=\"image.default\">\n\t\t\t\t<div class=\"elementor-widget-container\">\n\t\t\t\t\t\t\t\t\t\t\t\t\t\t\t<img fetchpriority=\"high\" decoding=\"async\" width=\"696\" height=\"589\" src=\"https:\/\/pc.sc.gov.br\/\/wp-content\/uploads\/2025\/01\/0eda8186-ee55-4e20-bec1-daaea3b57f52-fotor-20250116135719-1024x867.jpg\" class=\"attachment-large size-large wp-image-25982\" alt=\"\" srcset=\"https:\/\/pc.sc.gov.br\/\/wp-content\/uploads\/2025\/01\/0eda8186-ee55-4e20-bec1-daaea3b57f52-fotor-20250116135719-1024x867.jpg 1024w, https:\/\/pc.sc.gov.br\/\/wp-content\/uploads\/2025\/01\/0eda8186-ee55-4e20-bec1-daaea3b57f52-fotor-20250116135719-300x254.jpg 300w, https:\/\/pc.sc.gov.br\/\/wp-content\/uploads\/2025\/01\/0eda8186-ee55-4e20-bec1-daaea3b57f52-fotor-20250116135719-768x650.jpg 768w, https:\/\/pc.sc.gov.br\/\/wp-content\/uploads\/2025\/01\/0eda8186-ee55-4e20-bec1-daaea3b57f52-fotor-20250116135719.jpg 1197w\" sizes=\"(max-width: 696px) 100vw, 696px\" \/>\t\t\t\t\t\t\t\t\t\t\t\t\t\t\t<\/div>\n\t\t\t\t<\/div>\n\t\t\t\t\t<\/div>\n\t\t<\/div>\n\t\t\t\t\t<\/div>\n\t\t<\/section>\n\t\t\t\t<section class=\"elementor-section elementor-top-section elementor-element elementor-element-2d668c3 elementor-section-boxed elementor-section-height-default elementor-section-height-default\" data-id=\"2d668c3\" data-element_type=\"section\">\n\t\t\t\t\t\t<div class=\"elementor-container elementor-column-gap-default\">\n\t\t\t\t\t<div class=\"elementor-column elementor-col-100 elementor-top-column elementor-element elementor-element-ff56a56\" data-id=\"ff56a56\" data-element_type=\"column\">\n\t\t\t<div class=\"elementor-widget-wrap elementor-element-populated\">\n\t\t\t\t\t\t<div class=\"elementor-element elementor-element-969f8f1 elementor-widget elementor-widget-text-editor\" data-id=\"969f8f1\" data-element_type=\"widget\" data-widget_type=\"text-editor.default\">\n\t\t\t\t<div class=\"elementor-widget-container\">\n\t\t\t\t\t\t\t\t\t<p>A Pol\u00edcia Civil de Santa Catarina, por meio da Delegacia de Investiga\u00e7\u00f5es Criminais (DIC) de Balne\u00e1rio Cambori\u00fa, deflagrou nesta quinta-feira (16) opera\u00e7\u00e3o para cumprimento de 58 ordens judiciais, sendo 29 de busca e apreens\u00e3o e 29 de pris\u00e3o preventiva contra membros de fac\u00e7\u00e3o criminosa atuante na cidade de Balne\u00e1rio Cambori\u00fa.\u00a0<\/p><p>A opera\u00e7\u00e3o, que teve como alvo principal o n\u00facleo da grupo que atua no bairro da Barra e adjac\u00eancias, \u00e9 um desdobramento de uma investiga\u00e7\u00e3o realizada em abril de 2024, quando um casal foi preso com cerca de 1,5 kg de maconha, 150 gramas de p\u00f3 e centenas pedras de crack.\u00a0<\/p><p>Ao final da opera\u00e7\u00e3o desta quinta-feira foram presos 22 integrantes da organiza\u00e7\u00e3o criminosa e apreendidas diversas por\u00e7\u00f5es de maconha, coca\u00edna e crack. Tamb\u00e9m foi determinado o bloqueio das contas banc\u00e1rias de dois investigados apontados como sendo \u201cdisciplinas\u201d da fac\u00e7\u00e3o no bairro da Barra.<\/p><p>Colabore com a Pol\u00edcia Civil fazendo den\u00fancias pelo telefone 181 ou atrav\u00e9s do WhatsApp, pelo n\u00famero (48)98844-0011. O sigilo \u00e9 absoluto!<\/p>\t\t\t\t\t\t\t\t<\/div>\n\t\t\t\t<\/div>\n\t\t\t\t\t<\/div>\n\t\t<\/div>\n\t\t\t\t\t<\/div>\n\t\t<\/section>\n\t\t\t\t<section class=\"elementor-section elementor-top-section elementor-element elementor-element-39fd3e9 elementor-section-boxed elementor-section-height-default elementor-section-height-default\" data-id=\"39fd3e9\" data-element_type=\"section\">\n\t\t\t\t\t\t<div class=\"elementor-container elementor-column-gap-default\">\n\t\t\t\t\t<div class=\"elementor-column elementor-col-100 elementor-top-column elementor-element elementor-element-6a8602b\" data-id=\"6a8602b\" data-element_type=\"column\">\n\t\t\t<div class=\"elementor-widget-wrap elementor-element-populated\">\n\t\t\t\t\t\t<div class=\"elementor-element elementor-element-950b001 elementor-widget__width-initial elementor-widget elementor-widget-video\" data-id=\"950b001\" data-element_type=\"widget\" data-settings=\"{&quot;video_type&quot;:&quot;hosted&quot;,&quot;controls&quot;:&quot;yes&quot;}\" data-widget_type=\"video.default\">\n\t\t\t\t<div class=\"elementor-widget-container\">\n\t\t\t\t\t\t\t<div class=\"e-hosted-video elementor-wrapper elementor-open-inline\">\n\t\t\t\t\t<video class=\"elementor-video\" src=\"https:\/\/pc.sc.gov.br\/wp-content\/uploads\/2025\/01\/WhatsApp-Video-2025-01-16-at-11.04.48.mp4\" controls=\"\" preload=\"metadata\"><\/video>\n\t\t\t\t<\/div>\n\t\t\t\t\t\t<\/div>\n\t\t\t\t<\/div>\n\t\t\t\t\t<\/div>\n\t\t<\/div>\n\t\t\t\t\t<\/div>\n\t\t<\/section>\n\t\t\t\t<\/div>\n\t\t","protected":false},"excerpt":{"rendered":"<p>Opera\u00e7\u00e3o &#8220;Barrados&#8221;: DIC de Balne\u00e1rio Cambori\u00fa prende 22 integrantes de fac\u00e7\u00e3o criminosa atuante no munic\u00edpio A Pol\u00edcia Civil de Santa Catarina, por meio da Delegacia de Investiga\u00e7\u00f5es Criminais (DIC) de Balne\u00e1rio Cambori\u00fa, deflagrou nesta quinta-feira (16) opera\u00e7\u00e3o para cumprimento de 58 ordens judiciais, sendo 29 de busca e apreens\u00e3o e 29 de pris\u00e3o preventiva contra [&hellip;]<\/p>\n","protected":false},"author":5,"featured_media":25982,"comment_status":"closed","ping_status":"open","sticky":false,"template":"","format":"standard","meta":{"_monsterinsights_skip_tracking":false,"_monsterinsights_sitenote_active":false,"_monsterinsights_sitenote_note":"","_monsterinsights_sitenote_category":0,"footnotes":""},"categories":[1],"tags":[],"class_list":["post-25981","post","type-post","status-publish","format-standard","has-post-thumbnail","hentry","category-sem-categoria"],"_links":{"self":[{"href":"https:\/\/pc.sc.gov.br\/index.php?rest_route=\/wp\/v2\/posts\/25981","targetHints":{"allow":["GET"]}}],"collection":[{"href":"https:\/\/pc.sc.gov.br\/index.php?rest_route=\/wp\/v2\/posts"}],"about":[{"href":"https:\/\/pc.sc.gov.br\/index.php?rest_route=\/wp\/v2\/types\/post"}],"author":[{"embeddable":true,"href":"https:\/\/pc.sc.gov.br\/index.php?rest_route=\/wp\/v2\/users\/5"}],"replies":[{"embeddable":true,"href":"https:\/\/pc.sc.gov.br\/index.php?rest_route=%2Fwp%2Fv2%2Fcomments&post=25981"}],"version-history":[{"count":5,"href":"https:\/\/pc.sc.gov.br\/index.php?rest_route=\/wp\/v2\/posts\/25981\/revisions"}],"predecessor-version":[{"id":25988,"href":"https:\/\/pc.sc.gov.br\/index.php?rest_route=\/wp\/v2\/posts\/25981\/revisions\/25988"}],"wp:featuredmedia":[{"embeddable":true,"href":"https:\/\/pc.sc.gov.br\/index.php?rest_route=\/wp\/v2\/media\/25982"}],"wp:attachment":[{"href":"https:\/\/pc.sc.gov.br\/index.php?rest_route=%2Fwp%2Fv2%2Fmedia&parent=25981"}],"wp:term":[{"taxonomy":"category","embeddable":true,"href":"https:\/\/pc.sc.gov.br\/index.php?rest_route=%2Fwp%2Fv2%2Fcategories&post=25981"},{"taxonomy":"post_tag","embeddable":true,"href":"https:\/\/pc.sc.gov.br\/index.php?rest_route=%2Fwp%2Fv2%2Ftags&post=25981"}],"curies":[{"name":"wp","href":"https:\/\/api.w.org\/{rel}","templated":true}]}}