{"id":25989,"date":"2025-01-16T15:05:35","date_gmt":"2025-01-16T18:05:35","guid":{"rendered":"https:\/\/pc.sc.gov.br\/?p=25989"},"modified":"2025-01-16T15:06:28","modified_gmt":"2025-01-16T18:06:28","slug":"dic-de-itajai-divulga-balanco-de-acoes-no-ano-de-2024","status":"publish","type":"post","link":"https:\/\/pc.sc.gov.br\/?p=25989","title":{"rendered":"DIC de Itaja\u00ed divulga balan\u00e7o de a\u00e7\u00f5es no ano de 2024"},"content":{"rendered":"\t\t<div data-elementor-type=\"wp-post\" data-elementor-id=\"25989\" class=\"elementor elementor-25989\" data-elementor-post-type=\"post\">\n\t\t\t\t\t\t<section class=\"elementor-section elementor-top-section elementor-element elementor-element-6e92aa5 elementor-section-boxed elementor-section-height-default elementor-section-height-default\" data-id=\"6e92aa5\" data-element_type=\"section\">\n\t\t\t\t\t\t<div class=\"elementor-container elementor-column-gap-default\">\n\t\t\t\t\t<div class=\"elementor-column elementor-col-100 elementor-top-column elementor-element elementor-element-7f35e76\" data-id=\"7f35e76\" data-element_type=\"column\">\n\t\t\t<div class=\"elementor-widget-wrap elementor-element-populated\">\n\t\t\t\t\t\t<div class=\"elementor-element elementor-element-e1080fd elementor-widget elementor-widget-heading\" data-id=\"e1080fd\" data-element_type=\"widget\" data-widget_type=\"heading.default\">\n\t\t\t\t<div class=\"elementor-widget-container\">\n\t\t\t\t\t<h2 class=\"elementor-heading-title elementor-size-default\">DIC de Itaja\u00ed divulga balan\u00e7o de a\u00e7\u00f5es no ano de 2024<\/h2>\t\t\t\t<\/div>\n\t\t\t\t<\/div>\n\t\t\t\t\t<\/div>\n\t\t<\/div>\n\t\t\t\t\t<\/div>\n\t\t<\/section>\n\t\t\t\t<section class=\"elementor-section elementor-top-section elementor-element elementor-element-5f2d683 elementor-section-boxed elementor-section-height-default elementor-section-height-default\" data-id=\"5f2d683\" data-element_type=\"section\">\n\t\t\t\t\t\t<div class=\"elementor-container elementor-column-gap-default\">\n\t\t\t\t\t<div class=\"elementor-column elementor-col-100 elementor-top-column elementor-element elementor-element-4e055d6\" data-id=\"4e055d6\" data-element_type=\"column\">\n\t\t\t<div class=\"elementor-widget-wrap elementor-element-populated\">\n\t\t\t\t\t\t<div class=\"elementor-element elementor-element-19d8030 elementor-widget elementor-widget-image\" data-id=\"19d8030\" data-element_type=\"widget\" data-widget_type=\"image.default\">\n\t\t\t\t<div class=\"elementor-widget-container\">\n\t\t\t\t\t\t\t\t\t\t\t\t\t\t\t<img fetchpriority=\"high\" decoding=\"async\" width=\"696\" height=\"522\" src=\"https:\/\/pc.sc.gov.br\/\/wp-content\/uploads\/2025\/01\/WhatsApp-Image-2025-01-15-at-17.56.56-1024x768.jpeg\" class=\"attachment-large size-large wp-image-25990\" alt=\"\" srcset=\"https:\/\/pc.sc.gov.br\/\/wp-content\/uploads\/2025\/01\/WhatsApp-Image-2025-01-15-at-17.56.56-1024x768.jpeg 1024w, https:\/\/pc.sc.gov.br\/\/wp-content\/uploads\/2025\/01\/WhatsApp-Image-2025-01-15-at-17.56.56-300x225.jpeg 300w, https:\/\/pc.sc.gov.br\/\/wp-content\/uploads\/2025\/01\/WhatsApp-Image-2025-01-15-at-17.56.56-768x576.jpeg 768w, https:\/\/pc.sc.gov.br\/\/wp-content\/uploads\/2025\/01\/WhatsApp-Image-2025-01-15-at-17.56.56.jpeg 1040w\" sizes=\"(max-width: 696px) 100vw, 696px\" \/>\t\t\t\t\t\t\t\t\t\t\t\t\t\t\t<\/div>\n\t\t\t\t<\/div>\n\t\t\t\t\t<\/div>\n\t\t<\/div>\n\t\t\t\t\t<\/div>\n\t\t<\/section>\n\t\t\t\t<section class=\"elementor-section elementor-top-section elementor-element elementor-element-72e67b4 elementor-section-boxed elementor-section-height-default elementor-section-height-default\" data-id=\"72e67b4\" data-element_type=\"section\">\n\t\t\t\t\t\t<div class=\"elementor-container elementor-column-gap-default\">\n\t\t\t\t\t<div class=\"elementor-column elementor-col-100 elementor-top-column elementor-element elementor-element-80b5fc4\" data-id=\"80b5fc4\" data-element_type=\"column\">\n\t\t\t<div class=\"elementor-widget-wrap elementor-element-populated\">\n\t\t\t\t\t\t<div class=\"elementor-element elementor-element-ba043cd elementor-widget elementor-widget-text-editor\" data-id=\"ba043cd\" data-element_type=\"widget\" data-widget_type=\"text-editor.default\">\n\t\t\t\t<div class=\"elementor-widget-container\">\n\t\t\t\t\t\t\t\t\t<p>A Pol\u00edcia Civil de Santa Catarina, por meio do Departamento de Investiga\u00e7\u00f5es Criminais de Itaja\u00ed, integrado pela Delegacia de Combate \u00e0s Drogas (DECOD), Delegacia de Homic\u00eddios (DH) e Delegacia de Repress\u00e3o a Roubos (DRR), divulgou nesta quinta-feira (16) o balan\u00e7o de suas a\u00e7\u00f5es no ano de 2024.<\/p>\n<p>A DIC de Itaja\u00ed cumpriu 110 mandados de pris\u00e3o e 157 mandados de busca e apreens\u00e3o domiciliar, o que representa um crescimento de 61% em rela\u00e7\u00e3o ao ano anterior. Al\u00e9m disso, foram presos 76 suspeitos em flagrante delito, valor 253% superior a 2023 e que a coloca como a unidade da Pol\u00edcia Civil que mais realizou pris\u00f5es em flagrante em Santa Catarina.&nbsp;<\/p>\n<p>Foram registradas ainda in\u00fameras apreens\u00f5es de quantidade significativa de drogas (cerca de 520kg de maconha e 50kg de crack\/coca\u00edna) e de 19 armas de fogo (1 fuzil, 6 pistolas, 7 rev\u00f3lveres e 5 outras armas longas).&nbsp;<\/p>\n<p>No quadro geral, a DIC de Itaja\u00ed ficou entre as 10 unidades com melhores \u00edndices de produtividade da Pol\u00edcia Civil de Santa Catarina.&nbsp;<\/p>\n<p>No que se refere \u00e0 apura\u00e7\u00e3o de mortes violentas, Itaja\u00ed apresenta um \u00edndice de resolubilidade de 74%, com destaque para as r\u00e1pidas repostas aos b\u00e1rbaros casos de duplo homic\u00eddio de um casal ocorrido no bairro Espinheiros, em novembro, e de latroc\u00ednio de uma mulher ocorrido no bairro Fazenda, em janeiro.&nbsp;<\/p>\n<p>Por fim, cumpre ainda ressaltar a opera\u00e7\u00e3o de captura do autor de duplo estupro cometido na Praia Brava que culminou no recebimento de Mo\u00e7\u00e3o Honrosa da Assembleia Legislativa do Estado de Santa Catarina (ALESC) pela unidade.<span style=\"color: var( --e-global-color-text ); font-family: var( --e-global-typography-primary-font-family ), Sans-serif; font-size: var( --e-global-typography-primary-font-size ); font-weight: var( --e-global-typography-primary-font-weight ); letter-spacing: var( --e-global-typography-primary-letter-spacing );\">&nbsp;<\/span><\/p>\t\t\t\t\t\t\t\t<\/div>\n\t\t\t\t<\/div>\n\t\t\t\t\t<\/div>\n\t\t<\/div>\n\t\t\t\t\t<\/div>\n\t\t<\/section>\n\t\t\t\t<\/div>\n\t\t","protected":false},"excerpt":{"rendered":"<p>DIC de Itaja\u00ed divulga balan\u00e7o de a\u00e7\u00f5es no ano de 2024 A Pol\u00edcia Civil de Santa Catarina, por meio do Departamento de Investiga\u00e7\u00f5es Criminais de Itaja\u00ed, integrado pela Delegacia de Combate \u00e0s Drogas (DECOD), Delegacia de Homic\u00eddios (DH) e Delegacia de Repress\u00e3o a Roubos (DRR), divulgou nesta quinta-feira (16) o balan\u00e7o de suas a\u00e7\u00f5es no [&hellip;]<\/p>\n","protected":false},"author":5,"featured_media":25990,"comment_status":"closed","ping_status":"open","sticky":false,"template":"","format":"standard","meta":{"_monsterinsights_skip_tracking":false,"_monsterinsights_sitenote_active":false,"_monsterinsights_sitenote_note":"","_monsterinsights_sitenote_category":0,"footnotes":""},"categories":[1],"tags":[],"class_list":["post-25989","post","type-post","status-publish","format-standard","has-post-thumbnail","hentry","category-sem-categoria"],"_links":{"self":[{"href":"https:\/\/pc.sc.gov.br\/index.php?rest_route=\/wp\/v2\/posts\/25989","targetHints":{"allow":["GET"]}}],"collection":[{"href":"https:\/\/pc.sc.gov.br\/index.php?rest_route=\/wp\/v2\/posts"}],"about":[{"href":"https:\/\/pc.sc.gov.br\/index.php?rest_route=\/wp\/v2\/types\/post"}],"author":[{"embeddable":true,"href":"https:\/\/pc.sc.gov.br\/index.php?rest_route=\/wp\/v2\/users\/5"}],"replies":[{"embeddable":true,"href":"https:\/\/pc.sc.gov.br\/index.php?rest_route=%2Fwp%2Fv2%2Fcomments&post=25989"}],"version-history":[{"count":4,"href":"https:\/\/pc.sc.gov.br\/index.php?rest_route=\/wp\/v2\/posts\/25989\/revisions"}],"predecessor-version":[{"id":25994,"href":"https:\/\/pc.sc.gov.br\/index.php?rest_route=\/wp\/v2\/posts\/25989\/revisions\/25994"}],"wp:featuredmedia":[{"embeddable":true,"href":"https:\/\/pc.sc.gov.br\/index.php?rest_route=\/wp\/v2\/media\/25990"}],"wp:attachment":[{"href":"https:\/\/pc.sc.gov.br\/index.php?rest_route=%2Fwp%2Fv2%2Fmedia&parent=25989"}],"wp:term":[{"taxonomy":"category","embeddable":true,"href":"https:\/\/pc.sc.gov.br\/index.php?rest_route=%2Fwp%2Fv2%2Fcategories&post=25989"},{"taxonomy":"post_tag","embeddable":true,"href":"https:\/\/pc.sc.gov.br\/index.php?rest_route=%2Fwp%2Fv2%2Ftags&post=25989"}],"curies":[{"name":"wp","href":"https:\/\/api.w.org\/{rel}","templated":true}]}}