{"id":25996,"date":"2025-01-16T16:47:07","date_gmt":"2025-01-16T19:47:07","guid":{"rendered":"https:\/\/pc.sc.gov.br\/?p=25996"},"modified":"2025-01-16T16:49:19","modified_gmt":"2025-01-16T19:49:19","slug":"delegacia-de-imbituba-localiza-e-prende-casal-suspeito-de-furtos-na-praia-do-rosa","status":"publish","type":"post","link":"https:\/\/pc.sc.gov.br\/?p=25996","title":{"rendered":"Delegacia de Imbituba localiza e prende casal suspeito de furtos na Praia do Rosa"},"content":{"rendered":"\t\t<div data-elementor-type=\"wp-post\" data-elementor-id=\"25996\" class=\"elementor elementor-25996\" data-elementor-post-type=\"post\">\n\t\t\t\t\t\t<section class=\"elementor-section elementor-top-section elementor-element elementor-element-56e7a96 elementor-section-boxed elementor-section-height-default elementor-section-height-default\" data-id=\"56e7a96\" data-element_type=\"section\">\n\t\t\t\t\t\t<div class=\"elementor-container elementor-column-gap-default\">\n\t\t\t\t\t<div class=\"elementor-column elementor-col-100 elementor-top-column elementor-element elementor-element-04f5955\" data-id=\"04f5955\" data-element_type=\"column\">\n\t\t\t<div class=\"elementor-widget-wrap elementor-element-populated\">\n\t\t\t\t\t\t<div class=\"elementor-element elementor-element-992e936 elementor-widget elementor-widget-heading\" data-id=\"992e936\" data-element_type=\"widget\" data-widget_type=\"heading.default\">\n\t\t\t\t<div class=\"elementor-widget-container\">\n\t\t\t\t\t<h2 class=\"elementor-heading-title elementor-size-default\">Delegacia de Imbituba localiza e prende casal suspeito de furtos na Praia do Rosa<\/h2>\t\t\t\t<\/div>\n\t\t\t\t<\/div>\n\t\t\t\t\t<\/div>\n\t\t<\/div>\n\t\t\t\t\t<\/div>\n\t\t<\/section>\n\t\t\t\t<section class=\"elementor-section elementor-top-section elementor-element elementor-element-f593d01 elementor-section-boxed elementor-section-height-default elementor-section-height-default\" data-id=\"f593d01\" data-element_type=\"section\">\n\t\t\t\t\t\t<div class=\"elementor-container elementor-column-gap-default\">\n\t\t\t\t\t<div class=\"elementor-column elementor-col-100 elementor-top-column elementor-element elementor-element-d1177c8\" data-id=\"d1177c8\" data-element_type=\"column\">\n\t\t\t<div class=\"elementor-widget-wrap elementor-element-populated\">\n\t\t\t\t\t\t<div class=\"elementor-element elementor-element-3a3438e elementor-widget elementor-widget-image\" data-id=\"3a3438e\" data-element_type=\"widget\" data-widget_type=\"image.default\">\n\t\t\t\t<div class=\"elementor-widget-container\">\n\t\t\t\t\t\t\t\t\t\t\t\t\t\t\t<img fetchpriority=\"high\" decoding=\"async\" width=\"696\" height=\"680\" src=\"https:\/\/pc.sc.gov.br\/\/wp-content\/uploads\/2025\/01\/4e8e8dc1-c5f0-4389-b867-2afd3b1d8705-fotor-20250116152416-1024x1001.png\" class=\"attachment-large size-large wp-image-25997\" alt=\"\" srcset=\"https:\/\/pc.sc.gov.br\/\/wp-content\/uploads\/2025\/01\/4e8e8dc1-c5f0-4389-b867-2afd3b1d8705-fotor-20250116152416-1024x1001.png 1024w, https:\/\/pc.sc.gov.br\/\/wp-content\/uploads\/2025\/01\/4e8e8dc1-c5f0-4389-b867-2afd3b1d8705-fotor-20250116152416-300x293.png 300w, https:\/\/pc.sc.gov.br\/\/wp-content\/uploads\/2025\/01\/4e8e8dc1-c5f0-4389-b867-2afd3b1d8705-fotor-20250116152416-768x751.png 768w, https:\/\/pc.sc.gov.br\/\/wp-content\/uploads\/2025\/01\/4e8e8dc1-c5f0-4389-b867-2afd3b1d8705-fotor-20250116152416.png 1200w\" sizes=\"(max-width: 696px) 100vw, 696px\" \/>\t\t\t\t\t\t\t\t\t\t\t\t\t\t\t<\/div>\n\t\t\t\t<\/div>\n\t\t\t\t\t<\/div>\n\t\t<\/div>\n\t\t\t\t\t<\/div>\n\t\t<\/section>\n\t\t\t\t<section class=\"elementor-section elementor-top-section elementor-element elementor-element-7399c3e elementor-section-boxed elementor-section-height-default elementor-section-height-default\" data-id=\"7399c3e\" data-element_type=\"section\">\n\t\t\t\t\t\t<div class=\"elementor-container elementor-column-gap-default\">\n\t\t\t\t\t<div class=\"elementor-column elementor-col-100 elementor-top-column elementor-element elementor-element-b2c01ee\" data-id=\"b2c01ee\" data-element_type=\"column\">\n\t\t\t<div class=\"elementor-widget-wrap elementor-element-populated\">\n\t\t\t\t\t\t<div class=\"elementor-element elementor-element-60cd94c elementor-widget elementor-widget-text-editor\" data-id=\"60cd94c\" data-element_type=\"widget\" data-widget_type=\"text-editor.default\">\n\t\t\t\t<div class=\"elementor-widget-container\">\n\t\t\t\t\t\t\t\t\t<p>A Pol\u00edcia Civil de Santa Catarina, por meio da Delegacia de Pol\u00edcia da Comarca de Imbituba (DPCo) prendeu na manh\u00e3 desta quinta-feira (16), em Bigua\u00e7u, um casal suspeito de uma s\u00e9rie de furtos realizados na regi\u00e3o da Praia do Rosa. A opera\u00e7\u00e3o foi realizada em conjunto com o 24\u00ba Batalh\u00e3o de Pol\u00edcia Militar de Bigua\u00e7u.<\/p><p>Os mandados de pris\u00e3o decorreram de Inqu\u00e9rito Policial que tramita na DPCo de Imbituba, cuja investiga\u00e7\u00e3o contou com o apoio incondicional da Ag\u00eancia de Intelig\u00eancia do 34 Batalh\u00e3o da Pol\u00edcia Militar.\u00a0<\/p><p>O casal \u00e9 suspeito de ao menos 7 furtos em ve\u00edculos que estavam estacionados nas proximidades da Praia do Rosa, no bairro Ibiraquera, em Imbituba, no per\u00edodo de outubro de 2024 a janeiro de 2025.\u00a0<\/p><p>Nesta quinta-feira (16), a Delegacia de Pol\u00edcia de Imbituba, em conjunto com o 24\u00ba Batalh\u00e3o de Pol\u00edcia Militar de Bigua\u00e7u), deflagrou opera\u00e7\u00e3o que culminou na pris\u00e3o dos suspeitos, na recupera\u00e7\u00e3o de, ao menos, dois celulares furtados e na apreens\u00e3o de objetos de interesse \u00e0 investiga\u00e7\u00e3o.<\/p>\t\t\t\t\t\t\t\t<\/div>\n\t\t\t\t<\/div>\n\t\t\t\t\t<\/div>\n\t\t<\/div>\n\t\t\t\t\t<\/div>\n\t\t<\/section>\n\t\t\t\t<\/div>\n\t\t","protected":false},"excerpt":{"rendered":"<p>Delegacia de Imbituba localiza e prende casal suspeito de furtos na Praia do Rosa A Pol\u00edcia Civil de Santa Catarina, por meio da Delegacia de Pol\u00edcia da Comarca de Imbituba (DPCo) prendeu na manh\u00e3 desta quinta-feira (16), em Bigua\u00e7u, um casal suspeito de uma s\u00e9rie de furtos realizados na regi\u00e3o da Praia do Rosa. A [&hellip;]<\/p>\n","protected":false},"author":5,"featured_media":25997,"comment_status":"closed","ping_status":"open","sticky":false,"template":"","format":"standard","meta":{"_monsterinsights_skip_tracking":false,"_monsterinsights_sitenote_active":false,"_monsterinsights_sitenote_note":"","_monsterinsights_sitenote_category":0,"footnotes":""},"categories":[1],"tags":[],"class_list":["post-25996","post","type-post","status-publish","format-standard","has-post-thumbnail","hentry","category-sem-categoria"],"_links":{"self":[{"href":"https:\/\/pc.sc.gov.br\/index.php?rest_route=\/wp\/v2\/posts\/25996","targetHints":{"allow":["GET"]}}],"collection":[{"href":"https:\/\/pc.sc.gov.br\/index.php?rest_route=\/wp\/v2\/posts"}],"about":[{"href":"https:\/\/pc.sc.gov.br\/index.php?rest_route=\/wp\/v2\/types\/post"}],"author":[{"embeddable":true,"href":"https:\/\/pc.sc.gov.br\/index.php?rest_route=\/wp\/v2\/users\/5"}],"replies":[{"embeddable":true,"href":"https:\/\/pc.sc.gov.br\/index.php?rest_route=%2Fwp%2Fv2%2Fcomments&post=25996"}],"version-history":[{"count":3,"href":"https:\/\/pc.sc.gov.br\/index.php?rest_route=\/wp\/v2\/posts\/25996\/revisions"}],"predecessor-version":[{"id":26000,"href":"https:\/\/pc.sc.gov.br\/index.php?rest_route=\/wp\/v2\/posts\/25996\/revisions\/26000"}],"wp:featuredmedia":[{"embeddable":true,"href":"https:\/\/pc.sc.gov.br\/index.php?rest_route=\/wp\/v2\/media\/25997"}],"wp:attachment":[{"href":"https:\/\/pc.sc.gov.br\/index.php?rest_route=%2Fwp%2Fv2%2Fmedia&parent=25996"}],"wp:term":[{"taxonomy":"category","embeddable":true,"href":"https:\/\/pc.sc.gov.br\/index.php?rest_route=%2Fwp%2Fv2%2Fcategories&post=25996"},{"taxonomy":"post_tag","embeddable":true,"href":"https:\/\/pc.sc.gov.br\/index.php?rest_route=%2Fwp%2Fv2%2Ftags&post=25996"}],"curies":[{"name":"wp","href":"https:\/\/api.w.org\/{rel}","templated":true}]}}