{"id":26002,"date":"2025-01-16T17:48:03","date_gmt":"2025-01-16T20:48:03","guid":{"rendered":"https:\/\/pc.sc.gov.br\/?p=26002"},"modified":"2025-01-16T17:48:53","modified_gmt":"2025-01-16T20:48:53","slug":"tres-pessoas-sao-presas-em-sao-jose-por-diversos-crimes-apos-operacao-policial-conjunta","status":"publish","type":"post","link":"https:\/\/pc.sc.gov.br\/?p=26002","title":{"rendered":"Tr\u00eas pessoas s\u00e3o presas em S\u00e3o Jos\u00e9 por diversos crimes ap\u00f3s opera\u00e7\u00e3o policial conjunta"},"content":{"rendered":"\t\t<div data-elementor-type=\"wp-post\" data-elementor-id=\"26002\" class=\"elementor elementor-26002\" data-elementor-post-type=\"post\">\n\t\t\t\t\t\t<section class=\"elementor-section elementor-top-section elementor-element elementor-element-7a8f9b1 elementor-section-boxed elementor-section-height-default elementor-section-height-default\" data-id=\"7a8f9b1\" data-element_type=\"section\">\n\t\t\t\t\t\t<div class=\"elementor-container elementor-column-gap-default\">\n\t\t\t\t\t<div class=\"elementor-column elementor-col-100 elementor-top-column elementor-element elementor-element-6ea34d7\" data-id=\"6ea34d7\" data-element_type=\"column\">\n\t\t\t<div class=\"elementor-widget-wrap elementor-element-populated\">\n\t\t\t\t\t\t<div class=\"elementor-element elementor-element-345c8d0 elementor-widget elementor-widget-heading\" data-id=\"345c8d0\" data-element_type=\"widget\" data-widget_type=\"heading.default\">\n\t\t\t\t<div class=\"elementor-widget-container\">\n\t\t\t\t\t<h2 class=\"elementor-heading-title elementor-size-default\">Tr\u00eas pessoas s\u00e3o presas em S\u00e3o Jos\u00e9 por diversos crimes ap\u00f3s opera\u00e7\u00e3o policial conjunta<\/h2>\t\t\t\t<\/div>\n\t\t\t\t<\/div>\n\t\t\t\t<div class=\"elementor-element elementor-element-da00e92 elementor-widget elementor-widget-image\" data-id=\"da00e92\" data-element_type=\"widget\" data-widget_type=\"image.default\">\n\t\t\t\t<div class=\"elementor-widget-container\">\n\t\t\t\t\t\t\t\t\t\t\t\t\t\t\t<img fetchpriority=\"high\" decoding=\"async\" width=\"696\" height=\"504\" src=\"https:\/\/pc.sc.gov.br\/\/wp-content\/uploads\/2025\/01\/WhatsApp-Image-2024-10-23-at-20.23.01-1024x742.jpeg\" class=\"attachment-large size-large wp-image-25838\" alt=\"\" srcset=\"https:\/\/pc.sc.gov.br\/\/wp-content\/uploads\/2025\/01\/WhatsApp-Image-2024-10-23-at-20.23.01-1024x742.jpeg 1024w, https:\/\/pc.sc.gov.br\/\/wp-content\/uploads\/2025\/01\/WhatsApp-Image-2024-10-23-at-20.23.01-300x217.jpeg 300w, https:\/\/pc.sc.gov.br\/\/wp-content\/uploads\/2025\/01\/WhatsApp-Image-2024-10-23-at-20.23.01-768x556.jpeg 768w, https:\/\/pc.sc.gov.br\/\/wp-content\/uploads\/2025\/01\/WhatsApp-Image-2024-10-23-at-20.23.01.jpeg 1179w\" sizes=\"(max-width: 696px) 100vw, 696px\" \/>\t\t\t\t\t\t\t\t\t\t\t\t\t\t\t<\/div>\n\t\t\t\t<\/div>\n\t\t\t\t\t<\/div>\n\t\t<\/div>\n\t\t\t\t\t<\/div>\n\t\t<\/section>\n\t\t\t\t<section class=\"elementor-section elementor-top-section elementor-element elementor-element-e1a4a93 elementor-section-boxed elementor-section-height-default elementor-section-height-default\" data-id=\"e1a4a93\" data-element_type=\"section\">\n\t\t\t\t\t\t<div class=\"elementor-container elementor-column-gap-default\">\n\t\t\t\t\t<div class=\"elementor-column elementor-col-100 elementor-top-column elementor-element elementor-element-e6ca3d0\" data-id=\"e6ca3d0\" data-element_type=\"column\">\n\t\t\t<div class=\"elementor-widget-wrap elementor-element-populated\">\n\t\t\t\t\t\t<div class=\"elementor-element elementor-element-4b729fa elementor-widget elementor-widget-text-editor\" data-id=\"4b729fa\" data-element_type=\"widget\" data-widget_type=\"text-editor.default\">\n\t\t\t\t<div class=\"elementor-widget-container\">\n\t\t\t\t\t\t\t\t\t<p>Na manh\u00e3 desta quarta-feira (16\/01), uma opera\u00e7\u00e3o conjunta, envolvendo a Pol\u00edcia Civil de Santa Catarina, por meio da Delegacia de Furtos e Roubos de Ve\u00edculos da Diretoria Estadual de Investiga\u00e7\u00f5es Criminais, a Guarda Municipal de S\u00e3o Jos\u00e9 e a Pol\u00edcia Militar, resultou na pris\u00e3o de tr\u00eas pessoas na cidade de S\u00e3o Jos\u00e9. Os detidos foram autuados pelos crimes de recepta\u00e7\u00e3o, associa\u00e7\u00e3o criminosa, dano qualificado e tentativa de homic\u00eddio.<\/p><p>De acordo com as autoridades, os suspeitos haviam roubado um ve\u00edculo na cidade de Bombinhas na \u00faltima ter\u00e7a-feira (15) e fugido para S\u00e3o Jos\u00e9. Ap\u00f3s monitoramento das for\u00e7as de seguran\u00e7a, os criminosos foram localizados e abordados. Durante a tentativa de abordagem, os suspeitos reagiram e tentaram atropelar os policiais, colocando em risco a integridade dos agentes.<\/p><p>No confronto, um dos criminosos foi baleado e encaminhado ao hospital, onde permanece sob cust\u00f3dia. Ele foi autuado em flagrante junto com os outros dois envolvidos.<\/p><p>A opera\u00e7\u00e3o foi coordenada pelo delegado Anselmo Cruz, que destacou o trabalho integrado das for\u00e7as de seguran\u00e7a na r\u00e1pida resposta ao crime. &#8220;Essa a\u00e7\u00e3o demonstra a efici\u00eancia da atua\u00e7\u00e3o conjunta entre as for\u00e7as policiais para garantir a seguran\u00e7a da popula\u00e7\u00e3o&#8221;, afirmou o delegado.<\/p><p>As investiga\u00e7\u00f5es continuam para apurar o envolvimento do grupo em outros crimes na regi\u00e3o.<\/p>\t\t\t\t\t\t\t\t<\/div>\n\t\t\t\t<\/div>\n\t\t\t\t\t<\/div>\n\t\t<\/div>\n\t\t\t\t\t<\/div>\n\t\t<\/section>\n\t\t\t\t<\/div>\n\t\t","protected":false},"excerpt":{"rendered":"<p>Tr\u00eas pessoas s\u00e3o presas em S\u00e3o Jos\u00e9 por diversos crimes ap\u00f3s opera\u00e7\u00e3o policial conjunta Na manh\u00e3 desta quarta-feira (16\/01), uma opera\u00e7\u00e3o conjunta, envolvendo a Pol\u00edcia Civil de Santa Catarina, por meio da Delegacia de Furtos e Roubos de Ve\u00edculos da Diretoria Estadual de Investiga\u00e7\u00f5es Criminais, a Guarda Municipal de S\u00e3o Jos\u00e9 e a Pol\u00edcia Militar, [&hellip;]<\/p>\n","protected":false},"author":5,"featured_media":25838,"comment_status":"closed","ping_status":"open","sticky":false,"template":"","format":"standard","meta":{"_monsterinsights_skip_tracking":false,"_monsterinsights_sitenote_active":false,"_monsterinsights_sitenote_note":"","_monsterinsights_sitenote_category":0,"footnotes":""},"categories":[1],"tags":[],"class_list":["post-26002","post","type-post","status-publish","format-standard","has-post-thumbnail","hentry","category-sem-categoria"],"_links":{"self":[{"href":"https:\/\/pc.sc.gov.br\/index.php?rest_route=\/wp\/v2\/posts\/26002","targetHints":{"allow":["GET"]}}],"collection":[{"href":"https:\/\/pc.sc.gov.br\/index.php?rest_route=\/wp\/v2\/posts"}],"about":[{"href":"https:\/\/pc.sc.gov.br\/index.php?rest_route=\/wp\/v2\/types\/post"}],"author":[{"embeddable":true,"href":"https:\/\/pc.sc.gov.br\/index.php?rest_route=\/wp\/v2\/users\/5"}],"replies":[{"embeddable":true,"href":"https:\/\/pc.sc.gov.br\/index.php?rest_route=%2Fwp%2Fv2%2Fcomments&post=26002"}],"version-history":[{"count":4,"href":"https:\/\/pc.sc.gov.br\/index.php?rest_route=\/wp\/v2\/posts\/26002\/revisions"}],"predecessor-version":[{"id":26006,"href":"https:\/\/pc.sc.gov.br\/index.php?rest_route=\/wp\/v2\/posts\/26002\/revisions\/26006"}],"wp:featuredmedia":[{"embeddable":true,"href":"https:\/\/pc.sc.gov.br\/index.php?rest_route=\/wp\/v2\/media\/25838"}],"wp:attachment":[{"href":"https:\/\/pc.sc.gov.br\/index.php?rest_route=%2Fwp%2Fv2%2Fmedia&parent=26002"}],"wp:term":[{"taxonomy":"category","embeddable":true,"href":"https:\/\/pc.sc.gov.br\/index.php?rest_route=%2Fwp%2Fv2%2Fcategories&post=26002"},{"taxonomy":"post_tag","embeddable":true,"href":"https:\/\/pc.sc.gov.br\/index.php?rest_route=%2Fwp%2Fv2%2Ftags&post=26002"}],"curies":[{"name":"wp","href":"https:\/\/api.w.org\/{rel}","templated":true}]}}