{"id":26007,"date":"2025-01-17T12:27:09","date_gmt":"2025-01-17T15:27:09","guid":{"rendered":"https:\/\/pc.sc.gov.br\/?p=26007"},"modified":"2025-01-17T12:28:59","modified_gmt":"2025-01-17T15:28:59","slug":"policia-civil-deflagra-3a-fase-da-operacao-celula-sul-e-prende-dez-suspeitos-por-integrarem-organizacao-criminosa-em-criciuma","status":"publish","type":"post","link":"https:\/\/pc.sc.gov.br\/?p=26007","title":{"rendered":"Pol\u00edcia Civil deflagra 3\u00aa fase da opera\u00e7\u00e3o \u201cC\u00e9lula Sul\u201d e prende dez suspeitos por integrarem organiza\u00e7\u00e3o criminosa em Crici\u00fama"},"content":{"rendered":"\t\t<div data-elementor-type=\"wp-post\" data-elementor-id=\"26007\" class=\"elementor elementor-26007\" data-elementor-post-type=\"post\">\n\t\t\t\t\t\t<section class=\"elementor-section elementor-top-section elementor-element elementor-element-b54d676 elementor-section-boxed elementor-section-height-default elementor-section-height-default\" data-id=\"b54d676\" data-element_type=\"section\">\n\t\t\t\t\t\t<div class=\"elementor-container elementor-column-gap-default\">\n\t\t\t\t\t<div class=\"elementor-column elementor-col-100 elementor-top-column elementor-element elementor-element-21078f5\" data-id=\"21078f5\" data-element_type=\"column\">\n\t\t\t<div class=\"elementor-widget-wrap elementor-element-populated\">\n\t\t\t\t\t\t<div class=\"elementor-element elementor-element-0741200 elementor-widget elementor-widget-heading\" data-id=\"0741200\" data-element_type=\"widget\" data-widget_type=\"heading.default\">\n\t\t\t\t<div class=\"elementor-widget-container\">\n\t\t\t\t\t<h2 class=\"elementor-heading-title elementor-size-default\">Pol\u00edcia Civil deflagra 3\u00aa fase da opera\u00e7\u00e3o \u201cC\u00e9lula Sul\u201d e prende dez suspeitos por integrarem organiza\u00e7\u00e3o criminosa em Crici\u00fama<\/h2>\t\t\t\t<\/div>\n\t\t\t\t<\/div>\n\t\t\t\t\t<\/div>\n\t\t<\/div>\n\t\t\t\t\t<\/div>\n\t\t<\/section>\n\t\t\t\t<section class=\"elementor-section elementor-top-section elementor-element elementor-element-4fb2903 elementor-section-boxed elementor-section-height-default elementor-section-height-default\" data-id=\"4fb2903\" data-element_type=\"section\">\n\t\t\t\t\t\t<div class=\"elementor-container elementor-column-gap-default\">\n\t\t\t\t\t<div class=\"elementor-column elementor-col-100 elementor-top-column elementor-element elementor-element-3744a45\" data-id=\"3744a45\" data-element_type=\"column\">\n\t\t\t<div class=\"elementor-widget-wrap elementor-element-populated\">\n\t\t\t\t\t\t<div class=\"elementor-element elementor-element-e46ac45 elementor-widget elementor-widget-image\" data-id=\"e46ac45\" data-element_type=\"widget\" data-widget_type=\"image.default\">\n\t\t\t\t<div class=\"elementor-widget-container\">\n\t\t\t\t\t\t\t\t\t\t\t\t\t\t\t<img fetchpriority=\"high\" decoding=\"async\" width=\"696\" height=\"928\" src=\"https:\/\/pc.sc.gov.br\/\/wp-content\/uploads\/2025\/01\/WhatsApp-Image-2025-01-17-at-09.50.41-768x1024.jpeg\" class=\"attachment-large size-large wp-image-26008\" alt=\"\" srcset=\"https:\/\/pc.sc.gov.br\/\/wp-content\/uploads\/2025\/01\/WhatsApp-Image-2025-01-17-at-09.50.41-768x1024.jpeg 768w, https:\/\/pc.sc.gov.br\/\/wp-content\/uploads\/2025\/01\/WhatsApp-Image-2025-01-17-at-09.50.41-225x300.jpeg 225w, https:\/\/pc.sc.gov.br\/\/wp-content\/uploads\/2025\/01\/WhatsApp-Image-2025-01-17-at-09.50.41.jpeg 960w\" sizes=\"(max-width: 696px) 100vw, 696px\" \/>\t\t\t\t\t\t\t\t\t\t\t\t\t\t\t<\/div>\n\t\t\t\t<\/div>\n\t\t\t\t\t<\/div>\n\t\t<\/div>\n\t\t\t\t\t<\/div>\n\t\t<\/section>\n\t\t\t\t<section class=\"elementor-section elementor-top-section elementor-element elementor-element-171ea68 elementor-section-boxed elementor-section-height-default elementor-section-height-default\" data-id=\"171ea68\" data-element_type=\"section\">\n\t\t\t\t\t\t<div class=\"elementor-container elementor-column-gap-default\">\n\t\t\t\t\t<div class=\"elementor-column elementor-col-100 elementor-top-column elementor-element elementor-element-69e93f0\" data-id=\"69e93f0\" data-element_type=\"column\">\n\t\t\t<div class=\"elementor-widget-wrap elementor-element-populated\">\n\t\t\t\t\t\t<div class=\"elementor-element elementor-element-b079f58 elementor-widget elementor-widget-text-editor\" data-id=\"b079f58\" data-element_type=\"widget\" data-widget_type=\"text-editor.default\">\n\t\t\t\t<div class=\"elementor-widget-container\">\n\t\t\t\t\t\t\t\t\t<p><span style=\"font-weight: 400;\">Nesta sexta-feira (17\/01), a Pol\u00edcia Civil de Santa Catarina, por meio da Delegacia de Combate \u00e0s Drogas do Departamento de Investiga\u00e7\u00f5es Criminais de Crici\u00fama, deflagrou a 3\u00aa fase da opera\u00e7\u00e3o &#8220;C\u00e9lula Sul&#8221;, destinada \u00e0 repress\u00e3o ao crime organizado. A opera\u00e7\u00e3o visa a desarticula\u00e7\u00e3o de um grupo criminoso e organizado, que opera no tr\u00e1fico e com homic\u00eddios em regi\u00f5es vulner\u00e1veis da cidade de Crici\u00fama.<br><\/span><span style=\"font-family: var( --e-global-typography-primary-font-family ), Sans-serif; font-size: var( --e-global-typography-primary-font-size ); letter-spacing: var( --e-global-typography-primary-letter-spacing );\"><br>Essa 3\u00aa fase da opera\u00e7\u00e3o resultou na pris\u00e3o de dez suspeitos por integrarem a fac\u00e7\u00e3o criminosa. Al\u00e9m disso, foram executadas 16 ordens de busca e apreens\u00e3o. As buscas foram realizadas nos bairros Ana Maria, Laranjinha, Renascer e S\u00e3o Jo\u00e3o, em Crici\u00fama. Ainda, foram cumpridas buscas em diversas celas da Unidades Prisionais masculinas de Crici\u00fama &#8211; Penitenci\u00e1ria Sul e Pres\u00eddio Regional. Os presos ser\u00e3o encaminhados para a Unidade Prisional de Crici\u00fama.<br><\/span><span style=\"font-family: var( --e-global-typography-primary-font-family ), Sans-serif; font-size: var( --e-global-typography-primary-font-size ); letter-spacing: var( --e-global-typography-primary-letter-spacing ); font-weight: var( --e-global-typography-primary-font-weight );\"><br>A opera\u00e7\u00e3o contou com apoio da Pol\u00edcia Penal, da DRR e DH do Departamento de Investiga\u00e7\u00f5es Criminais de Crici\u00fama, do N\u00facleo de Opera\u00e7\u00f5es com C\u00e3es da Pol\u00edcia Civil &#8211; NOC, do Servi\u00e7o Aeropolicial Sul &#8211; SAER-SUL\/PCSC e de policiais civis das 5\u00aa, 6\u00aa, 18\u00aa e 19\u00aa Delegacias Regionais.<\/span><\/p>\t\t\t\t\t\t\t\t<\/div>\n\t\t\t\t<\/div>\n\t\t\t\t\t<\/div>\n\t\t<\/div>\n\t\t\t\t\t<\/div>\n\t\t<\/section>\n\t\t\t\t<section class=\"elementor-section elementor-top-section elementor-element elementor-element-2a21613 elementor-section-boxed elementor-section-height-default elementor-section-height-default\" data-id=\"2a21613\" data-element_type=\"section\">\n\t\t\t\t\t\t<div class=\"elementor-container elementor-column-gap-default\">\n\t\t\t\t\t<div class=\"elementor-column elementor-col-100 elementor-top-column elementor-element elementor-element-1404ba7\" data-id=\"1404ba7\" data-element_type=\"column\">\n\t\t\t<div class=\"elementor-widget-wrap elementor-element-populated\">\n\t\t\t\t\t\t<div class=\"elementor-element elementor-element-9c54eb6 elementor-widget elementor-widget-image\" data-id=\"9c54eb6\" data-element_type=\"widget\" data-widget_type=\"image.default\">\n\t\t\t\t<div class=\"elementor-widget-container\">\n\t\t\t\t\t\t\t\t\t\t\t\t\t\t\t<img decoding=\"async\" width=\"696\" height=\"928\" src=\"https:\/\/pc.sc.gov.br\/\/wp-content\/uploads\/2025\/01\/WhatsApp-Image-2025-01-17-at-09.50.41-1-768x1024.jpeg\" class=\"attachment-large size-large wp-image-26009\" alt=\"\" srcset=\"https:\/\/pc.sc.gov.br\/\/wp-content\/uploads\/2025\/01\/WhatsApp-Image-2025-01-17-at-09.50.41-1-768x1024.jpeg 768w, https:\/\/pc.sc.gov.br\/\/wp-content\/uploads\/2025\/01\/WhatsApp-Image-2025-01-17-at-09.50.41-1-225x300.jpeg 225w, https:\/\/pc.sc.gov.br\/\/wp-content\/uploads\/2025\/01\/WhatsApp-Image-2025-01-17-at-09.50.41-1-1152x1536.jpeg 1152w, https:\/\/pc.sc.gov.br\/\/wp-content\/uploads\/2025\/01\/WhatsApp-Image-2025-01-17-at-09.50.41-1.jpeg 1200w\" sizes=\"(max-width: 696px) 100vw, 696px\" \/>\t\t\t\t\t\t\t\t\t\t\t\t\t\t\t<\/div>\n\t\t\t\t<\/div>\n\t\t\t\t\t<\/div>\n\t\t<\/div>\n\t\t\t\t\t<\/div>\n\t\t<\/section>\n\t\t\t\t<section class=\"elementor-section elementor-top-section elementor-element elementor-element-6528f23 elementor-section-boxed elementor-section-height-default elementor-section-height-default\" data-id=\"6528f23\" data-element_type=\"section\">\n\t\t\t\t\t\t<div class=\"elementor-container elementor-column-gap-default\">\n\t\t\t\t\t<div class=\"elementor-column elementor-col-100 elementor-top-column elementor-element elementor-element-eba8c9e\" data-id=\"eba8c9e\" data-element_type=\"column\">\n\t\t\t<div class=\"elementor-widget-wrap elementor-element-populated\">\n\t\t\t\t\t\t<div class=\"elementor-element elementor-element-33a9b62 elementor-widget elementor-widget-image\" data-id=\"33a9b62\" data-element_type=\"widget\" data-widget_type=\"image.default\">\n\t\t\t\t<div class=\"elementor-widget-container\">\n\t\t\t\t\t\t\t\t\t\t\t\t\t\t\t<img decoding=\"async\" width=\"575\" height=\"1024\" src=\"https:\/\/pc.sc.gov.br\/\/wp-content\/uploads\/2025\/01\/WhatsApp-Image-2025-01-17-at-09.50.37-575x1024.jpeg\" class=\"attachment-large size-large wp-image-26010\" alt=\"\" srcset=\"https:\/\/pc.sc.gov.br\/\/wp-content\/uploads\/2025\/01\/WhatsApp-Image-2025-01-17-at-09.50.37-575x1024.jpeg 575w, https:\/\/pc.sc.gov.br\/\/wp-content\/uploads\/2025\/01\/WhatsApp-Image-2025-01-17-at-09.50.37-169x300.jpeg 169w, https:\/\/pc.sc.gov.br\/\/wp-content\/uploads\/2025\/01\/WhatsApp-Image-2025-01-17-at-09.50.37-768x1367.jpeg 768w, https:\/\/pc.sc.gov.br\/\/wp-content\/uploads\/2025\/01\/WhatsApp-Image-2025-01-17-at-09.50.37-863x1536.jpeg 863w, https:\/\/pc.sc.gov.br\/\/wp-content\/uploads\/2025\/01\/WhatsApp-Image-2025-01-17-at-09.50.37.jpeg 899w\" sizes=\"(max-width: 575px) 100vw, 575px\" \/>\t\t\t\t\t\t\t\t\t\t\t\t\t\t\t<\/div>\n\t\t\t\t<\/div>\n\t\t\t\t\t<\/div>\n\t\t<\/div>\n\t\t\t\t\t<\/div>\n\t\t<\/section>\n\t\t\t\t<\/div>\n\t\t","protected":false},"excerpt":{"rendered":"<p>Pol\u00edcia Civil deflagra 3\u00aa fase da opera\u00e7\u00e3o \u201cC\u00e9lula Sul\u201d e prende dez suspeitos por integrarem organiza\u00e7\u00e3o criminosa em Crici\u00fama Nesta sexta-feira (17\/01), a Pol\u00edcia Civil de Santa Catarina, por meio da Delegacia de Combate \u00e0s Drogas do Departamento de Investiga\u00e7\u00f5es Criminais de Crici\u00fama, deflagrou a 3\u00aa fase da opera\u00e7\u00e3o &#8220;C\u00e9lula Sul&#8221;, destinada \u00e0 repress\u00e3o ao [&hellip;]<\/p>\n","protected":false},"author":5,"featured_media":26008,"comment_status":"closed","ping_status":"open","sticky":false,"template":"","format":"standard","meta":{"_monsterinsights_skip_tracking":false,"_monsterinsights_sitenote_active":false,"_monsterinsights_sitenote_note":"","_monsterinsights_sitenote_category":0,"footnotes":""},"categories":[1],"tags":[],"class_list":["post-26007","post","type-post","status-publish","format-standard","has-post-thumbnail","hentry","category-sem-categoria"],"_links":{"self":[{"href":"https:\/\/pc.sc.gov.br\/index.php?rest_route=\/wp\/v2\/posts\/26007","targetHints":{"allow":["GET"]}}],"collection":[{"href":"https:\/\/pc.sc.gov.br\/index.php?rest_route=\/wp\/v2\/posts"}],"about":[{"href":"https:\/\/pc.sc.gov.br\/index.php?rest_route=\/wp\/v2\/types\/post"}],"author":[{"embeddable":true,"href":"https:\/\/pc.sc.gov.br\/index.php?rest_route=\/wp\/v2\/users\/5"}],"replies":[{"embeddable":true,"href":"https:\/\/pc.sc.gov.br\/index.php?rest_route=%2Fwp%2Fv2%2Fcomments&post=26007"}],"version-history":[{"count":4,"href":"https:\/\/pc.sc.gov.br\/index.php?rest_route=\/wp\/v2\/posts\/26007\/revisions"}],"predecessor-version":[{"id":26014,"href":"https:\/\/pc.sc.gov.br\/index.php?rest_route=\/wp\/v2\/posts\/26007\/revisions\/26014"}],"wp:featuredmedia":[{"embeddable":true,"href":"https:\/\/pc.sc.gov.br\/index.php?rest_route=\/wp\/v2\/media\/26008"}],"wp:attachment":[{"href":"https:\/\/pc.sc.gov.br\/index.php?rest_route=%2Fwp%2Fv2%2Fmedia&parent=26007"}],"wp:term":[{"taxonomy":"category","embeddable":true,"href":"https:\/\/pc.sc.gov.br\/index.php?rest_route=%2Fwp%2Fv2%2Fcategories&post=26007"},{"taxonomy":"post_tag","embeddable":true,"href":"https:\/\/pc.sc.gov.br\/index.php?rest_route=%2Fwp%2Fv2%2Ftags&post=26007"}],"curies":[{"name":"wp","href":"https:\/\/api.w.org\/{rel}","templated":true}]}}