{"id":26035,"date":"2025-01-17T17:52:16","date_gmt":"2025-01-17T20:52:16","guid":{"rendered":"https:\/\/pc.sc.gov.br\/?p=26035"},"modified":"2025-01-17T17:53:08","modified_gmt":"2025-01-17T20:53:08","slug":"policia-civil-prende-dois-foragidos-da-operacao-barrados-em-balneario-camboriu","status":"publish","type":"post","link":"https:\/\/pc.sc.gov.br\/?p=26035","title":{"rendered":"Pol\u00edcia Civil prende dois foragidos da opera\u00e7\u00e3o \u201cBarrados\u201d em Balne\u00e1rio Cambori\u00fa"},"content":{"rendered":"\t\t<div data-elementor-type=\"wp-post\" data-elementor-id=\"26035\" class=\"elementor elementor-26035\" data-elementor-post-type=\"post\">\n\t\t\t\t\t\t<section class=\"elementor-section elementor-top-section elementor-element elementor-element-abadb49 elementor-section-boxed elementor-section-height-default elementor-section-height-default\" data-id=\"abadb49\" data-element_type=\"section\">\n\t\t\t\t\t\t<div class=\"elementor-container elementor-column-gap-default\">\n\t\t\t\t\t<div class=\"elementor-column elementor-col-100 elementor-top-column elementor-element elementor-element-e5013da\" data-id=\"e5013da\" data-element_type=\"column\">\n\t\t\t<div class=\"elementor-widget-wrap elementor-element-populated\">\n\t\t\t\t\t\t<div class=\"elementor-element elementor-element-cd6da22 elementor-widget elementor-widget-heading\" data-id=\"cd6da22\" data-element_type=\"widget\" data-widget_type=\"heading.default\">\n\t\t\t\t<div class=\"elementor-widget-container\">\n\t\t\t\t\t<h2 class=\"elementor-heading-title elementor-size-default\">Pol\u00edcia Civil prende dois foragidos da opera\u00e7\u00e3o \u201cBarrados\u201d em Balne\u00e1rio Cambori\u00fa <\/h2>\t\t\t\t<\/div>\n\t\t\t\t<\/div>\n\t\t\t\t\t<\/div>\n\t\t<\/div>\n\t\t\t\t\t<\/div>\n\t\t<\/section>\n\t\t\t\t<section class=\"elementor-section elementor-top-section elementor-element elementor-element-3c444e0 elementor-section-boxed elementor-section-height-default elementor-section-height-default\" data-id=\"3c444e0\" data-element_type=\"section\">\n\t\t\t\t\t\t<div class=\"elementor-container elementor-column-gap-default\">\n\t\t\t\t\t<div class=\"elementor-column elementor-col-100 elementor-top-column elementor-element elementor-element-e1bf6c5\" data-id=\"e1bf6c5\" data-element_type=\"column\">\n\t\t\t<div class=\"elementor-widget-wrap elementor-element-populated\">\n\t\t\t\t\t\t<div class=\"elementor-element elementor-element-e4ce096 elementor-widget elementor-widget-image\" data-id=\"e4ce096\" data-element_type=\"widget\" data-widget_type=\"image.default\">\n\t\t\t\t<div class=\"elementor-widget-container\">\n\t\t\t\t\t\t\t\t\t\t\t\t\t\t\t<img fetchpriority=\"high\" decoding=\"async\" width=\"696\" height=\"928\" src=\"https:\/\/pc.sc.gov.br\/\/wp-content\/uploads\/2025\/01\/WhatsApp-Image-2025-01-17-at-17.43.12-768x1024.jpeg\" class=\"attachment-large size-large wp-image-26036\" alt=\"\" srcset=\"https:\/\/pc.sc.gov.br\/\/wp-content\/uploads\/2025\/01\/WhatsApp-Image-2025-01-17-at-17.43.12-768x1024.jpeg 768w, https:\/\/pc.sc.gov.br\/\/wp-content\/uploads\/2025\/01\/WhatsApp-Image-2025-01-17-at-17.43.12-225x300.jpeg 225w, https:\/\/pc.sc.gov.br\/\/wp-content\/uploads\/2025\/01\/WhatsApp-Image-2025-01-17-at-17.43.12-1152x1536.jpeg 1152w, https:\/\/pc.sc.gov.br\/\/wp-content\/uploads\/2025\/01\/WhatsApp-Image-2025-01-17-at-17.43.12.jpeg 1200w\" sizes=\"(max-width: 696px) 100vw, 696px\" \/>\t\t\t\t\t\t\t\t\t\t\t\t\t\t\t<\/div>\n\t\t\t\t<\/div>\n\t\t\t\t\t<\/div>\n\t\t<\/div>\n\t\t\t\t\t<\/div>\n\t\t<\/section>\n\t\t\t\t<section class=\"elementor-section elementor-top-section elementor-element elementor-element-9ab1c2d elementor-section-boxed elementor-section-height-default elementor-section-height-default\" data-id=\"9ab1c2d\" data-element_type=\"section\">\n\t\t\t\t\t\t<div class=\"elementor-container elementor-column-gap-default\">\n\t\t\t\t\t<div class=\"elementor-column elementor-col-100 elementor-top-column elementor-element elementor-element-1e31022\" data-id=\"1e31022\" data-element_type=\"column\">\n\t\t\t<div class=\"elementor-widget-wrap elementor-element-populated\">\n\t\t\t\t\t\t<div class=\"elementor-element elementor-element-70f007e elementor-widget elementor-widget-text-editor\" data-id=\"70f007e\" data-element_type=\"widget\" data-widget_type=\"text-editor.default\">\n\t\t\t\t<div class=\"elementor-widget-container\">\n\t\t\t\t\t\t\t\t\t<p><span style=\"font-weight: 400;\">A Pol\u00edcia Civil de Santa Catarina, por meio da Delegacia de Investiga\u00e7\u00f5es Criminais de Balne\u00e1rio Cambori\u00fa, em dilig\u00eancias na tarde desta sexta-feira (17\/01), capturou mais dois homens que eram alvos de mandados de pris\u00e3o preventiva na opera\u00e7\u00e3o \u201cBarrados\u201d, deflagrada na data de ontem (16\/01).<\/span><\/p><p><span style=\"font-weight: 400;\">O primeiro homem preso na Rua Tail\u00e2ndia, bairro das Na\u00e7\u00f5es. J\u00e1 o segundo foragido foi preso na localidade conhecida como \u201cBrejo\u201d, no bairro S\u00e3o Judas Tadeu. Com isso, subiu para 24 o n\u00famero de mandados cumpridos na opera\u00e7\u00e3o, restando ainda cinco alvos foragidos. <\/span><\/p>\t\t\t\t\t\t\t\t<\/div>\n\t\t\t\t<\/div>\n\t\t\t\t\t<\/div>\n\t\t<\/div>\n\t\t\t\t\t<\/div>\n\t\t<\/section>\n\t\t\t\t<\/div>\n\t\t","protected":false},"excerpt":{"rendered":"<p>Pol\u00edcia Civil prende dois foragidos da opera\u00e7\u00e3o \u201cBarrados\u201d em Balne\u00e1rio Cambori\u00fa A Pol\u00edcia Civil de Santa Catarina, por meio da Delegacia de Investiga\u00e7\u00f5es Criminais de Balne\u00e1rio Cambori\u00fa, em dilig\u00eancias na tarde desta sexta-feira (17\/01), capturou mais dois homens que eram alvos de mandados de pris\u00e3o preventiva na opera\u00e7\u00e3o \u201cBarrados\u201d, deflagrada na data de ontem (16\/01). [&hellip;]<\/p>\n","protected":false},"author":5,"featured_media":26036,"comment_status":"closed","ping_status":"open","sticky":false,"template":"","format":"standard","meta":{"_monsterinsights_skip_tracking":false,"_monsterinsights_sitenote_active":false,"_monsterinsights_sitenote_note":"","_monsterinsights_sitenote_category":0,"footnotes":""},"categories":[1],"tags":[],"class_list":["post-26035","post","type-post","status-publish","format-standard","has-post-thumbnail","hentry","category-sem-categoria"],"_links":{"self":[{"href":"https:\/\/pc.sc.gov.br\/index.php?rest_route=\/wp\/v2\/posts\/26035","targetHints":{"allow":["GET"]}}],"collection":[{"href":"https:\/\/pc.sc.gov.br\/index.php?rest_route=\/wp\/v2\/posts"}],"about":[{"href":"https:\/\/pc.sc.gov.br\/index.php?rest_route=\/wp\/v2\/types\/post"}],"author":[{"embeddable":true,"href":"https:\/\/pc.sc.gov.br\/index.php?rest_route=\/wp\/v2\/users\/5"}],"replies":[{"embeddable":true,"href":"https:\/\/pc.sc.gov.br\/index.php?rest_route=%2Fwp%2Fv2%2Fcomments&post=26035"}],"version-history":[{"count":4,"href":"https:\/\/pc.sc.gov.br\/index.php?rest_route=\/wp\/v2\/posts\/26035\/revisions"}],"predecessor-version":[{"id":26040,"href":"https:\/\/pc.sc.gov.br\/index.php?rest_route=\/wp\/v2\/posts\/26035\/revisions\/26040"}],"wp:featuredmedia":[{"embeddable":true,"href":"https:\/\/pc.sc.gov.br\/index.php?rest_route=\/wp\/v2\/media\/26036"}],"wp:attachment":[{"href":"https:\/\/pc.sc.gov.br\/index.php?rest_route=%2Fwp%2Fv2%2Fmedia&parent=26035"}],"wp:term":[{"taxonomy":"category","embeddable":true,"href":"https:\/\/pc.sc.gov.br\/index.php?rest_route=%2Fwp%2Fv2%2Fcategories&post=26035"},{"taxonomy":"post_tag","embeddable":true,"href":"https:\/\/pc.sc.gov.br\/index.php?rest_route=%2Fwp%2Fv2%2Ftags&post=26035"}],"curies":[{"name":"wp","href":"https:\/\/api.w.org\/{rel}","templated":true}]}}