{"id":26045,"date":"2025-01-20T16:28:18","date_gmt":"2025-01-20T19:28:18","guid":{"rendered":"https:\/\/pc.sc.gov.br\/?p=26045"},"modified":"2025-01-20T16:29:39","modified_gmt":"2025-01-20T19:29:39","slug":"policia-civil-desvenda-sequestro-e-homicidio-de-jovem-de-santa-catarina-encontrada-no-parana","status":"publish","type":"post","link":"https:\/\/pc.sc.gov.br\/?p=26045","title":{"rendered":"Pol\u00edcia Civil desvenda sequestro e homic\u00eddio de jovem de Santa Catarina encontrada no Paran\u00e1"},"content":{"rendered":"\t\t<div data-elementor-type=\"wp-post\" data-elementor-id=\"26045\" class=\"elementor elementor-26045\" data-elementor-post-type=\"post\">\n\t\t\t\t\t\t<section class=\"elementor-section elementor-top-section elementor-element elementor-element-223c704 elementor-section-boxed elementor-section-height-default elementor-section-height-default\" data-id=\"223c704\" data-element_type=\"section\">\n\t\t\t\t\t\t<div class=\"elementor-container elementor-column-gap-default\">\n\t\t\t\t\t<div class=\"elementor-column elementor-col-100 elementor-top-column elementor-element elementor-element-4904eed\" data-id=\"4904eed\" data-element_type=\"column\">\n\t\t\t<div class=\"elementor-widget-wrap elementor-element-populated\">\n\t\t\t\t\t\t<div class=\"elementor-element elementor-element-2a64a19 elementor-widget elementor-widget-heading\" data-id=\"2a64a19\" data-element_type=\"widget\" data-widget_type=\"heading.default\">\n\t\t\t\t<div class=\"elementor-widget-container\">\n\t\t\t\t\t<h2 class=\"elementor-heading-title elementor-size-default\">Pol\u00edcia Civil desvenda sequestro e homic\u00eddio de jovem de Santa Catarina encontrada no Paran\u00e1<\/h2>\t\t\t\t<\/div>\n\t\t\t\t<\/div>\n\t\t\t\t\t<\/div>\n\t\t<\/div>\n\t\t\t\t\t<\/div>\n\t\t<\/section>\n\t\t\t\t<section class=\"elementor-section elementor-top-section elementor-element elementor-element-d1f2e3d elementor-section-boxed elementor-section-height-default elementor-section-height-default\" data-id=\"d1f2e3d\" data-element_type=\"section\">\n\t\t\t\t\t\t<div class=\"elementor-container elementor-column-gap-default\">\n\t\t\t\t\t<div class=\"elementor-column elementor-col-100 elementor-top-column elementor-element elementor-element-980d62b\" data-id=\"980d62b\" data-element_type=\"column\">\n\t\t\t<div class=\"elementor-widget-wrap elementor-element-populated\">\n\t\t\t\t\t\t<div class=\"elementor-element elementor-element-25ee559 elementor-widget elementor-widget-image\" data-id=\"25ee559\" data-element_type=\"widget\" data-widget_type=\"image.default\">\n\t\t\t\t<div class=\"elementor-widget-container\">\n\t\t\t\t\t\t\t\t\t\t\t\t\t\t\t<img fetchpriority=\"high\" decoding=\"async\" width=\"696\" height=\"522\" src=\"https:\/\/pc.sc.gov.br\/\/wp-content\/uploads\/2024\/12\/WhatsApp-Image-2024-08-02-at-16.53.34.jpeg\" class=\"attachment-large size-large wp-image-25011\" alt=\"\" srcset=\"https:\/\/pc.sc.gov.br\/\/wp-content\/uploads\/2024\/12\/WhatsApp-Image-2024-08-02-at-16.53.34.jpeg 768w, https:\/\/pc.sc.gov.br\/\/wp-content\/uploads\/2024\/12\/WhatsApp-Image-2024-08-02-at-16.53.34-300x225.jpeg 300w\" sizes=\"(max-width: 696px) 100vw, 696px\" \/>\t\t\t\t\t\t\t\t\t\t\t\t\t\t\t<\/div>\n\t\t\t\t<\/div>\n\t\t\t\t\t<\/div>\n\t\t<\/div>\n\t\t\t\t\t<\/div>\n\t\t<\/section>\n\t\t\t\t<section class=\"elementor-section elementor-top-section elementor-element elementor-element-6953c77 elementor-section-boxed elementor-section-height-default elementor-section-height-default\" data-id=\"6953c77\" data-element_type=\"section\">\n\t\t\t\t\t\t<div class=\"elementor-container elementor-column-gap-default\">\n\t\t\t\t\t<div class=\"elementor-column elementor-col-100 elementor-top-column elementor-element elementor-element-fbf7c03\" data-id=\"fbf7c03\" data-element_type=\"column\">\n\t\t\t<div class=\"elementor-widget-wrap elementor-element-populated\">\n\t\t\t\t\t\t<div class=\"elementor-element elementor-element-76af26e elementor-widget elementor-widget-text-editor\" data-id=\"76af26e\" data-element_type=\"widget\" data-widget_type=\"text-editor.default\">\n\t\t\t\t<div class=\"elementor-widget-container\">\n\t\t\t\t\t\t\t\t\t<p>A Pol\u00edcia Civil de Santa Catarina, por meio da Delegacia de Investiga\u00e7\u00e3o Criminal de Joinville, elucidou um caso complexo de sequestro e homic\u00eddio ocorrido em Araquari. O sequestro aconteceu no dia 8 de outubro do ano passado. A a\u00e7\u00e3o planejada por um grupo de criminosos tinha como alvo o marido da v\u00edtima, que era envolvido com tr\u00e1fico de drogas e disputas dentro de uma organiza\u00e7\u00e3o criminosa.<\/p><p>A jovem foi levada no lugar do companheiro e, ap\u00f3s ser mantida ref\u00e9m, foi executada em uma \u00e1rea rural de Ibaiti, no Paran\u00e1. O corpo dela foi encontrado tr\u00eas meses depois, no dia 14 de janeiro de 2025, em uma planta\u00e7\u00e3o de eucalipto na zona rural de Ibaiti, distante cerca de 450 km de Araquari.<\/p><p>Os investigadores da DIC de Joinville, sob o comando do Delegado Jos\u00e9 Gattaz Neto, conseguiram identificar os respons\u00e1veis pelo crime e realizar a pris\u00e3o de cinco suspeitos, ap\u00f3s uma investiga\u00e7\u00e3o, que contou com a colabora\u00e7\u00e3o do N\u00facleo de Opera\u00e7\u00f5es com C\u00e3es da Pol\u00edcia Civil de Santa Catarina, do Corpo de Bombeiros, da Pol\u00edcia Cient\u00edfica e da Pol\u00edcia Civil do Paran\u00e1.<\/p><p>De acordo com as investiga\u00e7\u00f5es, o sequestro ocorreu quando a jovem estava acompanhada de seu marido e de uma amiga. No momento, os homens encapuzados, com a alega\u00e7\u00e3o de serem policiais, retiraram a jovem \u00e0 for\u00e7a do local. O objetivo dos criminosos era matar o marido da v\u00edtima, mas, ap\u00f3s falharem na tentativa de homic\u00eddio, decidiram sequestrar a mulher como uma forma de &#8220;queima de arquivo&#8221;.<\/p><p>A v\u00edtima foi levada para Curitiba, no Paran\u00e1, onde um desentendimento entre os pr\u00f3prios sequestradores resultou na morte de um dos criminosos. A mulher foi ent\u00e3o transportada para o interior do Paran\u00e1, onde foi executada com um disparo de arma de fogo.<\/p><p>O trabalho incans\u00e1vel e diligente da Pol\u00edcia Civil, em conjunto com outras autoridades policiais de Santa Catarina e do Paran\u00e1, permitiu n\u00e3o s\u00f3 a captura de grande parte dos envolvidos, como tamb\u00e9m a identifica\u00e7\u00e3o dos foragidos, que j\u00e1 t\u00eam passagens por crimes graves, inclusive homic\u00eddios.<\/p><p>A Pol\u00edcia Civil segue em busca dos dois suspeitos ainda foragidos, com a ajuda da Interpol, que foi acionada para cooperar nas investiga\u00e7\u00f5es, inclusive com a suspeita de que os criminosos possam ter fugido para o Paraguai.<\/p><p>O Delegado Jos\u00e9 Gattaz Neto destacou a import\u00e2ncia da colabora\u00e7\u00e3o entre as for\u00e7as policiais e da persist\u00eancia dos investigadores para a elucida\u00e7\u00e3o deste crime brutal, que trouxe justi\u00e7a \u00e0 fam\u00edlia da v\u00edtima. &#8220;Apesar da complexidade do caso e da dist\u00e2ncia envolvida, a Pol\u00edcia Civil n\u00e3o mediu esfor\u00e7os para localizar os respons\u00e1veis e levar \u00e0 justi\u00e7a aqueles que destru\u00edram a vida de uma jovem inocente&#8221;, afirmou o delegado.<\/p>\t\t\t\t\t\t\t\t<\/div>\n\t\t\t\t<\/div>\n\t\t\t\t\t<\/div>\n\t\t<\/div>\n\t\t\t\t\t<\/div>\n\t\t<\/section>\n\t\t\t\t<\/div>\n\t\t","protected":false},"excerpt":{"rendered":"<p>Pol\u00edcia Civil desvenda sequestro e homic\u00eddio de jovem de Santa Catarina encontrada no Paran\u00e1 A Pol\u00edcia Civil de Santa Catarina, por meio da Delegacia de Investiga\u00e7\u00e3o Criminal de Joinville, elucidou um caso complexo de sequestro e homic\u00eddio ocorrido em Araquari. O sequestro aconteceu no dia 8 de outubro do ano passado. A a\u00e7\u00e3o planejada por [&hellip;]<\/p>\n","protected":false},"author":5,"featured_media":25011,"comment_status":"closed","ping_status":"open","sticky":false,"template":"","format":"standard","meta":{"_monsterinsights_skip_tracking":false,"_monsterinsights_sitenote_active":false,"_monsterinsights_sitenote_note":"","_monsterinsights_sitenote_category":0,"footnotes":""},"categories":[1],"tags":[],"class_list":["post-26045","post","type-post","status-publish","format-standard","has-post-thumbnail","hentry","category-sem-categoria"],"_links":{"self":[{"href":"https:\/\/pc.sc.gov.br\/index.php?rest_route=\/wp\/v2\/posts\/26045","targetHints":{"allow":["GET"]}}],"collection":[{"href":"https:\/\/pc.sc.gov.br\/index.php?rest_route=\/wp\/v2\/posts"}],"about":[{"href":"https:\/\/pc.sc.gov.br\/index.php?rest_route=\/wp\/v2\/types\/post"}],"author":[{"embeddable":true,"href":"https:\/\/pc.sc.gov.br\/index.php?rest_route=\/wp\/v2\/users\/5"}],"replies":[{"embeddable":true,"href":"https:\/\/pc.sc.gov.br\/index.php?rest_route=%2Fwp%2Fv2%2Fcomments&post=26045"}],"version-history":[{"count":4,"href":"https:\/\/pc.sc.gov.br\/index.php?rest_route=\/wp\/v2\/posts\/26045\/revisions"}],"predecessor-version":[{"id":26049,"href":"https:\/\/pc.sc.gov.br\/index.php?rest_route=\/wp\/v2\/posts\/26045\/revisions\/26049"}],"wp:featuredmedia":[{"embeddable":true,"href":"https:\/\/pc.sc.gov.br\/index.php?rest_route=\/wp\/v2\/media\/25011"}],"wp:attachment":[{"href":"https:\/\/pc.sc.gov.br\/index.php?rest_route=%2Fwp%2Fv2%2Fmedia&parent=26045"}],"wp:term":[{"taxonomy":"category","embeddable":true,"href":"https:\/\/pc.sc.gov.br\/index.php?rest_route=%2Fwp%2Fv2%2Fcategories&post=26045"},{"taxonomy":"post_tag","embeddable":true,"href":"https:\/\/pc.sc.gov.br\/index.php?rest_route=%2Fwp%2Fv2%2Ftags&post=26045"}],"curies":[{"name":"wp","href":"https:\/\/api.w.org\/{rel}","templated":true}]}}