{"id":26050,"date":"2025-01-20T16:52:22","date_gmt":"2025-01-20T19:52:22","guid":{"rendered":"https:\/\/pc.sc.gov.br\/?p=26050"},"modified":"2025-01-20T16:53:11","modified_gmt":"2025-01-20T19:53:11","slug":"policia-civil-prende-dois-suspeitos-por-trafico-de-drogas-em-itapema-e-barra-velha","status":"publish","type":"post","link":"https:\/\/pc.sc.gov.br\/?p=26050","title":{"rendered":"Pol\u00edcia Civil prende dois suspeitos por tr\u00e1fico de drogas em Itapema e Barra Velha"},"content":{"rendered":"\t\t<div data-elementor-type=\"wp-post\" data-elementor-id=\"26050\" class=\"elementor elementor-26050\" data-elementor-post-type=\"post\">\n\t\t\t\t\t\t<section class=\"elementor-section elementor-top-section elementor-element elementor-element-c66e4ce elementor-section-boxed elementor-section-height-default elementor-section-height-default\" data-id=\"c66e4ce\" data-element_type=\"section\">\n\t\t\t\t\t\t<div class=\"elementor-container elementor-column-gap-default\">\n\t\t\t\t\t<div class=\"elementor-column elementor-col-100 elementor-top-column elementor-element elementor-element-7aca827\" data-id=\"7aca827\" data-element_type=\"column\">\n\t\t\t<div class=\"elementor-widget-wrap elementor-element-populated\">\n\t\t\t\t\t\t<div class=\"elementor-element elementor-element-7bb2e75 elementor-widget elementor-widget-heading\" data-id=\"7bb2e75\" data-element_type=\"widget\" data-widget_type=\"heading.default\">\n\t\t\t\t<div class=\"elementor-widget-container\">\n\t\t\t\t\t<h2 class=\"elementor-heading-title elementor-size-default\">Pol\u00edcia Civil prende dois suspeitos por tr\u00e1fico de drogas em Itapema e Barra Velha<\/h2>\t\t\t\t<\/div>\n\t\t\t\t<\/div>\n\t\t\t\t\t<\/div>\n\t\t<\/div>\n\t\t\t\t\t<\/div>\n\t\t<\/section>\n\t\t\t\t<section class=\"elementor-section elementor-top-section elementor-element elementor-element-f13de7d elementor-section-boxed elementor-section-height-default elementor-section-height-default\" data-id=\"f13de7d\" data-element_type=\"section\">\n\t\t\t\t\t\t<div class=\"elementor-container elementor-column-gap-default\">\n\t\t\t\t\t<div class=\"elementor-column elementor-col-100 elementor-top-column elementor-element elementor-element-6e0ee5f\" data-id=\"6e0ee5f\" data-element_type=\"column\">\n\t\t\t<div class=\"elementor-widget-wrap elementor-element-populated\">\n\t\t\t\t\t\t<div class=\"elementor-element elementor-element-8a315a7 elementor-widget elementor-widget-image\" data-id=\"8a315a7\" data-element_type=\"widget\" data-widget_type=\"image.default\">\n\t\t\t\t<div class=\"elementor-widget-container\">\n\t\t\t\t\t\t\t\t\t\t\t\t\t\t\t<img fetchpriority=\"high\" decoding=\"async\" width=\"696\" height=\"928\" src=\"https:\/\/pc.sc.gov.br\/\/wp-content\/uploads\/2025\/01\/WhatsApp-Image-2025-01-17-at-19.37.46-768x1024.jpeg\" class=\"attachment-large size-large wp-image-26051\" alt=\"\" srcset=\"https:\/\/pc.sc.gov.br\/\/wp-content\/uploads\/2025\/01\/WhatsApp-Image-2025-01-17-at-19.37.46-768x1024.jpeg 768w, https:\/\/pc.sc.gov.br\/\/wp-content\/uploads\/2025\/01\/WhatsApp-Image-2025-01-17-at-19.37.46-225x300.jpeg 225w, https:\/\/pc.sc.gov.br\/\/wp-content\/uploads\/2025\/01\/WhatsApp-Image-2025-01-17-at-19.37.46-1152x1536.jpeg 1152w, https:\/\/pc.sc.gov.br\/\/wp-content\/uploads\/2025\/01\/WhatsApp-Image-2025-01-17-at-19.37.46.jpeg 1200w\" sizes=\"(max-width: 696px) 100vw, 696px\" \/>\t\t\t\t\t\t\t\t\t\t\t\t\t\t\t<\/div>\n\t\t\t\t<\/div>\n\t\t\t\t\t<\/div>\n\t\t<\/div>\n\t\t\t\t\t<\/div>\n\t\t<\/section>\n\t\t\t\t<section class=\"elementor-section elementor-top-section elementor-element elementor-element-5d479dc elementor-section-boxed elementor-section-height-default elementor-section-height-default\" data-id=\"5d479dc\" data-element_type=\"section\">\n\t\t\t\t\t\t<div class=\"elementor-container elementor-column-gap-default\">\n\t\t\t\t\t<div class=\"elementor-column elementor-col-100 elementor-top-column elementor-element elementor-element-9e74e73\" data-id=\"9e74e73\" data-element_type=\"column\">\n\t\t\t<div class=\"elementor-widget-wrap elementor-element-populated\">\n\t\t\t\t\t\t<div class=\"elementor-element elementor-element-61ffc68 elementor-widget elementor-widget-text-editor\" data-id=\"61ffc68\" data-element_type=\"widget\" data-widget_type=\"text-editor.default\">\n\t\t\t\t<div class=\"elementor-widget-container\">\n\t\t\t\t\t\t\t\t\t<p>A Pol\u00edcia Civil de Santa Catarina, por meio da Delegacia de Combate \u00e0s Drogas do Departamento de Investiga\u00e7\u00f5es Criminais de Itaja\u00ed (DECOD\/DIC), deflagrou, na \u00faltima quinta-feira, 16 de janeiro de 2025, opera\u00e7\u00e3o para cumprimento de cinco ordens judiciais, sendo tr\u00eas mandados de busca e apreens\u00e3o e dois mandados de pris\u00e3o preventiva. Trata-se da continuidade de uma opera\u00e7\u00e3o deflagrada no come\u00e7o do ano de 2024 contra um grupo atuante no tr\u00e1fico de drogas no litoral norte de Santa Catarina.<\/p><p>Na primeira resid\u00eancia, na cidade de Itapema, foi dado cumprimento ao mandado de pris\u00e3o expedido em desfavor de um homem. Nas outras duas resid\u00eancias, na cidade de Barra Velha, foi dado cumprimento ao mandado de pris\u00e3o expedido em desfavor de uma mulher. Foram ainda apreendidos celulares para aprofundamento das investiga\u00e7\u00f5es.<\/p><p>Ambos os investigados j\u00e1 possu\u00edam condena\u00e7\u00f5es anteriores por tr\u00e1fico de drogas. Os presos foram encaminhados ao Sistema Penitenci\u00e1rio, onde permanecem \u00e0 disposi\u00e7\u00e3o da Justi\u00e7a.<\/p>\t\t\t\t\t\t\t\t<\/div>\n\t\t\t\t<\/div>\n\t\t\t\t\t<\/div>\n\t\t<\/div>\n\t\t\t\t\t<\/div>\n\t\t<\/section>\n\t\t\t\t<\/div>\n\t\t","protected":false},"excerpt":{"rendered":"<p>Pol\u00edcia Civil prende dois suspeitos por tr\u00e1fico de drogas em Itapema e Barra Velha A Pol\u00edcia Civil de Santa Catarina, por meio da Delegacia de Combate \u00e0s Drogas do Departamento de Investiga\u00e7\u00f5es Criminais de Itaja\u00ed (DECOD\/DIC), deflagrou, na \u00faltima quinta-feira, 16 de janeiro de 2025, opera\u00e7\u00e3o para cumprimento de cinco ordens judiciais, sendo tr\u00eas mandados [&hellip;]<\/p>\n","protected":false},"author":5,"featured_media":26051,"comment_status":"closed","ping_status":"open","sticky":false,"template":"","format":"standard","meta":{"_monsterinsights_skip_tracking":false,"_monsterinsights_sitenote_active":false,"_monsterinsights_sitenote_note":"","_monsterinsights_sitenote_category":0,"footnotes":""},"categories":[1],"tags":[],"class_list":["post-26050","post","type-post","status-publish","format-standard","has-post-thumbnail","hentry","category-sem-categoria"],"_links":{"self":[{"href":"https:\/\/pc.sc.gov.br\/index.php?rest_route=\/wp\/v2\/posts\/26050","targetHints":{"allow":["GET"]}}],"collection":[{"href":"https:\/\/pc.sc.gov.br\/index.php?rest_route=\/wp\/v2\/posts"}],"about":[{"href":"https:\/\/pc.sc.gov.br\/index.php?rest_route=\/wp\/v2\/types\/post"}],"author":[{"embeddable":true,"href":"https:\/\/pc.sc.gov.br\/index.php?rest_route=\/wp\/v2\/users\/5"}],"replies":[{"embeddable":true,"href":"https:\/\/pc.sc.gov.br\/index.php?rest_route=%2Fwp%2Fv2%2Fcomments&post=26050"}],"version-history":[{"count":4,"href":"https:\/\/pc.sc.gov.br\/index.php?rest_route=\/wp\/v2\/posts\/26050\/revisions"}],"predecessor-version":[{"id":26055,"href":"https:\/\/pc.sc.gov.br\/index.php?rest_route=\/wp\/v2\/posts\/26050\/revisions\/26055"}],"wp:featuredmedia":[{"embeddable":true,"href":"https:\/\/pc.sc.gov.br\/index.php?rest_route=\/wp\/v2\/media\/26051"}],"wp:attachment":[{"href":"https:\/\/pc.sc.gov.br\/index.php?rest_route=%2Fwp%2Fv2%2Fmedia&parent=26050"}],"wp:term":[{"taxonomy":"category","embeddable":true,"href":"https:\/\/pc.sc.gov.br\/index.php?rest_route=%2Fwp%2Fv2%2Fcategories&post=26050"},{"taxonomy":"post_tag","embeddable":true,"href":"https:\/\/pc.sc.gov.br\/index.php?rest_route=%2Fwp%2Fv2%2Ftags&post=26050"}],"curies":[{"name":"wp","href":"https:\/\/api.w.org\/{rel}","templated":true}]}}