{"id":26057,"date":"2025-01-21T15:01:23","date_gmt":"2025-01-21T18:01:23","guid":{"rendered":"https:\/\/pc.sc.gov.br\/?p=26057"},"modified":"2025-01-21T15:04:06","modified_gmt":"2025-01-21T18:04:06","slug":"em-anita-garibaldi-pcsc-prende-investigado-pelo-crime-de-violencia-domestica-praticadas-contra-ex-mulher-e-ex-sogra","status":"publish","type":"post","link":"https:\/\/pc.sc.gov.br\/?p=26057","title":{"rendered":"Em Anita Garibaldi, PCSC prende investigado pelo crime de viol\u00eancia dom\u00e9stica praticado contra ex-mulher e ex-sogra"},"content":{"rendered":"\t\t<div data-elementor-type=\"wp-post\" data-elementor-id=\"26057\" class=\"elementor elementor-26057\" data-elementor-post-type=\"post\">\n\t\t\t\t\t\t<section class=\"elementor-section elementor-top-section elementor-element elementor-element-7ac3b88 elementor-section-boxed elementor-section-height-default elementor-section-height-default\" data-id=\"7ac3b88\" data-element_type=\"section\">\n\t\t\t\t\t\t<div class=\"elementor-container elementor-column-gap-default\">\n\t\t\t\t\t<div class=\"elementor-column elementor-col-100 elementor-top-column elementor-element elementor-element-7eebd33\" data-id=\"7eebd33\" data-element_type=\"column\">\n\t\t\t<div class=\"elementor-widget-wrap elementor-element-populated\">\n\t\t\t\t\t\t<div class=\"elementor-element elementor-element-3dc63e6 elementor-widget elementor-widget-heading\" data-id=\"3dc63e6\" data-element_type=\"widget\" data-widget_type=\"heading.default\">\n\t\t\t\t<div class=\"elementor-widget-container\">\n\t\t\t\t\t<h2 class=\"elementor-heading-title elementor-size-default\">Em Anita Garibaldi, PCSC prende investigado pelo crime de viol\u00eancia dom\u00e9stica praticado contra ex-mulher e ex-sogra<\/h2>\t\t\t\t<\/div>\n\t\t\t\t<\/div>\n\t\t\t\t\t<\/div>\n\t\t<\/div>\n\t\t\t\t\t<\/div>\n\t\t<\/section>\n\t\t\t\t<section class=\"elementor-section elementor-top-section elementor-element elementor-element-a558dcb elementor-section-boxed elementor-section-height-default elementor-section-height-default\" data-id=\"a558dcb\" data-element_type=\"section\">\n\t\t\t\t\t\t<div class=\"elementor-container elementor-column-gap-default\">\n\t\t\t\t\t<div class=\"elementor-column elementor-col-100 elementor-top-column elementor-element elementor-element-7e9c8a3\" data-id=\"7e9c8a3\" data-element_type=\"column\">\n\t\t\t<div class=\"elementor-widget-wrap elementor-element-populated\">\n\t\t\t\t\t\t<div class=\"elementor-element elementor-element-efbafa6 elementor-widget elementor-widget-image\" data-id=\"efbafa6\" data-element_type=\"widget\" data-widget_type=\"image.default\">\n\t\t\t\t<div class=\"elementor-widget-container\">\n\t\t\t\t\t\t\t\t\t\t\t\t\t\t\t<img fetchpriority=\"high\" decoding=\"async\" width=\"499\" height=\"345\" src=\"https:\/\/pc.sc.gov.br\/\/wp-content\/uploads\/2024\/10\/a2dbb181-8fea-4491-9f21-ab050c390973-fotor-2024072216458.jpg\" class=\"attachment-large size-large wp-image-24199\" alt=\"\" srcset=\"https:\/\/pc.sc.gov.br\/\/wp-content\/uploads\/2024\/10\/a2dbb181-8fea-4491-9f21-ab050c390973-fotor-2024072216458.jpg 499w, https:\/\/pc.sc.gov.br\/\/wp-content\/uploads\/2024\/10\/a2dbb181-8fea-4491-9f21-ab050c390973-fotor-2024072216458-300x207.jpg 300w\" sizes=\"(max-width: 499px) 100vw, 499px\" \/>\t\t\t\t\t\t\t\t\t\t\t\t\t\t\t<\/div>\n\t\t\t\t<\/div>\n\t\t\t\t\t<\/div>\n\t\t<\/div>\n\t\t\t\t\t<\/div>\n\t\t<\/section>\n\t\t\t\t<section class=\"elementor-section elementor-top-section elementor-element elementor-element-31e7af5 elementor-section-boxed elementor-section-height-default elementor-section-height-default\" data-id=\"31e7af5\" data-element_type=\"section\">\n\t\t\t\t\t\t<div class=\"elementor-container elementor-column-gap-default\">\n\t\t\t\t\t<div class=\"elementor-column elementor-col-100 elementor-top-column elementor-element elementor-element-8ca8b47\" data-id=\"8ca8b47\" data-element_type=\"column\">\n\t\t\t<div class=\"elementor-widget-wrap elementor-element-populated\">\n\t\t\t\t\t\t<div class=\"elementor-element elementor-element-3162380 elementor-widget elementor-widget-text-editor\" data-id=\"3162380\" data-element_type=\"widget\" data-widget_type=\"text-editor.default\">\n\t\t\t\t<div class=\"elementor-widget-container\">\n\t\t\t\t\t\t\t\t\t<p>A Pol\u00edcia Civil de Santa Catarina, por meio da Delegacia de Pol\u00edcia de Anita Garibaldi, efetuou, nesta ter\u00e7a-feira (21), a pris\u00e3o de um indiv\u00edduo investigado por viol\u00eancia dom\u00e9stica contra sua ex-mulher e ex-sogra no munic\u00edpio de Anita Garibaldi.<\/p>\n<p>A ex-mulher procurou a Pol\u00edcia Civil para relatar agress\u00f5es e amea\u00e7as que havia sofrido em raz\u00e3o do fim do relacionamento. Durante as festas de final de ano, o agressor abordou a v\u00edtima na sa\u00edda do evento e come\u00e7ou a agredi-la. A m\u00e3e da v\u00edtima tamb\u00e9m foi atacada e sofreu uma fratura no bra\u00e7o.&nbsp;<span style=\"font-family: var( --e-global-typography-text-font-family ), Sans-serif; font-size: var( --e-global-typography-text-font-size );\">Foram concedidas medidas protetivas para evitar a aproxima\u00e7\u00e3o do agressor. No entanto, as restri\u00e7\u00f5es n\u00e3o foram obedecidas e a persegui\u00e7\u00e3o contra a ex-mulher continuou.<\/span><\/p>\n<p>Iniciadas as investiga\u00e7\u00f5es, verificou-se que o indiv\u00edduo possu\u00eda um extenso registro de ocorr\u00eancias policiais envolvendo viol\u00eancia dom\u00e9stica contra a v\u00edtima. O homem j\u00e1 respondia a inqu\u00e9rito policial por les\u00e3o corporal e restri\u00e7\u00f5es impostas com base na lei Maria da Penha.<\/p>\n<p>A viola\u00e7\u00e3o das restri\u00e7\u00f5es foi comprovada e a autoridade policial representou pela pris\u00e3o preventiva do investigado. Deferido o pedido pelo Poder Judici\u00e1rio, a pris\u00e3o do indiv\u00edduo foi efetivada e levada para a Delegacia de Pol\u00edcia. Formalizados os procedimentos legais, foi encaminhado ao Sistema Penitenci\u00e1rio onde ficar\u00e1 \u00e0 disposi\u00e7\u00e3o da Justi\u00e7a. O inqu\u00e9rito policial ser\u00e1 conclu\u00eddo nos pr\u00f3ximos dias.<\/p>\t\t\t\t\t\t\t\t<\/div>\n\t\t\t\t<\/div>\n\t\t\t\t\t<\/div>\n\t\t<\/div>\n\t\t\t\t\t<\/div>\n\t\t<\/section>\n\t\t\t\t<\/div>\n\t\t","protected":false},"excerpt":{"rendered":"<p>Em Anita Garibaldi, PCSC prende investigado pelo crime de viol\u00eancia dom\u00e9stica praticado contra ex-mulher e ex-sogra A Pol\u00edcia Civil de Santa Catarina, por meio da Delegacia de Pol\u00edcia de Anita Garibaldi, efetuou, nesta ter\u00e7a-feira (21), a pris\u00e3o de um indiv\u00edduo investigado por viol\u00eancia dom\u00e9stica contra sua ex-mulher e ex-sogra no munic\u00edpio de Anita Garibaldi. A [&hellip;]<\/p>\n","protected":false},"author":5,"featured_media":24517,"comment_status":"closed","ping_status":"open","sticky":false,"template":"","format":"standard","meta":{"_monsterinsights_skip_tracking":false,"_monsterinsights_sitenote_active":false,"_monsterinsights_sitenote_note":"","_monsterinsights_sitenote_category":0,"footnotes":""},"categories":[1],"tags":[],"class_list":["post-26057","post","type-post","status-publish","format-standard","has-post-thumbnail","hentry","category-sem-categoria"],"_links":{"self":[{"href":"https:\/\/pc.sc.gov.br\/index.php?rest_route=\/wp\/v2\/posts\/26057","targetHints":{"allow":["GET"]}}],"collection":[{"href":"https:\/\/pc.sc.gov.br\/index.php?rest_route=\/wp\/v2\/posts"}],"about":[{"href":"https:\/\/pc.sc.gov.br\/index.php?rest_route=\/wp\/v2\/types\/post"}],"author":[{"embeddable":true,"href":"https:\/\/pc.sc.gov.br\/index.php?rest_route=\/wp\/v2\/users\/5"}],"replies":[{"embeddable":true,"href":"https:\/\/pc.sc.gov.br\/index.php?rest_route=%2Fwp%2Fv2%2Fcomments&post=26057"}],"version-history":[{"count":5,"href":"https:\/\/pc.sc.gov.br\/index.php?rest_route=\/wp\/v2\/posts\/26057\/revisions"}],"predecessor-version":[{"id":26062,"href":"https:\/\/pc.sc.gov.br\/index.php?rest_route=\/wp\/v2\/posts\/26057\/revisions\/26062"}],"wp:featuredmedia":[{"embeddable":true,"href":"https:\/\/pc.sc.gov.br\/index.php?rest_route=\/wp\/v2\/media\/24517"}],"wp:attachment":[{"href":"https:\/\/pc.sc.gov.br\/index.php?rest_route=%2Fwp%2Fv2%2Fmedia&parent=26057"}],"wp:term":[{"taxonomy":"category","embeddable":true,"href":"https:\/\/pc.sc.gov.br\/index.php?rest_route=%2Fwp%2Fv2%2Fcategories&post=26057"},{"taxonomy":"post_tag","embeddable":true,"href":"https:\/\/pc.sc.gov.br\/index.php?rest_route=%2Fwp%2Fv2%2Ftags&post=26057"}],"curies":[{"name":"wp","href":"https:\/\/api.w.org\/{rel}","templated":true}]}}