{"id":26072,"date":"2025-01-22T14:34:35","date_gmt":"2025-01-22T17:34:35","guid":{"rendered":"https:\/\/pc.sc.gov.br\/?p=26072"},"modified":"2025-01-22T14:35:29","modified_gmt":"2025-01-22T17:35:29","slug":"policias-civil-e-militar-deflagram-acao-conjunta-contra-o-trafico-de-drogas-em-canasvieiras-na-capital","status":"publish","type":"post","link":"https:\/\/pc.sc.gov.br\/?p=26072","title":{"rendered":"Pol\u00edcias Civil e Militar deflagram a\u00e7\u00e3o conjunta contra o tr\u00e1fico de drogas em Canasvieiras, na Capital"},"content":{"rendered":"\t\t<div data-elementor-type=\"wp-post\" data-elementor-id=\"26072\" class=\"elementor elementor-26072\" data-elementor-post-type=\"post\">\n\t\t\t\t\t\t<section class=\"elementor-section elementor-top-section elementor-element elementor-element-870d607 elementor-section-boxed elementor-section-height-default elementor-section-height-default\" data-id=\"870d607\" data-element_type=\"section\">\n\t\t\t\t\t\t<div class=\"elementor-container elementor-column-gap-default\">\n\t\t\t\t\t<div class=\"elementor-column elementor-col-100 elementor-top-column elementor-element elementor-element-0e5f7eb\" data-id=\"0e5f7eb\" data-element_type=\"column\">\n\t\t\t<div class=\"elementor-widget-wrap elementor-element-populated\">\n\t\t\t\t\t\t<div class=\"elementor-element elementor-element-93a92bd elementor-widget elementor-widget-heading\" data-id=\"93a92bd\" data-element_type=\"widget\" data-widget_type=\"heading.default\">\n\t\t\t\t<div class=\"elementor-widget-container\">\n\t\t\t\t\t<h2 class=\"elementor-heading-title elementor-size-default\">Pol\u00edcias Civil e Militar deflagram a\u00e7\u00e3o conjunta contra o tr\u00e1fico de drogas em Canasvieiras, na Capital <\/h2>\t\t\t\t<\/div>\n\t\t\t\t<\/div>\n\t\t\t\t\t<\/div>\n\t\t<\/div>\n\t\t\t\t\t<\/div>\n\t\t<\/section>\n\t\t\t\t<section class=\"elementor-section elementor-top-section elementor-element elementor-element-110f1ab elementor-section-boxed elementor-section-height-default elementor-section-height-default\" data-id=\"110f1ab\" data-element_type=\"section\">\n\t\t\t\t\t\t<div class=\"elementor-container elementor-column-gap-default\">\n\t\t\t\t\t<div class=\"elementor-column elementor-col-100 elementor-top-column elementor-element elementor-element-0c10298\" data-id=\"0c10298\" data-element_type=\"column\">\n\t\t\t<div class=\"elementor-widget-wrap elementor-element-populated\">\n\t\t\t\t\t\t<div class=\"elementor-element elementor-element-15bb5d4 elementor-widget elementor-widget-image\" data-id=\"15bb5d4\" data-element_type=\"widget\" data-widget_type=\"image.default\">\n\t\t\t\t<div class=\"elementor-widget-container\">\n\t\t\t\t\t\t\t\t\t\t\t\t\t\t\t<img fetchpriority=\"high\" decoding=\"async\" width=\"696\" height=\"504\" src=\"https:\/\/pc.sc.gov.br\/\/wp-content\/uploads\/2025\/01\/WhatsApp-Image-2024-10-23-at-20.23.01-1024x742.jpeg\" class=\"attachment-large size-large wp-image-25838\" alt=\"\" srcset=\"https:\/\/pc.sc.gov.br\/\/wp-content\/uploads\/2025\/01\/WhatsApp-Image-2024-10-23-at-20.23.01-1024x742.jpeg 1024w, https:\/\/pc.sc.gov.br\/\/wp-content\/uploads\/2025\/01\/WhatsApp-Image-2024-10-23-at-20.23.01-300x217.jpeg 300w, https:\/\/pc.sc.gov.br\/\/wp-content\/uploads\/2025\/01\/WhatsApp-Image-2024-10-23-at-20.23.01-768x556.jpeg 768w, https:\/\/pc.sc.gov.br\/\/wp-content\/uploads\/2025\/01\/WhatsApp-Image-2024-10-23-at-20.23.01.jpeg 1179w\" sizes=\"(max-width: 696px) 100vw, 696px\" \/>\t\t\t\t\t\t\t\t\t\t\t\t\t\t\t<\/div>\n\t\t\t\t<\/div>\n\t\t\t\t\t<\/div>\n\t\t<\/div>\n\t\t\t\t\t<\/div>\n\t\t<\/section>\n\t\t\t\t<section class=\"elementor-section elementor-top-section elementor-element elementor-element-864b27f elementor-section-boxed elementor-section-height-default elementor-section-height-default\" data-id=\"864b27f\" data-element_type=\"section\">\n\t\t\t\t\t\t<div class=\"elementor-container elementor-column-gap-default\">\n\t\t\t\t\t<div class=\"elementor-column elementor-col-100 elementor-top-column elementor-element elementor-element-02c5601\" data-id=\"02c5601\" data-element_type=\"column\">\n\t\t\t<div class=\"elementor-widget-wrap elementor-element-populated\">\n\t\t\t\t\t\t<div class=\"elementor-element elementor-element-ae1b7e4 elementor-widget elementor-widget-text-editor\" data-id=\"ae1b7e4\" data-element_type=\"widget\" data-widget_type=\"text-editor.default\">\n\t\t\t\t<div class=\"elementor-widget-container\">\n\t\t\t\t\t\t\t\t\t<p>A Pol\u00edcia Civil de Santa Catarina, por meio da Delegacia de Combate ao Tr\u00e1fico de Drogas (DECOD) da Capital, e a Pol\u00edcia Militar de Santa Catarina realizaram, nesta ter\u00e7a-feira (21\/01), uma opera\u00e7\u00e3o conjunta contra o tr\u00e1fico de drogas na regi\u00e3o de Canasvieiras, norte da Ilha. A iniciativa resultou na pris\u00e3o em flagrante de um suspeito. \u00a0<\/p><p>As investiga\u00e7\u00f5es conduzidas pela Pol\u00edcia Judici\u00e1ria, por meio da DECOD, inclu\u00edram levantamentos de intelig\u00eancia e observa\u00e7\u00f5es veladas, fundamentais para a identifica\u00e7\u00e3o do alvo. J\u00e1 as equipes ostensivas da Pol\u00edcia Militar, respons\u00e1veis pelo patrulhamento da \u00e1rea, executaram com efici\u00eancia as abordagens operacionais, localizando e detendo o envolvido. Em seguida, o suspeito foi conduzido \u00e0 unidade especializada, onde foi lavrado o auto de pris\u00e3o em flagrante.<\/p><p>Apesar de a a\u00e7\u00e3o ser pontual nesta ter\u00e7a-feira, h\u00e1 a expectativa de continuidade das opera\u00e7\u00f5es conjuntas, com o objetivo de combater de forma sistem\u00e1tica o tr\u00e1fico de drogas e outras atividades il\u00edcitas na regi\u00e3o.<\/p>\t\t\t\t\t\t\t\t<\/div>\n\t\t\t\t<\/div>\n\t\t\t\t\t<\/div>\n\t\t<\/div>\n\t\t\t\t\t<\/div>\n\t\t<\/section>\n\t\t\t\t<\/div>\n\t\t","protected":false},"excerpt":{"rendered":"<p>Pol\u00edcias Civil e Militar deflagram a\u00e7\u00e3o conjunta contra o tr\u00e1fico de drogas em Canasvieiras, na Capital A Pol\u00edcia Civil de Santa Catarina, por meio da Delegacia de Combate ao Tr\u00e1fico de Drogas (DECOD) da Capital, e a Pol\u00edcia Militar de Santa Catarina realizaram, nesta ter\u00e7a-feira (21\/01), uma opera\u00e7\u00e3o conjunta contra o tr\u00e1fico de drogas na [&hellip;]<\/p>\n","protected":false},"author":5,"featured_media":25838,"comment_status":"closed","ping_status":"open","sticky":false,"template":"","format":"standard","meta":{"_monsterinsights_skip_tracking":false,"_monsterinsights_sitenote_active":false,"_monsterinsights_sitenote_note":"","_monsterinsights_sitenote_category":0,"footnotes":""},"categories":[1],"tags":[],"class_list":["post-26072","post","type-post","status-publish","format-standard","has-post-thumbnail","hentry","category-sem-categoria"],"_links":{"self":[{"href":"https:\/\/pc.sc.gov.br\/index.php?rest_route=\/wp\/v2\/posts\/26072","targetHints":{"allow":["GET"]}}],"collection":[{"href":"https:\/\/pc.sc.gov.br\/index.php?rest_route=\/wp\/v2\/posts"}],"about":[{"href":"https:\/\/pc.sc.gov.br\/index.php?rest_route=\/wp\/v2\/types\/post"}],"author":[{"embeddable":true,"href":"https:\/\/pc.sc.gov.br\/index.php?rest_route=\/wp\/v2\/users\/5"}],"replies":[{"embeddable":true,"href":"https:\/\/pc.sc.gov.br\/index.php?rest_route=%2Fwp%2Fv2%2Fcomments&post=26072"}],"version-history":[{"count":4,"href":"https:\/\/pc.sc.gov.br\/index.php?rest_route=\/wp\/v2\/posts\/26072\/revisions"}],"predecessor-version":[{"id":26076,"href":"https:\/\/pc.sc.gov.br\/index.php?rest_route=\/wp\/v2\/posts\/26072\/revisions\/26076"}],"wp:featuredmedia":[{"embeddable":true,"href":"https:\/\/pc.sc.gov.br\/index.php?rest_route=\/wp\/v2\/media\/25838"}],"wp:attachment":[{"href":"https:\/\/pc.sc.gov.br\/index.php?rest_route=%2Fwp%2Fv2%2Fmedia&parent=26072"}],"wp:term":[{"taxonomy":"category","embeddable":true,"href":"https:\/\/pc.sc.gov.br\/index.php?rest_route=%2Fwp%2Fv2%2Fcategories&post=26072"},{"taxonomy":"post_tag","embeddable":true,"href":"https:\/\/pc.sc.gov.br\/index.php?rest_route=%2Fwp%2Fv2%2Ftags&post=26072"}],"curies":[{"name":"wp","href":"https:\/\/api.w.org\/{rel}","templated":true}]}}