{"id":26077,"date":"2025-01-22T14:39:56","date_gmt":"2025-01-22T17:39:56","guid":{"rendered":"https:\/\/pc.sc.gov.br\/?p=26077"},"modified":"2025-01-22T14:41:34","modified_gmt":"2025-01-22T17:41:34","slug":"em-imbituba-acao-conjunta-da-pcsc-e-pmsc-resulta-na-prisao-de-foragido-e-no-resgate-de-vitima-de-carcere-privado","status":"publish","type":"post","link":"https:\/\/pc.sc.gov.br\/?p=26077","title":{"rendered":"Em Imbituba, a\u00e7\u00e3o conjunta da PCSC e PMSC resulta na pris\u00e3o de foragido e no resgate de v\u00edtima de c\u00e1rcere privado"},"content":{"rendered":"\t\t<div data-elementor-type=\"wp-post\" data-elementor-id=\"26077\" class=\"elementor elementor-26077\" data-elementor-post-type=\"post\">\n\t\t\t\t\t\t<section class=\"elementor-section elementor-top-section elementor-element elementor-element-9f510f7 elementor-section-boxed elementor-section-height-default elementor-section-height-default\" data-id=\"9f510f7\" data-element_type=\"section\">\n\t\t\t\t\t\t<div class=\"elementor-container elementor-column-gap-default\">\n\t\t\t\t\t<div class=\"elementor-column elementor-col-100 elementor-top-column elementor-element elementor-element-4eb7c49\" data-id=\"4eb7c49\" data-element_type=\"column\">\n\t\t\t<div class=\"elementor-widget-wrap elementor-element-populated\">\n\t\t\t\t\t\t<div class=\"elementor-element elementor-element-e686ea7 elementor-widget elementor-widget-heading\" data-id=\"e686ea7\" data-element_type=\"widget\" data-widget_type=\"heading.default\">\n\t\t\t\t<div class=\"elementor-widget-container\">\n\t\t\t\t\t<h2 class=\"elementor-heading-title elementor-size-default\">Em Imbituba, a\u00e7\u00e3o conjunta da PCSC e PMSC resulta na pris\u00e3o de foragido e no resgate de v\u00edtima de c\u00e1rcere privado<\/h2>\t\t\t\t<\/div>\n\t\t\t\t<\/div>\n\t\t\t\t\t<\/div>\n\t\t<\/div>\n\t\t\t\t\t<\/div>\n\t\t<\/section>\n\t\t\t\t<section class=\"elementor-section elementor-top-section elementor-element elementor-element-45dc5b2 elementor-section-boxed elementor-section-height-default elementor-section-height-default\" data-id=\"45dc5b2\" data-element_type=\"section\">\n\t\t\t\t\t\t<div class=\"elementor-container elementor-column-gap-default\">\n\t\t\t\t\t<div class=\"elementor-column elementor-col-100 elementor-top-column elementor-element elementor-element-fc8f9f1\" data-id=\"fc8f9f1\" data-element_type=\"column\">\n\t\t\t<div class=\"elementor-widget-wrap elementor-element-populated\">\n\t\t\t\t\t\t<div class=\"elementor-element elementor-element-ffc8085 elementor-widget elementor-widget-image\" data-id=\"ffc8085\" data-element_type=\"widget\" data-widget_type=\"image.default\">\n\t\t\t\t<div class=\"elementor-widget-container\">\n\t\t\t\t\t\t\t\t\t\t\t\t\t\t\t<img fetchpriority=\"high\" decoding=\"async\" width=\"696\" height=\"463\" src=\"https:\/\/pc.sc.gov.br\/\/wp-content\/uploads\/2025\/01\/MOTEL-INTERDITADO-fotor-2025011417401.jpg\" class=\"attachment-large size-large wp-image-25920\" alt=\"\" srcset=\"https:\/\/pc.sc.gov.br\/\/wp-content\/uploads\/2025\/01\/MOTEL-INTERDITADO-fotor-2025011417401.jpg 756w, https:\/\/pc.sc.gov.br\/\/wp-content\/uploads\/2025\/01\/MOTEL-INTERDITADO-fotor-2025011417401-300x200.jpg 300w\" sizes=\"(max-width: 696px) 100vw, 696px\" \/>\t\t\t\t\t\t\t\t\t\t\t\t\t\t\t<\/div>\n\t\t\t\t<\/div>\n\t\t\t\t\t<\/div>\n\t\t<\/div>\n\t\t\t\t\t<\/div>\n\t\t<\/section>\n\t\t\t\t<section class=\"elementor-section elementor-top-section elementor-element elementor-element-1051eab elementor-section-boxed elementor-section-height-default elementor-section-height-default\" data-id=\"1051eab\" data-element_type=\"section\">\n\t\t\t\t\t\t<div class=\"elementor-container elementor-column-gap-default\">\n\t\t\t\t\t<div class=\"elementor-column elementor-col-100 elementor-top-column elementor-element elementor-element-2a0448b\" data-id=\"2a0448b\" data-element_type=\"column\">\n\t\t\t<div class=\"elementor-widget-wrap elementor-element-populated\">\n\t\t\t\t\t\t<div class=\"elementor-element elementor-element-a102e7e elementor-widget elementor-widget-text-editor\" data-id=\"a102e7e\" data-element_type=\"widget\" data-widget_type=\"text-editor.default\">\n\t\t\t\t<div class=\"elementor-widget-container\">\n\t\t\t\t\t\t\t\t\t<p>Em opera\u00e7\u00e3o conjunta, a PCSC e PMSC de Imbituba deflagraram uma opera\u00e7\u00e3o nesta quarta-feira (22) para o cumprimento de um mandado de busca e apreens\u00e3o contra suspeito de manter a mulher em c\u00e1rcere privado na cidade de Imbituba. A opera\u00e7\u00e3o resultou na pris\u00e3o em flagrante do autor.<\/p>\n<p>Ainvestiga\u00e7\u00e3o come\u00e7ou ontem (21) quando a Ag\u00eancia de Intelig\u00eancia e a Rede Catarina da PMSC e o N\u00facleo de Intelig\u00eancia da PCSC receberam a informa\u00e7\u00e3o de que um foragido do Estado de S\u00e3o Paulo estava mantendo em c\u00e1rcere privado uma mulher, em Imbituba.<\/p>\n<p>A partir dessas informa\u00e7\u00f5es, apurou-se que o envolvido recebeu o benef\u00edcio da sa\u00edda tempor\u00e1ria de fim de ano, no Estado de S\u00e3o Paulo e n\u00e3o teria retornado para continuidade do cumprimento da pena, ocasi\u00e3o em que se homiziou na cidade de Imbituba trazendo sua ex-companheira, onde mantinha ela trancada. As equipes policiais realizaram dilig\u00eancias que identificaram o local do cativeiro em que a v\u00edtima se encontrava.<\/p>\n<p>Com base nessas informa\u00e7\u00f5es, a Pol\u00edcia Civil representou pela busca e apreens\u00e3o no local, sendo analisada na tarde de ontem de forma c\u00e9lere pelo Minist\u00e9rio P\u00fablico e pelo Poder Judici\u00e1rio, ambos acompanhando a representa\u00e7\u00e3o da Pol\u00edcia Civil.<\/p>\n<p>Diante disso, as Pol\u00edcias Civil e Militar, ao cumprir o mandado de busca e apreens\u00e3o localizaram a v\u00edtima que se encontrava em situa\u00e7\u00e3o muito degradante, assim como na pris\u00e3o em flagrante do autor do fato.<\/p>\n<p>O sucesso no resgate da v\u00edtima demonstra o comprometimento de todas as institui\u00e7\u00f5es envolvidas, Pol\u00edcia Civil, Pol\u00edcia Militar, Minist\u00e9rio P\u00fablico e Poder Judici\u00e1rio, cada um em sua esfera de atua\u00e7\u00e3o. Importante ressaltar ainda a integra\u00e7\u00e3o dos \u00f3rg\u00e3os de seguran\u00e7a p\u00fablica que resultou na pris\u00e3o de um foragido e no acolhimento da v\u00edtima de c\u00e1rcere privado.<\/p>\t\t\t\t\t\t\t\t<\/div>\n\t\t\t\t<\/div>\n\t\t\t\t\t<\/div>\n\t\t<\/div>\n\t\t\t\t\t<\/div>\n\t\t<\/section>\n\t\t\t\t<\/div>\n\t\t","protected":false},"excerpt":{"rendered":"<p>Em Imbituba, a\u00e7\u00e3o conjunta da PCSC e PMSC resulta na pris\u00e3o de foragido e no resgate de v\u00edtima de c\u00e1rcere privado Em opera\u00e7\u00e3o conjunta, a PCSC e PMSC de Imbituba deflagraram uma opera\u00e7\u00e3o nesta quarta-feira (22) para o cumprimento de um mandado de busca e apreens\u00e3o contra suspeito de manter a mulher em c\u00e1rcere privado [&hellip;]<\/p>\n","protected":false},"author":5,"featured_media":25384,"comment_status":"closed","ping_status":"open","sticky":false,"template":"","format":"standard","meta":{"_monsterinsights_skip_tracking":false,"_monsterinsights_sitenote_active":false,"_monsterinsights_sitenote_note":"","_monsterinsights_sitenote_category":0,"footnotes":""},"categories":[1],"tags":[],"class_list":["post-26077","post","type-post","status-publish","format-standard","has-post-thumbnail","hentry","category-sem-categoria"],"_links":{"self":[{"href":"https:\/\/pc.sc.gov.br\/index.php?rest_route=\/wp\/v2\/posts\/26077","targetHints":{"allow":["GET"]}}],"collection":[{"href":"https:\/\/pc.sc.gov.br\/index.php?rest_route=\/wp\/v2\/posts"}],"about":[{"href":"https:\/\/pc.sc.gov.br\/index.php?rest_route=\/wp\/v2\/types\/post"}],"author":[{"embeddable":true,"href":"https:\/\/pc.sc.gov.br\/index.php?rest_route=\/wp\/v2\/users\/5"}],"replies":[{"embeddable":true,"href":"https:\/\/pc.sc.gov.br\/index.php?rest_route=%2Fwp%2Fv2%2Fcomments&post=26077"}],"version-history":[{"count":4,"href":"https:\/\/pc.sc.gov.br\/index.php?rest_route=\/wp\/v2\/posts\/26077\/revisions"}],"predecessor-version":[{"id":26081,"href":"https:\/\/pc.sc.gov.br\/index.php?rest_route=\/wp\/v2\/posts\/26077\/revisions\/26081"}],"wp:featuredmedia":[{"embeddable":true,"href":"https:\/\/pc.sc.gov.br\/index.php?rest_route=\/wp\/v2\/media\/25384"}],"wp:attachment":[{"href":"https:\/\/pc.sc.gov.br\/index.php?rest_route=%2Fwp%2Fv2%2Fmedia&parent=26077"}],"wp:term":[{"taxonomy":"category","embeddable":true,"href":"https:\/\/pc.sc.gov.br\/index.php?rest_route=%2Fwp%2Fv2%2Fcategories&post=26077"},{"taxonomy":"post_tag","embeddable":true,"href":"https:\/\/pc.sc.gov.br\/index.php?rest_route=%2Fwp%2Fv2%2Ftags&post=26077"}],"curies":[{"name":"wp","href":"https:\/\/api.w.org\/{rel}","templated":true}]}}