{"id":26086,"date":"2025-01-22T17:55:21","date_gmt":"2025-01-22T20:55:21","guid":{"rendered":"https:\/\/pc.sc.gov.br\/?p=26086"},"modified":"2025-01-22T17:56:28","modified_gmt":"2025-01-22T20:56:28","slug":"pcsc-localiza-e-prende-homem-que-estuprou-idosa-de-88-anos-em-passo-de-torres","status":"publish","type":"post","link":"https:\/\/pc.sc.gov.br\/?p=26086","title":{"rendered":"PCSC localiza e prende homem que estuprou idosa de 88 anos em Passo de Torres"},"content":{"rendered":"\t\t<div data-elementor-type=\"wp-post\" data-elementor-id=\"26086\" class=\"elementor elementor-26086\" data-elementor-post-type=\"post\">\n\t\t\t\t\t\t<section class=\"elementor-section elementor-top-section elementor-element elementor-element-824689c elementor-section-boxed elementor-section-height-default elementor-section-height-default\" data-id=\"824689c\" data-element_type=\"section\">\n\t\t\t\t\t\t<div class=\"elementor-container elementor-column-gap-default\">\n\t\t\t\t\t<div class=\"elementor-column elementor-col-100 elementor-top-column elementor-element elementor-element-e335309\" data-id=\"e335309\" data-element_type=\"column\">\n\t\t\t<div class=\"elementor-widget-wrap elementor-element-populated\">\n\t\t\t\t\t\t<div class=\"elementor-element elementor-element-31df7d4 elementor-widget elementor-widget-heading\" data-id=\"31df7d4\" data-element_type=\"widget\" data-widget_type=\"heading.default\">\n\t\t\t\t<div class=\"elementor-widget-container\">\n\t\t\t\t\t<h2 class=\"elementor-heading-title elementor-size-default\">PCSC localiza e prende homem que estuprou idosa de 88 anos em Passo de Torres<\/h2>\t\t\t\t<\/div>\n\t\t\t\t<\/div>\n\t\t\t\t\t<\/div>\n\t\t<\/div>\n\t\t\t\t\t<\/div>\n\t\t<\/section>\n\t\t\t\t<section class=\"elementor-section elementor-top-section elementor-element elementor-element-a9f957c elementor-section-boxed elementor-section-height-default elementor-section-height-default\" data-id=\"a9f957c\" data-element_type=\"section\">\n\t\t\t\t\t\t<div class=\"elementor-container elementor-column-gap-default\">\n\t\t\t\t\t<div class=\"elementor-column elementor-col-100 elementor-top-column elementor-element elementor-element-3f37bbd\" data-id=\"3f37bbd\" data-element_type=\"column\">\n\t\t\t<div class=\"elementor-widget-wrap elementor-element-populated\">\n\t\t\t\t\t\t<div class=\"elementor-element elementor-element-0239b6b elementor-widget elementor-widget-image\" data-id=\"0239b6b\" data-element_type=\"widget\" data-widget_type=\"image.default\">\n\t\t\t\t<div class=\"elementor-widget-container\">\n\t\t\t\t\t\t\t\t\t\t\t\t\t\t\t<img fetchpriority=\"high\" decoding=\"async\" width=\"696\" height=\"522\" src=\"https:\/\/pc.sc.gov.br\/\/wp-content\/uploads\/2024\/12\/WhatsApp-Image-2024-08-02-at-16.53.34.jpeg\" class=\"attachment-large size-large wp-image-25011\" alt=\"\" srcset=\"https:\/\/pc.sc.gov.br\/\/wp-content\/uploads\/2024\/12\/WhatsApp-Image-2024-08-02-at-16.53.34.jpeg 768w, https:\/\/pc.sc.gov.br\/\/wp-content\/uploads\/2024\/12\/WhatsApp-Image-2024-08-02-at-16.53.34-300x225.jpeg 300w\" sizes=\"(max-width: 696px) 100vw, 696px\" \/>\t\t\t\t\t\t\t\t\t\t\t\t\t\t\t<\/div>\n\t\t\t\t<\/div>\n\t\t\t\t\t<\/div>\n\t\t<\/div>\n\t\t\t\t\t<\/div>\n\t\t<\/section>\n\t\t\t\t<section class=\"elementor-section elementor-top-section elementor-element elementor-element-72388c6 elementor-section-boxed elementor-section-height-default elementor-section-height-default\" data-id=\"72388c6\" data-element_type=\"section\">\n\t\t\t\t\t\t<div class=\"elementor-container elementor-column-gap-default\">\n\t\t\t\t\t<div class=\"elementor-column elementor-col-100 elementor-top-column elementor-element elementor-element-7c7712e\" data-id=\"7c7712e\" data-element_type=\"column\">\n\t\t\t<div class=\"elementor-widget-wrap elementor-element-populated\">\n\t\t\t\t\t\t<div class=\"elementor-element elementor-element-4f5b497 elementor-widget elementor-widget-text-editor\" data-id=\"4f5b497\" data-element_type=\"widget\" data-widget_type=\"text-editor.default\">\n\t\t\t\t<div class=\"elementor-widget-container\">\n\t\t\t\t\t\t\t\t\t<p>A Pol\u00edcia Civil do Estado de Santa Catarina, por meio da Delegacia de Pol\u00edcia de Passo de Torres, informa que nesta quarta-feira (22) foi realizada a pris\u00e3o de um homem suspeito de cometer crimes de estupro e amea\u00e7a contra uma idosa de 88 anos.<\/p><p>Os fatos ocorreram na noite do \u00faltimo domingo (19\/01), quando o suspeito, genro da v\u00edtima, invadiu a resid\u00eancia, agrediu-a, cometeu o crime sexual e a amea\u00e7ou de morte. O registro do boletim de ocorr\u00eancia foi realizado no dia seguinte, momento em que a Pol\u00edcia Civil iniciou as dilig\u00eancias investigativas.<\/p><p>A investiga\u00e7\u00e3o, conduzida com prioridade em virtude da gravidade do caso, culminou na representa\u00e7\u00e3o pela pris\u00e3o preventiva do investigado, prontamente deferida pelo Poder Judici\u00e1rio. No mesmo dia, ap\u00f3s dilig\u00eancias realizadas por equipes da Pol\u00edcia Civil, o suspeito foi localizado e preso.<\/p><p>O laudo pericial confirmou a materialidade do crime, e o trabalho investigativo reuniu elementos robustos que justificaram a decreta\u00e7\u00e3o da medida cautelar extrema.<\/p><p>A Pol\u00edcia Civil reafirma seu compromisso com a prote\u00e7\u00e3o dos mais vulner\u00e1veis e a busca pela justi\u00e7a, destacando que casos como este s\u00e3o tratados com o m\u00e1ximo rigor e empenho por toda a equipe. Entre a expedi\u00e7\u00e3o do mandado de pris\u00e3o e o seu cumprimento passou-se uma hora e meia. Mais informa\u00e7\u00f5es sobre o caso n\u00e3o ser\u00e3o divulgadas no momento, em respeito \u00e0 v\u00edtima.<\/p>\t\t\t\t\t\t\t\t<\/div>\n\t\t\t\t<\/div>\n\t\t\t\t\t<\/div>\n\t\t<\/div>\n\t\t\t\t\t<\/div>\n\t\t<\/section>\n\t\t\t\t<\/div>\n\t\t","protected":false},"excerpt":{"rendered":"<p>PCSC localiza e prende homem que estuprou idosa de 88 anos em Passo de Torres A Pol\u00edcia Civil do Estado de Santa Catarina, por meio da Delegacia de Pol\u00edcia de Passo de Torres, informa que nesta quarta-feira (22) foi realizada a pris\u00e3o de um homem suspeito de cometer crimes de estupro e amea\u00e7a contra uma [&hellip;]<\/p>\n","protected":false},"author":5,"featured_media":24109,"comment_status":"closed","ping_status":"open","sticky":false,"template":"","format":"standard","meta":{"_monsterinsights_skip_tracking":false,"_monsterinsights_sitenote_active":false,"_monsterinsights_sitenote_note":"","_monsterinsights_sitenote_category":0,"footnotes":""},"categories":[1],"tags":[],"class_list":["post-26086","post","type-post","status-publish","format-standard","has-post-thumbnail","hentry","category-sem-categoria"],"_links":{"self":[{"href":"https:\/\/pc.sc.gov.br\/index.php?rest_route=\/wp\/v2\/posts\/26086","targetHints":{"allow":["GET"]}}],"collection":[{"href":"https:\/\/pc.sc.gov.br\/index.php?rest_route=\/wp\/v2\/posts"}],"about":[{"href":"https:\/\/pc.sc.gov.br\/index.php?rest_route=\/wp\/v2\/types\/post"}],"author":[{"embeddable":true,"href":"https:\/\/pc.sc.gov.br\/index.php?rest_route=\/wp\/v2\/users\/5"}],"replies":[{"embeddable":true,"href":"https:\/\/pc.sc.gov.br\/index.php?rest_route=%2Fwp%2Fv2%2Fcomments&post=26086"}],"version-history":[{"count":4,"href":"https:\/\/pc.sc.gov.br\/index.php?rest_route=\/wp\/v2\/posts\/26086\/revisions"}],"predecessor-version":[{"id":26090,"href":"https:\/\/pc.sc.gov.br\/index.php?rest_route=\/wp\/v2\/posts\/26086\/revisions\/26090"}],"wp:featuredmedia":[{"embeddable":true,"href":"https:\/\/pc.sc.gov.br\/index.php?rest_route=\/wp\/v2\/media\/24109"}],"wp:attachment":[{"href":"https:\/\/pc.sc.gov.br\/index.php?rest_route=%2Fwp%2Fv2%2Fmedia&parent=26086"}],"wp:term":[{"taxonomy":"category","embeddable":true,"href":"https:\/\/pc.sc.gov.br\/index.php?rest_route=%2Fwp%2Fv2%2Fcategories&post=26086"},{"taxonomy":"post_tag","embeddable":true,"href":"https:\/\/pc.sc.gov.br\/index.php?rest_route=%2Fwp%2Fv2%2Ftags&post=26086"}],"curies":[{"name":"wp","href":"https:\/\/api.w.org\/{rel}","templated":true}]}}